{"id":256514,"date":"2020-01-16T22:31:27","date_gmt":"2020-01-16T19:31:27","guid":{"rendered":"http:\/\/www.tvturk.com\/index.php\/avusturya-2020-turizm-fuari-viyanada-basladi\/"},"modified":"2020-01-16T22:31:27","modified_gmt":"2020-01-16T19:31:27","slug":"avusturya-2020-turizm-fuari-viyanada-basladi","status":"publish","type":"post","link":"http:\/\/www.tvturk.com\/index.php\/avusturya-2020-turizm-fuari-viyanada-basladi\/","title":{"rendered":"Avusturya 2020 Turizm Fuar\u0131 Viyana\u2019da ba\u015flad\u0131"},"content":{"rendered":"<p>Avusturya\u2019da d\u00fczenlenen Viyana 2020 Turizm Fuar\u0131, 50 \u00fclkeden yakla\u015f\u0131k 850 firman\u0131n kat\u0131l\u0131m\u0131yla ba\u015flad\u0131. Fuarda T\u00fcrkiye stand\u0131 b\u00fcy\u00fck ilgi g\u00f6rd\u00fc.<\/p>\n<p>Avusturya\u2019n\u0131n ba\u015fkentinde 16-19 Ocak tarihleri aras\u0131nda d\u00fczenlenen Viyana 2020 Turizm Fuar\u0131, 50 \u00fclkeden yakla\u015f\u0131k 850 firman\u0131n kat\u0131l\u0131m\u0131yla kap\u0131lar\u0131n\u0131 ziyaret\u00e7ilerine a\u00e7t\u0131. T\u00fcrkiye\u2019nin de stant a\u00e7t\u0131\u011f\u0131 fuara Viyana B\u00fcy\u00fckel\u00e7ili\u011fi Maslahatg\u00fczar\u0131 \u00d6zg\u00fcr G\u00f6kmen ve Viyana Ba\u015fkonsolosu Asip Kaya da kat\u0131ld\u0131. \u00dcrg\u00fcp Kaymakam\u0131 Mehmet Mara\u015fl\u0131 ve \u00dcrg\u00fcp Belediye Ba\u015fkan\u0131 Mehmet Akt\u00fcrk\u2019\u00fcn de bulundu\u011fu fuarda T\u00fcrkiye stand\u0131na ziyaret\u00e7iler b\u00fcy\u00fck ilgi g\u00f6sterdi. Fuarda, T\u00fcrkiye\u2019den K\u00fclt\u00fcr ve Turizm Bakanl\u0131\u011f\u0131 ile T\u00fcrk Hava Yollar\u0131 ba\u015fta olmak \u00fczere \u00dcrg\u00fcp Kaymakaml\u0131\u011f\u0131 ve \u00dcrg\u00fcp Belediyesi, oteller, seyahat acenteleri ile tur operat\u00f6rlerinin de aralar\u0131nda bulundu\u011fu \u00e7ok say\u0131da kat\u0131l\u0131mc\u0131 yer al\u0131yor.<\/p>\n<p>T\u00fcrkiye stand\u0131nda Kapadokya\u2019ya yo\u011fun ilgi<\/p>\n<p>\u00dcrg\u00fcp Belediye Ba\u015fkan\u0131 Mehmet Akt\u00fcrk bu y\u0131l ilk kez Viyana Turizm Fuar\u0131\u2019na kat\u0131ld\u0131klar\u0131n\u0131 belirterek, &#8220;Uluslararas\u0131 Viyana Turizm Fuar\u0131\u2019nda Kapadokya olarak bizler de stand\u0131m\u0131zda misafirlerimize 5 bin y\u0131ll\u0131k tarihi ile, do\u011fal g\u00fczellikleriyle bir harman olmu\u015f g\u00fczel Kapadokya\u2019m\u0131z\u0131 Avrupa\u2019daki insanlar\u0131m\u0131za tan\u0131t\u0131p onlar\u0131n da Kapadokya b\u00f6lgesine ziyaret\u00e7i olarak gelmelerine vesile olmak, b\u00f6lgemizi tan\u0131tmak amac\u0131yla buraday\u0131z&#8221; dedi. T\u00fcrkiye stand\u0131nda Kapadokya\u2019ya y\u00f6nelik ilginin b\u00fcy\u00fck oldu\u011funu dile getiren Akt\u00fcrk, &#8220;G\u00f6r\u00fcyoruz ki ilgi \u00e7ok g\u00fczel, fuar \u00e7ok kalabal\u0131k. \u0130n\u015fallah bizler de g\u00fczel bir \u015fekilde 3 g\u00fcn boyunca b\u00f6lgemizi g\u00fczel bir \u015fekilde tan\u0131t\u0131r\u0131z. Yakla\u015f\u0131k 3.5, 4 milyon insan a\u011f\u0131rlad\u0131\u011f\u0131m\u0131z y\u0131l boyu Kapadokya b\u00f6lgemizde neden Avrupal\u0131 misafirlerimizi de a\u011f\u0131rlamayal\u0131m diyorum. Hepsini o g\u00fczel co\u011frafyaya, o e\u015fsiz diyara davet ediyoruz&#8221; \u015feklinde konu\u015ftu.<\/p>\n<p>Akt\u00fcrk son y\u0131llarda Kapadokya\u2019ya gelen ziyaret\u00e7i say\u0131s\u0131nda b\u00fcy\u00fck bir ivme kaydettiklerini vurgulayarak, &#8220;Bakt\u0131\u011f\u0131m\u0131z zaman bizler son y\u0131llarda daha \u00e7ok uzak do\u011fu, \u00c7in, Japonya ve Hindistan pazar\u0131nda \u00e7ok \u00f6n plana \u00e7\u0131km\u0131\u015f durumunday\u0131z. Ama y\u0131llar boyu da Avrupa destinasyonu bizim en \u00e7ok \u00f6nemsedi\u011fimiz destinasyonlar\u0131n ba\u015f\u0131nda geliyor. Bizler Avrupal\u0131 misafirlerimizi daha \u00e7ok \u00f6nemsiyoruz. T\u00fcm b\u00f6lgeyi 150 \u00fclkeden misafir a\u011f\u0131rlayan bir b\u00f6lge olmam\u0131z sebebiyle Avrupal\u0131 misafirlerimizi de \u00e7ok \u00f6nemsedi\u011fimiz i\u00e7in bu fuarday\u0131z. Bu fuarda da in\u015fallah b\u00f6lgemizi en g\u00fczel \u015fekilde tan\u0131t\u0131p onlar\u0131n Kapadokya\u2019y\u0131 tercih etmelerini \u00e7ok istiyoruz&#8221; dedi.<\/p>\n<p>\u00d6te yandan Avusturya\u2019dan T\u00fcrkiye\u2019ye gelen turist say\u0131s\u0131nda 2018\u2019de y\u00fczde 24, 2019\u2019da ise y\u00fczde 13 art\u0131\u015f kaydedildi. Ge\u00e7ti\u011fimiz y\u0131l T\u00fcrkiye\u2019ye yakla\u015f\u0131k 400 bine yak\u0131n Avusturyal\u0131 turist gelmi\u015fti.<\/p>\n","protected":false},"excerpt":{"rendered":"<p>AVUSTURYA&#8217;DA D\u00dcZENLENEN V\u0130YANA 2020 TUR\u0130ZM FUARI, 50 \u00dcLKEDEN YAKLA\u015eIK 850 F\u0130RMANIN KATILIMIYLA BA\u015eLADI. FUARDA T\u00dcRK\u0130YE STANDI B\u00dcY\u00dcK \u0130LG\u0130 G\u00d6RD\u00dc.<\/p>\n","protected":false},"author":1,"featured_media":256515,"comment_status":"closed","ping_status":"open","sticky":false,"template":"","format":"standard","meta":{"jetpack_post_was_ever_published":false,"_jetpack_newsletter_access":"","_jetpack_dont_email_post_to_subs":false,"_jetpack_newsletter_tier_id":0,"_jetpack_memberships_contains_paywalled_content":false,"_jetpack_memberships_contains_paid_content":false,"footnotes":"","jetpack_publicize_message":"","jetpack_publicize_feature_enabled":true,"jetpack_social_post_already_shared":true,"jetpack_social_options":{"image_generator_settings":{"template":"highway","default_image_id":0,"font":"","enabled":false},"version":2}},"categories":[10],"tags":[11539,12083,55,2924,2184,25410],"class_list":["post-256514","post","type-post","status-publish","format-standard","has-post-thumbnail","hentry","category-dunya","tag-11539","tag-avusturya","tag-basladi","tag-fuari","tag-turizm","tag-viyanada"],"jetpack_publicize_connections":[],"jetpack_featured_media_url":"https:\/\/i0.wp.com\/www.tvturk.com\/wp-content\/uploads\/2020\/01\/avusturya-2020-turizm-fuari-viyanada-basladi_71f0806.jpg?fit=1000%2C666","jetpack_sharing_enabled":true,"jetpack_shortlink":"https:\/\/wp.me\/paKIfm-14Jk","_links":{"self":[{"href":"http:\/\/www.tvturk.com\/index.php\/wp-json\/wp\/v2\/posts\/256514","targetHints":{"allow":["GET"]}}],"collection":[{"href":"http:\/\/www.tvturk.com\/index.php\/wp-json\/wp\/v2\/posts"}],"about":[{"href":"http:\/\/www.tvturk.com\/index.php\/wp-json\/wp\/v2\/types\/post"}],"author":[{"embeddable":true,"href":"http:\/\/www.tvturk.com\/index.php\/wp-json\/wp\/v2\/users\/1"}],"replies":[{"embeddable":true,"href":"http:\/\/www.tvturk.com\/index.php\/wp-json\/wp\/v2\/comments?post=256514"}],"version-history":[{"count":0,"href":"http:\/\/www.tvturk.com\/index.php\/wp-json\/wp\/v2\/posts\/256514\/revisions"}],"wp:featuredmedia":[{"embeddable":true,"href":"http:\/\/www.tvturk.com\/index.php\/wp-json\/wp\/v2\/media\/256515"}],"wp:attachment":[{"href":"http:\/\/www.tvturk.com\/index.php\/wp-json\/wp\/v2\/media?parent=256514"}],"wp:term":[{"taxonomy":"category","embeddable":true,"href":"http:\/\/www.tvturk.com\/index.php\/wp-json\/wp\/v2\/categories?post=256514"},{"taxonomy":"post_tag","embeddable":true,"href":"http:\/\/www.tvturk.com\/index.php\/wp-json\/wp\/v2\/tags?post=256514"}],"curies":[{"name":"wp","href":"https:\/\/api.w.org\/{rel}","templated":true}]}}