{"id":256536,"date":"2020-01-17T00:01:36","date_gmt":"2020-01-16T21:01:36","guid":{"rendered":"http:\/\/www.tvturk.com\/index.php\/libyada-hafter-gucleri-sivilleri-hedef-aldi-6-olu\/"},"modified":"2020-01-17T00:01:36","modified_gmt":"2020-01-16T21:01:36","slug":"libyada-hafter-gucleri-sivilleri-hedef-aldi-6-olu","status":"publish","type":"post","link":"http:\/\/www.tvturk.com\/index.php\/libyada-hafter-gucleri-sivilleri-hedef-aldi-6-olu\/","title":{"rendered":"Libya\u2019da Hafter g\u00fc\u00e7leri sivilleri hedef ald\u0131: 6 \u00f6l\u00fc"},"content":{"rendered":"<p>Libya\u2019da darbeci general Halife Hafter\u2019e ba\u011fl\u0131 g\u00fc\u00e7lerin Trablus\u2019ta sivillere y\u00f6nelik d\u00fczenledi\u011fi sald\u0131r\u0131da 6 ki\u015finin hayat\u0131n\u0131 kaybetti\u011fi bildirildi.<\/p>\n<p>Libya h\u00fck\u00fcmeti taraf\u0131ndan yap\u0131lan a\u00e7\u0131klamada darbeci General Halife Hafter\u2019e ba\u011fl\u0131 g\u00fc\u00e7lerin, ba\u015fkent Trablus\u2019ta evlerine d\u00f6nen sivillere ate\u015f a\u00e7t\u0131klar\u0131 bildirildi. A\u00e7\u0131klamada sald\u0131r\u0131 sonucu 6 sivilin hayat\u0131n\u0131 kaybetti\u011fi, \u00f6lenlerin 2\u2019sinin kad\u0131n, 1\u2019inin de \u00e7ocuk oldu\u011fu belirtildi.<\/p>\n","protected":false},"excerpt":{"rendered":"<p>L\u0130BYA&#8217;DA DARBEC\u0130 GENERAL HAL\u0130FE HAFTER&#8217;E BA\u011eLI G\u00dc\u00c7LER\u0130N TRABLUS&#8217;TA S\u0130V\u0130LLERE Y\u00d6NEL\u0130K D\u00dcZENLED\u0130\u011e\u0130 SALDIRIDA 6 K\u0130\u015e\u0130N\u0130N HAYATINI KAYBETT\u0130\u011e\u0130 B\u0130LD\u0130R\u0130LD\u0130.<\/p>\n","protected":false},"author":1,"featured_media":256537,"comment_status":"closed","ping_status":"open","sticky":false,"template":"","format":"standard","meta":{"jetpack_post_was_ever_published":false,"_jetpack_newsletter_access":"","_jetpack_dont_email_post_to_subs":false,"_jetpack_newsletter_tier_id":0,"_jetpack_memberships_contains_paywalled_content":false,"_jetpack_memberships_contains_paid_content":false,"footnotes":"","jetpack_publicize_message":"","jetpack_publicize_feature_enabled":true,"jetpack_social_post_already_shared":true,"jetpack_social_options":{"image_generator_settings":{"template":"highway","default_image_id":0,"font":"","enabled":false},"version":2}},"categories":[10],"tags":[1075,14621,31150,2659,29970,1664,15409],"class_list":["post-256536","post","type-post","status-publish","format-standard","has-post-thumbnail","hentry","category-dunya","tag-aldi","tag-gucleri","tag-hafter","tag-hedef","tag-libyada","tag-olu","tag-sivilleri"],"jetpack_publicize_connections":[],"jetpack_featured_media_url":"https:\/\/i0.wp.com\/www.tvturk.com\/wp-content\/uploads\/2020\/01\/libyada-hafter-gucleri-sivilleri-hedef-aldi-6-olu_584fced.jpg?fit=960%2C720","jetpack_sharing_enabled":true,"jetpack_shortlink":"https:\/\/wp.me\/paKIfm-14JG","_links":{"self":[{"href":"http:\/\/www.tvturk.com\/index.php\/wp-json\/wp\/v2\/posts\/256536","targetHints":{"allow":["GET"]}}],"collection":[{"href":"http:\/\/www.tvturk.com\/index.php\/wp-json\/wp\/v2\/posts"}],"about":[{"href":"http:\/\/www.tvturk.com\/index.php\/wp-json\/wp\/v2\/types\/post"}],"author":[{"embeddable":true,"href":"http:\/\/www.tvturk.com\/index.php\/wp-json\/wp\/v2\/users\/1"}],"replies":[{"embeddable":true,"href":"http:\/\/www.tvturk.com\/index.php\/wp-json\/wp\/v2\/comments?post=256536"}],"version-history":[{"count":0,"href":"http:\/\/www.tvturk.com\/index.php\/wp-json\/wp\/v2\/posts\/256536\/revisions"}],"wp:featuredmedia":[{"embeddable":true,"href":"http:\/\/www.tvturk.com\/index.php\/wp-json\/wp\/v2\/media\/256537"}],"wp:attachment":[{"href":"http:\/\/www.tvturk.com\/index.php\/wp-json\/wp\/v2\/media?parent=256536"}],"wp:term":[{"taxonomy":"category","embeddable":true,"href":"http:\/\/www.tvturk.com\/index.php\/wp-json\/wp\/v2\/categories?post=256536"},{"taxonomy":"post_tag","embeddable":true,"href":"http:\/\/www.tvturk.com\/index.php\/wp-json\/wp\/v2\/tags?post=256536"}],"curies":[{"name":"wp","href":"https:\/\/api.w.org\/{rel}","templated":true}]}}