{"id":256540,"date":"2020-01-17T01:31:18","date_gmt":"2020-01-16T22:31:18","guid":{"rendered":"http:\/\/www.tvturk.com\/index.php\/hakkari-sehidinin-naasi-memleketi-zonguldaka-getirildi\/"},"modified":"2020-01-17T01:31:18","modified_gmt":"2020-01-16T22:31:18","slug":"hakkari-sehidinin-naasi-memleketi-zonguldaka-getirildi","status":"publish","type":"post","link":"http:\/\/www.tvturk.com\/index.php\/hakkari-sehidinin-naasi-memleketi-zonguldaka-getirildi\/","title":{"rendered":"Hakkari \u015fehidinin naa\u015f\u0131 memleketi Zonguldak\u2019a getirildi"},"content":{"rendered":"<p>Hakkari\u2019nin \u00c7ukurca il\u00e7esinde \u015fehit d\u00fc\u015fen 25 ya\u015f\u0131ndaki Piyade S\u00f6zle\u015fmeli Er Sait Miyanyedi\u2019nin T\u00fcrk Bayra\u011f\u0131\u2019na sar\u0131l\u0131 naa\u015f\u0131 TSK\u2019ya ait kargo u\u00e7a\u011f\u0131 ile Zonguldak Havaliman\u0131\u2019na getirildi.<\/p>\n<p>Hakkari\u2019nin \u00c7ukurca il\u00e7esi Bayrak Tepe \u00dcs B\u00f6lgesi\u2019nde b\u00f6l\u00fcc\u00fc ter\u00f6r \u00f6rg\u00fct\u00fc mensuplar\u0131n\u0131n s\u0131zma noktalar\u0131na kar\u015f\u0131 yapt\u0131r\u0131lan el bombas\u0131 at\u0131\u015f e\u011fitiminde kaza sonucu meydana gelen el bombas\u0131 patlamas\u0131 nedeniyle \u015fehit d\u00fc\u015fen 25 ya\u015f\u0131ndaki Piyade S\u00f6zle\u015fmeli Er Sait Miyanyedi\u2019nin naa\u015f\u0131 TSK\u2019ya ait kargo u\u00e7a\u011f\u0131yla Zonguldak\u2019a getirildi. Gece saat 00.00\u2019da Zonguldak\u2019a ini\u015f yapan u\u00e7aktan al\u0131nan \u015fehidin naa\u015f\u0131 cenaze arac\u0131na ta\u015f\u0131nd\u0131.<\/p>\n<p>Cenaze t\u00f6reninde Zonguldak Valisi Erdo\u011fan Bekta\u015f, Garnizon Komutan\u0131 Ayhan Kafal\u0131, \u0130l\u00e7e Kaymakamlar\u0131, Belediye Ba\u015fkanlar\u0131, \u0130l Jandarma Komutan\u0131 K\u0131demli Albay G\u00f6nen S\u00fcsl\u00fc, \u0130l Emniyet M\u00fcd\u00fcr\u00fc Metin Turanl\u0131 ve protokol \u00fcyeleri kat\u0131ld\u0131. \u015eehidin naa\u015f\u0131 askerlerin omuzlar\u0131nda ta\u015f\u0131nd\u0131\u011f\u0131 s\u0131rada apronda bulunan yak\u0131nlar\u0131 feryat ederek g\u00f6zya\u015f\u0131 d\u00f6kt\u00fc.<\/p>\n<p>Anne Naciye, baba Sat\u0131lm\u0131\u015f ve karde\u015fi Nazmi Miyanyedi kar\u015f\u0131lama t\u00f6reninde g\u00fc\u00e7l\u00fckle ayakta durabildi. Yap\u0131lan dualar\u0131n ard\u0131ndan \u015fehidin naa\u015f\u0131 \u00c7aycuma Devlet Hastanesi morguna g\u00f6t\u00fcr\u00fcld\u00fc. \u015eehit Piyade Er Sait Miyanyedi\u2019nin cenazesi 17 Ocak 2019 g\u00fcn\u00fc \u00f6\u011flen namaz\u0131n\u0131 m\u00fcteakiben \u00c7aycuma Pazaryeri\u2019nde k\u0131l\u0131nacak cenaze namaz\u0131n\u0131n ard\u0131ndan aile kabristanl\u0131\u011f\u0131nda topra\u011fa verilecek.<\/p>\n","protected":false},"excerpt":{"rendered":"<p>HAKKAR\u0130&#8217;N\u0130N \u00c7UKURCA \u0130L\u00c7ES\u0130NDE \u015eEH\u0130T D\u00dc\u015eEN 25 YA\u015eINDAK\u0130 P\u0130YADE S\u00d6ZLE\u015eMEL\u0130 ER SA\u0130T M\u0130YANYED\u0130&#8217;N\u0130N T\u00dcRK BAYRA\u011eI&#8217;NA SARILI NAA\u015eI TSK&#8217;YA A\u0130T KARGO U\u00c7A\u011eI \u0130LE ZONGULDAK HAVAL\u0130MANI&#8217;NA GET\u0130R\u0130LD\u0130.<\/p>\n","protected":false},"author":1,"featured_media":256541,"comment_status":"closed","ping_status":"open","sticky":false,"template":"","format":"standard","meta":{"jetpack_post_was_ever_published":false,"_jetpack_newsletter_access":"","_jetpack_dont_email_post_to_subs":false,"_jetpack_newsletter_tier_id":0,"_jetpack_memberships_contains_paywalled_content":false,"_jetpack_memberships_contains_paid_content":false,"footnotes":"","jetpack_publicize_message":"","jetpack_publicize_feature_enabled":true,"jetpack_social_post_already_shared":true,"jetpack_social_options":{"image_generator_settings":{"template":"highway","default_image_id":0,"font":"","enabled":false},"version":2}},"categories":[1],"tags":[9576,1674,10707,10706,5039,35932],"class_list":["post-256540","post","type-post","status-publish","format-standard","has-post-thumbnail","hentry","category-genel","tag-getirildi","tag-hakkari","tag-memleketi","tag-naasi","tag-sehidinin","tag-zonguldaka"],"jetpack_publicize_connections":[],"jetpack_featured_media_url":"https:\/\/i0.wp.com\/www.tvturk.com\/wp-content\/uploads\/2020\/01\/hakkari-sehidinin-naasi-memleketi-zonguldaka-getirildi_d5c17d4.jpg?fit=1000%2C666","jetpack_sharing_enabled":true,"jetpack_shortlink":"https:\/\/wp.me\/paKIfm-14JK","_links":{"self":[{"href":"http:\/\/www.tvturk.com\/index.php\/wp-json\/wp\/v2\/posts\/256540","targetHints":{"allow":["GET"]}}],"collection":[{"href":"http:\/\/www.tvturk.com\/index.php\/wp-json\/wp\/v2\/posts"}],"about":[{"href":"http:\/\/www.tvturk.com\/index.php\/wp-json\/wp\/v2\/types\/post"}],"author":[{"embeddable":true,"href":"http:\/\/www.tvturk.com\/index.php\/wp-json\/wp\/v2\/users\/1"}],"replies":[{"embeddable":true,"href":"http:\/\/www.tvturk.com\/index.php\/wp-json\/wp\/v2\/comments?post=256540"}],"version-history":[{"count":0,"href":"http:\/\/www.tvturk.com\/index.php\/wp-json\/wp\/v2\/posts\/256540\/revisions"}],"wp:featuredmedia":[{"embeddable":true,"href":"http:\/\/www.tvturk.com\/index.php\/wp-json\/wp\/v2\/media\/256541"}],"wp:attachment":[{"href":"http:\/\/www.tvturk.com\/index.php\/wp-json\/wp\/v2\/media?parent=256540"}],"wp:term":[{"taxonomy":"category","embeddable":true,"href":"http:\/\/www.tvturk.com\/index.php\/wp-json\/wp\/v2\/categories?post=256540"},{"taxonomy":"post_tag","embeddable":true,"href":"http:\/\/www.tvturk.com\/index.php\/wp-json\/wp\/v2\/tags?post=256540"}],"curies":[{"name":"wp","href":"https:\/\/api.w.org\/{rel}","templated":true}]}}