{"id":256566,"date":"2020-01-17T09:46:32","date_gmt":"2020-01-17T06:46:32","guid":{"rendered":"http:\/\/www.tvturk.com\/index.php\/coplukte-tellere-bagli-olume-terk-edilen-dost-artik-mutlu\/"},"modified":"2020-01-17T09:46:32","modified_gmt":"2020-01-17T06:46:32","slug":"coplukte-tellere-bagli-olume-terk-edilen-dost-artik-mutlu","status":"publish","type":"post","link":"http:\/\/www.tvturk.com\/index.php\/coplukte-tellere-bagli-olume-terk-edilen-dost-artik-mutlu\/","title":{"rendered":"\u00c7\u00f6pl\u00fckte tellere ba\u011fl\u0131 \u00f6l\u00fcme terk edilen Dost art\u0131k mutlu"},"content":{"rendered":"<p>Van\u2019da iki y\u0131l \u00f6nce tellere ba\u011fl\u0131 vaziyette \u00e7uvala konulup \u00e7\u00f6p konteynerine at\u0131larak \u00f6l\u00fcme terk edilen ve daha sonra belediye g\u00f6revlileri taraf\u0131ndan bulunarak \u2018Dost\u2019 ad\u0131 verilen k\u00f6pe\u011fin de\u011fi\u015fimi dikkat \u00e7ekiyor.<\/p>\n<p>Van-\u00d6zalp karayolunda bulunan vah\u015fi \u00e7\u00f6p depolama alan\u0131nda 2018 y\u0131l\u0131nda \u0130pekyolu Belediyesi temizlik ekiplerince \u00e7\u00f6p konteyneri i\u00e7erisinde fark edilen k\u00f6pek, Van B\u00fcy\u00fck\u015fehir Belediyesi Hayvan Bak\u0131mevi\u2019nde koruma alt\u0131na al\u0131nd\u0131. Veteriner hekimler g\u00f6zetiminde tedavisi tamamlanan k\u00f6pek, \u0130pekyolu Belediyesi Engelsiz Ya\u015fam Akademisi\u2019ne teslim edildi. Akademideki g\u00f6revliler, k\u00f6pe\u011fe dost\u00e7a davran\u0131\u015flar\u0131ndan dolay\u0131 \u2018Dost\u2019 ad\u0131n\u0131 verdi. Ayakta duramaz haldeki Dost, sevgi ve bak\u0131mla iki y\u0131lda b\u00fcy\u00fck de\u011fi\u015fim ya\u015fad\u0131. \u0130lk zamanlarda insanlardan korkan Dost, engelli kursiyer ve \u00f6\u011freticilerin s\u0131cak ilgisinden dolay\u0131 insanlara yeniden g\u00fcvenmeye ba\u015flad\u0131. \u0130ki y\u0131ll\u0131k s\u00fcre\u00e7te sa\u011fl\u0131\u011f\u0131na kavu\u015fan Dost, g\u00f6rme engelli bireylerin de en b\u00fcy\u00fck yard\u0131mc\u0131s\u0131 oldu.<\/p>\n<p>\u201cDost\u2019un trajik bir hikayesi var\u201d<\/p>\n<p>\u0130HA muhabirine konu\u015fan \u00f6zel e\u011fitim \u00f6\u011fretmeni Cumali \u00d6zer, iki y\u0131l \u00f6nce tan\u0131\u015ft\u0131klar\u0131 ve Dost ismini verdikleri k\u00f6pe\u011fin \u00e7ok trajik bir hikayesinin oldu\u011funu belirtti. Ayakta duramayacak vaziyette akademiye getirilen Dost\u2019un hikayesini anlatan \u00d6zer, \u201cBuraya ilk geldi\u011finde bakmak istemedim. \u00c7\u00fcnk\u00fc \u00e7ok k\u00f6t\u00fc bir durumdayd\u0131. Tedavileri yap\u0131lm\u0131\u015ft\u0131, ancak ayakta durmakta g\u00fc\u00e7l\u00fck \u00e7ekiyordu. \u0130nsanlara olan g\u00fcveni \u00e7ok sars\u0131lm\u0131\u015ft\u0131. Yakla\u015ft\u0131\u011f\u0131m\u0131zda bize arkas\u0131n\u0131 d\u00f6n\u00fcyordu. Bu da onun nas\u0131l bir travma ge\u00e7irdi\u011fini g\u00f6steriyordu\u201d dedi.<\/p>\n<p>\u201cKursiyerlerimizin \u00f6zel ilgisini \u00e7ekmeye ba\u015flad\u0131\u201d<\/p>\n<p>Kursiyerlerin Dost\u2019a b\u00fcy\u00fck ilgi duydu\u011funu ve sevgi g\u00f6sterdiklerini dile getiren \u00d6zer, \u201cAkademinin b\u00fct\u00fcn \u00fcyeleri olarak \u00e7ok \u00fcz\u00fclm\u00fc\u015ft\u00fck. Bu y\u00fczden Dost\u2019u sahiplenmemiz \u00e7ok zor olmad\u0131. Zaman zaman bak\u0131mlar\u0131n\u0131 yapt\u0131k. Veteriner hekimler gelip takiplerini yapt\u0131lar. Daha sonra kursiyerlerimizin \u00f6zel ilgisini \u00e7ekmeye ba\u015flad\u0131. Kursiyerlerimiz beslenmesi konusunda Dost\u2019a dikkat ediyorlard\u0131\u201d diye konu\u015ftu.<\/p>\n<p>\u201cG\u00f6rme engelli kursiyerlerimize kar\u015f\u0131 hassas oldu\u011funu ke\u015ffettik\u201d<\/p>\n<p>Dost\u2019un iki y\u0131ll\u0131k s\u00fcre i\u00e7inde akademide e\u011fitim g\u00f6ren g\u00f6rme engelli kursiyerlere rehberlik etti\u011fini anlatan \u00d6zer, s\u00f6zlerini \u015f\u00f6yle s\u00fcrd\u00fcrd\u00fc:<\/p>\n<p>\u201cBu s\u00fcrede Dost\u2019un g\u00f6rme engelli kursiyerlerimize kar\u015f\u0131 hassas oldu\u011funu ke\u015ffettik. Bu spontane geli\u015fti. Bir g\u00f6rme engelli kursiyerimiz kendisini gezdirmek istedi. Normalde bizimle oyun oynar, \u00fczerimize z\u0131plar ama g\u00f6rme engelli bir kursiyerimiz onun zincirini eline ald\u0131\u011f\u0131nda Dost ilgin\u00e7 bir \u015fekilde sakinle\u015fiyor. Sanki bunu hissediyor ve sar\u0131 band\u0131 ge\u00e7miyor. G\u00f6rme engelli kursiyerimizi gezdiriyordu. Bu da bizim i\u00e7in ilgin\u00e7 bir deneyim oldu.\u201d<\/p>\n<p>\u201cOnunla dost olduk\u201d<\/p>\n<p>Dost\u2019un iki y\u0131l \u00f6nce aralar\u0131na kat\u0131ld\u0131\u011f\u0131n\u0131 s\u00f6yleyen g\u00f6rme engelli Ali Bilen ise, gezintiye \u00e7\u0131kt\u0131klar\u0131nda Dost\u2019un kendilerine rehberlik etti\u011fini dile getirdi. Bilen, \u201cBelediye temizlik personelleri 2 y\u0131l \u00f6nce Dost\u2019u \u00e7\u00f6pte tellere ba\u011fl\u0131 halde buldu. Belediyemiz k\u00f6pe\u011fe sahip \u00e7\u0131kt\u0131. Ard\u0131ndan k\u00f6pek merkezimize g\u00f6nderildi. Bu s\u00fcre i\u00e7inde biz onunla dost olduk ve birlikte gezintiye \u00e7\u0131k\u0131yoruz. Sar\u0131 \u015feritleri takip eden Dost, biz g\u00f6rme engellilere yard\u0131mc\u0131 oluyor. \u0130nsanlar bu k\u00f6pe\u011fe vah\u015fice i\u015fkence yapm\u0131\u015flar. Ancak buna ra\u011fmen o bize g\u00fczel davran\u0131yor\u201d dedi.<\/p>\n","protected":false},"excerpt":{"rendered":"<p>VAN\u2019DA \u0130K\u0130 YIL \u00d6NCE \u00c7UVALA KONULUP \u00c7\u00d6P KONTEYNER\u0130NE ATILARAK \u00d6L\u00dcME TERK ED\u0130LEN \u2018DOST\u2019, ARTIK \u00c7OK MUTLU<\/p>\n","protected":false},"author":1,"featured_media":256567,"comment_status":"closed","ping_status":"open","sticky":false,"template":"","format":"standard","meta":{"jetpack_post_was_ever_published":false,"_jetpack_newsletter_access":"","_jetpack_dont_email_post_to_subs":false,"_jetpack_newsletter_tier_id":0,"_jetpack_memberships_contains_paywalled_content":false,"_jetpack_memberships_contains_paid_content":false,"footnotes":"","jetpack_publicize_message":"","jetpack_publicize_feature_enabled":true,"jetpack_social_post_already_shared":true,"jetpack_social_options":{"image_generator_settings":{"template":"highway","default_image_id":0,"font":"","enabled":false},"version":2}},"categories":[1],"tags":[8392,2058,4608,954,3670,4828,15242,63426,9869],"class_list":["post-256566","post","type-post","status-publish","format-standard","has-post-thumbnail","hentry","category-genel","tag-dost","tag-artik","tag-bagli","tag-coplukte","tag-edilen","tag-mutlu","tag-olume","tag-tellere","tag-terk"],"jetpack_publicize_connections":[],"jetpack_featured_media_url":"https:\/\/i0.wp.com\/www.tvturk.com\/wp-content\/uploads\/2020\/01\/coplukte-tellere-bagli-olume-terk-edilen-dost-artik-mutlu_306d976.jpg?fit=1000%2C666","jetpack_sharing_enabled":true,"jetpack_shortlink":"https:\/\/wp.me\/paKIfm-14Ka","_links":{"self":[{"href":"http:\/\/www.tvturk.com\/index.php\/wp-json\/wp\/v2\/posts\/256566","targetHints":{"allow":["GET"]}}],"collection":[{"href":"http:\/\/www.tvturk.com\/index.php\/wp-json\/wp\/v2\/posts"}],"about":[{"href":"http:\/\/www.tvturk.com\/index.php\/wp-json\/wp\/v2\/types\/post"}],"author":[{"embeddable":true,"href":"http:\/\/www.tvturk.com\/index.php\/wp-json\/wp\/v2\/users\/1"}],"replies":[{"embeddable":true,"href":"http:\/\/www.tvturk.com\/index.php\/wp-json\/wp\/v2\/comments?post=256566"}],"version-history":[{"count":0,"href":"http:\/\/www.tvturk.com\/index.php\/wp-json\/wp\/v2\/posts\/256566\/revisions"}],"wp:featuredmedia":[{"embeddable":true,"href":"http:\/\/www.tvturk.com\/index.php\/wp-json\/wp\/v2\/media\/256567"}],"wp:attachment":[{"href":"http:\/\/www.tvturk.com\/index.php\/wp-json\/wp\/v2\/media?parent=256566"}],"wp:term":[{"taxonomy":"category","embeddable":true,"href":"http:\/\/www.tvturk.com\/index.php\/wp-json\/wp\/v2\/categories?post=256566"},{"taxonomy":"post_tag","embeddable":true,"href":"http:\/\/www.tvturk.com\/index.php\/wp-json\/wp\/v2\/tags?post=256566"}],"curies":[{"name":"wp","href":"https:\/\/api.w.org\/{rel}","templated":true}]}}