{"id":256576,"date":"2020-01-17T10:01:53","date_gmt":"2020-01-17T07:01:53","guid":{"rendered":"http:\/\/www.tvturk.com\/index.php\/tusastan-miniklere-yonelik-proje\/"},"modified":"2020-01-17T10:01:53","modified_gmt":"2020-01-17T07:01:53","slug":"tusastan-miniklere-yonelik-proje","status":"publish","type":"post","link":"http:\/\/www.tvturk.com\/index.php\/tusastan-miniklere-yonelik-proje\/","title":{"rendered":"TUSA\u015e\u2019tan miniklere y\u00f6nelik proje"},"content":{"rendered":"<p>T\u00fcrk Havac\u0131l\u0131k ve Uzay Sanayii (TUSA\u015e), \u201c\u00c7ocuk Mucitler G\u00fcn\u00fc\u201d kapsam\u0131nda gelece\u011fin bilim adamlar\u0131n\u0131n yeti\u015fmesine katk\u0131 sa\u011flamak ad\u0131na yeni bir projeye imza att\u0131.<\/p>\n<p>T\u00fcrk Havac\u0131l\u0131k ve Uzay Sanayii \u00e7al\u0131\u015fanlar\u0131n\u0131n 7-9 ve 10-12 ya\u015f aral\u0131\u011f\u0131ndaki \u00e7ocuklar\u0131na y\u00f6nelik ger\u00e7ekle\u015ftirilen at\u00f6lye \u00e7al\u0131\u015fmalar\u0131 ile bilimin k\u00fc\u00e7\u00fck ya\u015flardan itibaren a\u015f\u0131lanmas\u0131 i\u00e7in bir etkinlik d\u00fczenlendi. 7-9 ya\u015f aral\u0131\u011f\u0131 i\u00e7in \u201cHayal G\u00fcc\u00fc At\u00f6lyesi\u201d ve 10-12 ya\u015f aral\u0131\u011f\u0131 i\u00e7in \u201cBilim At\u00f6lyesi\u201d olmak \u00fczere ya\u015f gruplar\u0131na \u00f6zel ger\u00e7ekle\u015ftirilen at\u00f6lye \u00e7al\u0131\u015fmalar\u0131ndan toplam 240 \u00e7ocuk faydaland\u0131. E\u011fitimler, \u201cBilim Vir\u00fcs\u00fc\u201d uzman e\u011fitmenleri taraf\u0131ndan ger\u00e7ekle\u015ftirildi. Her biri 30 ki\u015filik k\u00fc\u00e7\u00fck gruplar halinde ger\u00e7ekle\u015fen at\u00f6lye \u00e7al\u0131\u015fmalar\u0131nda e\u011flenceli aktiviteler ile \u00e7ocuklara bilim a\u015f\u0131land\u0131. Minikler, \u201cHayal G\u00fcc\u00fc At\u00f6lyesi\u201dnde bilimsel olarak duyular\u0131n\u0131 ke\u015ffetti. \u201cBilim At\u00f6lyesi\u201dnde ise minikler bilim adamlar\u0131n\u0131, bilim adamlar\u0131n\u0131n bulmu\u015f oldu\u011fu sorunlar\u0131 ve ke\u015fifleri \u00f6\u011frendi. \u00d6\u011frenciler, kendilerine anlat\u0131lan sorunlara \u00e7are bularak ve bilimsel \u00f6\u011frenme metodolojileri ile birlikte sorunlar\u0131 anlayarak \u00fcretimde bulundu. \u00c7al\u0131\u015fan motivasyonuna da fayda sa\u011flayan etkinli\u011fin sonunda \u00e7ocuklara kat\u0131l\u0131m sertifikas\u0131 ve k\u00fc\u00e7\u00fck s\u00fcrpriz hediyeler verildi.<\/p>\n","protected":false},"excerpt":{"rendered":"<p>T\u00dcRK HAVACILIK VE UZAY SANAY\u0130\u0130, \u201c\u00c7OCUK MUC\u0130TLER G\u00dcN\u00dc\u201d KAPSAMINDA GELECE\u011e\u0130N B\u0130L\u0130M ADAMLARININ YET\u0130\u015eMES\u0130NE KATKI SA\u011eLAMAK ADINA YEN\u0130 B\u0130R PROJEYE \u0130MZA ATTI.<\/p>\n","protected":false},"author":1,"featured_media":256577,"comment_status":"closed","ping_status":"open","sticky":false,"template":"","format":"standard","meta":{"jetpack_post_was_ever_published":false,"_jetpack_newsletter_access":"","_jetpack_dont_email_post_to_subs":false,"_jetpack_newsletter_tier_id":0,"_jetpack_memberships_contains_paywalled_content":false,"_jetpack_memberships_contains_paid_content":false,"footnotes":"","jetpack_publicize_message":"","jetpack_publicize_feature_enabled":true,"jetpack_social_post_already_shared":true,"jetpack_social_options":{"image_generator_settings":{"template":"highway","default_image_id":0,"font":"","enabled":false},"version":2}},"categories":[1],"tags":[17042,1456,63428,1843],"class_list":["post-256576","post","type-post","status-publish","format-standard","has-post-thumbnail","hentry","category-genel","tag-miniklere","tag-proje","tag-tusastan","tag-yonelik"],"jetpack_publicize_connections":[],"jetpack_featured_media_url":"https:\/\/i0.wp.com\/www.tvturk.com\/wp-content\/uploads\/2020\/01\/tusastan-miniklere-yonelik-proje_78e27f5.jpg?fit=1000%2C666","jetpack_sharing_enabled":true,"jetpack_shortlink":"https:\/\/wp.me\/paKIfm-14Kk","_links":{"self":[{"href":"http:\/\/www.tvturk.com\/index.php\/wp-json\/wp\/v2\/posts\/256576","targetHints":{"allow":["GET"]}}],"collection":[{"href":"http:\/\/www.tvturk.com\/index.php\/wp-json\/wp\/v2\/posts"}],"about":[{"href":"http:\/\/www.tvturk.com\/index.php\/wp-json\/wp\/v2\/types\/post"}],"author":[{"embeddable":true,"href":"http:\/\/www.tvturk.com\/index.php\/wp-json\/wp\/v2\/users\/1"}],"replies":[{"embeddable":true,"href":"http:\/\/www.tvturk.com\/index.php\/wp-json\/wp\/v2\/comments?post=256576"}],"version-history":[{"count":0,"href":"http:\/\/www.tvturk.com\/index.php\/wp-json\/wp\/v2\/posts\/256576\/revisions"}],"wp:featuredmedia":[{"embeddable":true,"href":"http:\/\/www.tvturk.com\/index.php\/wp-json\/wp\/v2\/media\/256577"}],"wp:attachment":[{"href":"http:\/\/www.tvturk.com\/index.php\/wp-json\/wp\/v2\/media?parent=256576"}],"wp:term":[{"taxonomy":"category","embeddable":true,"href":"http:\/\/www.tvturk.com\/index.php\/wp-json\/wp\/v2\/categories?post=256576"},{"taxonomy":"post_tag","embeddable":true,"href":"http:\/\/www.tvturk.com\/index.php\/wp-json\/wp\/v2\/tags?post=256576"}],"curies":[{"name":"wp","href":"https:\/\/api.w.org\/{rel}","templated":true}]}}