{"id":256578,"date":"2020-01-17T10:01:58","date_gmt":"2020-01-17T07:01:58","guid":{"rendered":"http:\/\/www.tvturk.com\/index.php\/adile-nasit-ve-munir-ozkul-anisina-45-yil-sonra-bir-araya-gelecekler\/"},"modified":"2020-01-17T10:01:58","modified_gmt":"2020-01-17T07:01:58","slug":"adile-nasit-ve-munir-ozkul-anisina-45-yil-sonra-bir-araya-gelecekler","status":"publish","type":"post","link":"http:\/\/www.tvturk.com\/index.php\/adile-nasit-ve-munir-ozkul-anisina-45-yil-sonra-bir-araya-gelecekler\/","title":{"rendered":"Adile Na\u015fit ve M\u00fcnir \u00d6zkul an\u0131s\u0131na 45 y\u0131l sonra bir araya gelecekler"},"content":{"rendered":"<p>Ye\u015fil\u00e7am\u2019\u0131n en iyi aile filmlerinden biri olan \u201cAile \u015eerefi\u201d filmi oyuncular\u0131, yar\u0131m as\u0131r sonra Adile Na\u015fit,M\u00fcnir \u00d6zkul ve Ay\u015fen Gruda an\u0131s\u0131na bir araya gelecekler.<\/p>\n<p>\u0130stanbul Klasik Otomobilciler Derne\u011fi\u2019nin (\u0130KOD) \u201cYe\u015fil\u00e7am\u2019a Sayg\u0131\u201d temal\u0131 aktiviteleri kapsam\u0131nda 19 Ocak Pazar g\u00fcn\u00fc Kad\u0131k\u00f6y\u2019de ger\u00e7ekle\u015ftirece\u011fi etkinlikte, T\u00fcrk Sinemas\u0131nda \u00f6nemli bir yeri olan 1976 y\u0131l\u0131 Arzu Film yap\u0131m\u0131 \u201cAile \u015eerefi\u201d filminin unutulmaz oyuncu kadrosu, M\u00fcnir \u00d6zkul, Adile Na\u015fit ve Ay\u015fen Gruda an\u0131s\u0131na bir arada olacaklar. M\u00fcnir \u00d6zkul\u2019u iki y\u0131l, Adile Na\u015fit\u2019i 33 y\u0131l, filmin bir di\u011fer oyuncusu Ay\u015fen Gruda\u2019y\u0131 ise ge\u00e7ti\u011fimiz y\u0131l kaybetmi\u015ftik. Dostlu\u011fun, sevginin, a\u015fk\u0131n,payla\u015fman\u0131n ve tabi ki aile olabilmenin en g\u00fczel \u015fekilde anlat\u0131ld\u0131\u011f\u0131 ve T\u00fcrk sinema tarihinde yeri doldurulamayacak bir yere sahip olan \u201cAile \u015eerefi\u201d filminin unutulmaz oyuncular\u0131ndan It\u0131r Esen, \u015eevket Altu\u011f, Mahmut Cevher, Ahmet Sezerel ve Eri\u015f Akman yar\u0131m as\u0131r sonra bir araya gelecekler. Her t\u00fcrl\u00fc ko\u015fulda birbirine s\u0131ms\u0131k\u0131 sar\u0131lan bir ailenin konu edildi\u011fi filmde kullan\u0131lan ara\u00e7lar ise \u0130stanbul Klasik Otomobilciler Derne\u011fi taraf\u0131ndan film g\u00f6rselleriyle s\u00fcslenmi\u015f \u015fekilde etkinlik alan\u0131nda sergilenecek. Klasik ara\u00e7 sevgisinin temelinde Ye\u015fil\u00e7am sinemas\u0131n\u0131n yatt\u0131\u011f\u0131 ger\u00e7e\u011finden yolan \u00e7\u0131kan \u0130KOD, bug\u00fcne kadar Ayhan I\u015f\u0131k, Y\u0131lmaz G\u00fcney, Kemal Sunal, Zeki Alasya, Hulusi Kentmen, Sadri Al\u0131\u015f\u0131k gibi bug\u00fcn aram\u0131zda olmayan bir \u00e7ok usta i\u00e7in anma etkinlikleri ger\u00e7ekle\u015ftirdi.<\/p>\n","protected":false},"excerpt":{"rendered":"<p>YE\u015e\u0130L\u00c7AM\u2019IN EN \u0130Y\u0130 A\u0130LE F\u0130LMLER\u0130NDEN B\u0130R\u0130 OLAN \u201cA\u0130LE \u015eEREF\u0130\u201d F\u0130LM\u0130 OYUNCULARI, YARIM ASIR SONRA AD\u0130LE NA\u015e\u0130T,M\u00dcN\u0130R \u00d6ZKUL VE AY\u015eEN GRUDA ANISINA B\u0130R ARAYA GELECEKLER.<\/p>\n","protected":false},"author":1,"featured_media":256579,"comment_status":"closed","ping_status":"open","sticky":false,"template":"","format":"standard","meta":{"jetpack_post_was_ever_published":false,"_jetpack_newsletter_access":"","_jetpack_dont_email_post_to_subs":false,"_jetpack_newsletter_tier_id":0,"_jetpack_memberships_contains_paywalled_content":false,"_jetpack_memberships_contains_paid_content":false,"footnotes":"","jetpack_publicize_message":"","jetpack_publicize_feature_enabled":true,"jetpack_social_post_already_shared":true,"jetpack_social_options":{"image_generator_settings":{"template":"highway","default_image_id":0,"font":"","enabled":false},"version":2}},"categories":[1],"tags":[63429,9559,126,125,63432,63431,63430,28505,2022,231],"class_list":["post-256578","post","type-post","status-publish","format-standard","has-post-thumbnail","hentry","category-genel","tag-adile","tag-anisina","tag-araya","tag-bir","tag-gelecekler","tag-munir","tag-nasit","tag-ozkul","tag-sonra","tag-yil"],"jetpack_publicize_connections":[],"jetpack_featured_media_url":"https:\/\/i0.wp.com\/www.tvturk.com\/wp-content\/uploads\/2020\/01\/adile-nasit-ve-munir-ozkul-anisina-45-yil-sonra-bir-araya-gelecekler_37780e9.jpg?fit=1000%2C557","jetpack_sharing_enabled":true,"jetpack_shortlink":"https:\/\/wp.me\/paKIfm-14Km","_links":{"self":[{"href":"http:\/\/www.tvturk.com\/index.php\/wp-json\/wp\/v2\/posts\/256578","targetHints":{"allow":["GET"]}}],"collection":[{"href":"http:\/\/www.tvturk.com\/index.php\/wp-json\/wp\/v2\/posts"}],"about":[{"href":"http:\/\/www.tvturk.com\/index.php\/wp-json\/wp\/v2\/types\/post"}],"author":[{"embeddable":true,"href":"http:\/\/www.tvturk.com\/index.php\/wp-json\/wp\/v2\/users\/1"}],"replies":[{"embeddable":true,"href":"http:\/\/www.tvturk.com\/index.php\/wp-json\/wp\/v2\/comments?post=256578"}],"version-history":[{"count":0,"href":"http:\/\/www.tvturk.com\/index.php\/wp-json\/wp\/v2\/posts\/256578\/revisions"}],"wp:featuredmedia":[{"embeddable":true,"href":"http:\/\/www.tvturk.com\/index.php\/wp-json\/wp\/v2\/media\/256579"}],"wp:attachment":[{"href":"http:\/\/www.tvturk.com\/index.php\/wp-json\/wp\/v2\/media?parent=256578"}],"wp:term":[{"taxonomy":"category","embeddable":true,"href":"http:\/\/www.tvturk.com\/index.php\/wp-json\/wp\/v2\/categories?post=256578"},{"taxonomy":"post_tag","embeddable":true,"href":"http:\/\/www.tvturk.com\/index.php\/wp-json\/wp\/v2\/tags?post=256578"}],"curies":[{"name":"wp","href":"https:\/\/api.w.org\/{rel}","templated":true}]}}