{"id":256580,"date":"2020-01-17T10:02:05","date_gmt":"2020-01-17T07:02:05","guid":{"rendered":"http:\/\/www.tvturk.com\/index.php\/eski-kursun-madeni-ocagi-ziyaretcilerini-agirliyor\/"},"modified":"2020-01-17T10:02:05","modified_gmt":"2020-01-17T07:02:05","slug":"eski-kursun-madeni-ocagi-ziyaretcilerini-agirliyor","status":"publish","type":"post","link":"http:\/\/www.tvturk.com\/index.php\/eski-kursun-madeni-ocagi-ziyaretcilerini-agirliyor\/","title":{"rendered":"Eski kur\u015fun madeni oca\u011f\u0131 ziyaret\u00e7ilerini a\u011f\u0131rl\u0131yor"},"content":{"rendered":"<p>K\u0131r\u0131kkale\u2019de ge\u00e7mi\u015fi Bizans d\u00f6nemine dayanan, Osmanl\u0131 zaman\u0131nda ise kur\u015fun madeni oca\u011f\u0131 olarak kullan\u0131lan Sulu Ma\u011fara, ge\u00e7ti\u011fimiz y\u0131l turizme kazand\u0131r\u0131lmas\u0131n\u0131n ard\u0131ndan ziyaret\u00e7ilerini a\u011f\u0131rl\u0131yor.<\/p>\n<p>K\u0131r\u0131kkale merkeze 27 kilometre uzakl\u0131ktaki Keskin il\u00e7esi Alt\u0131nta\u015f Mahallesi Arzu Bay\u0131r\u0131 mevkisinde yer alan Sulu Ma\u011fara\u2019da ortaokul ve lise \u00e7a\u011f\u0131ndaki bir grup \u00f6\u011frenciye tarih dersi verildi. Gruplar halinde ma\u011faray\u0131 gezen \u00f6\u011frenciler, \u00f6\u011fretmenleri taraf\u0131ndan bilgilendirildi. Ma\u011fara hakk\u0131nda tarihi bilgiler edinen \u00f6\u011frenciler ilk kez ma\u011faray\u0131 gezmenin heyecan\u0131n\u0131 ya\u015fad\u0131.<\/p>\n<p>Sulu Ma\u011fara\u2019n\u0131n tarihi \u00f6neminden bahseden Keskin \u0130l\u00e7e Milli E\u011fitim M\u00fcd\u00fcr\u00fc Erdo\u011fan \u00c7akmak, \u201cOsmanl\u0131 zaman\u0131nda gerek maden i\u015fletmecili\u011fi yap\u0131lmas\u0131, gerek Erken Hristiyanl\u0131k d\u00f6neminde yerle\u015fim yeri olarak kullan\u0131lmas\u0131 nedeniyle \u00f6nemli bir yerdeyiz. Tarihimizde, k\u00fclt\u00fcr\u00fcm\u00fczde bizim bir ge\u00e7mi\u015fimiz, bir benli\u011fimiz var. Sulu Ma\u011fara da bunlardan bir tanesi\u201d dedi.<\/p>\n<p>Alan\u0131n 2019 y\u0131l\u0131nda turizme kazand\u0131r\u0131ld\u0131\u011f\u0131n\u0131 kaydeden \u00c7akmak, \u015funlar\u0131 kaydetti:<\/p>\n<p>\u201c285 metrelik bir alan\u0131m\u0131z var. Buray\u0131 turizme kazand\u0131ran K\u0131r\u0131kkale Valimiz Yunus Sezer beyefendiye, Keskin Kaymakam\u0131 Tekin Erdemir beyefendiye te\u015fekk\u00fcr ediyoruz. Bug\u00fcn iki tane okulumuz buray\u0131 ziyaret etti. \u00d6\u011frencilerimizin burada kendi k\u00fclt\u00fcr\u00fcn\u00fc tan\u0131malar\u0131, sahip olduklar\u0131 co\u011frafyan\u0131n tarihi de\u011ferleri benimsemesi a\u00e7\u0131s\u0131ndan da bunlara \u00f6nem veriyoruz. Buras\u0131 hava itibar\u0131yla da olduk\u00e7a verimli.\u201d<\/p>\n<p>&#8220;Herkesi Sulu Ma\u011fara\u2019ya bekliyoruz&#8221;<\/p>\n<p>\u00c7akmak, \u201cNitekim 2019 y\u0131l\u0131nda yap\u0131lan bir ara\u015ft\u0131rmada buran\u0131n insan sa\u011fl\u0131\u011f\u0131 a\u00e7\u0131s\u0131ndan iyi oldu\u011fu tespit edildi. Biz ma\u011fara gezginleri ba\u015fta olmak \u00fczere yerli turistler, yabanc\u0131 turistlere rehberlik yap\u0131lmak \u00fczere b\u00fct\u00fcn herkesi Sulu Ma\u011fara\u2019ya bekliyoruz\u201d \u015feklinde konu\u015ftu.<\/p>\n<p>\u0130lk kez ma\u011faray\u0131 gezdi\u011fini ifade eden 7. s\u0131n\u0131f \u00f6\u011frencisi Dilek Arslan, &#8220;\u00c7ok g\u00fczel tarihi bir yer. Herkesin gelip g\u00f6rmesini isteriz. Burayla ilgili bir s\u00fcr\u00fc bilgiler ald\u0131k. Kur\u015funla ilgili, sa\u011fl\u0131\u011f\u0131m\u0131zla ilgili bir s\u00fcr\u00fc \u015feyler \u00f6\u011frendik&#8221; diye konu\u015ftu.<\/p>\n<p>K\u0131r\u0131kkale\u2019ye yeni geldi\u011fini ve g\u00fczel bir yer oldu\u011funu anlatan 8. s\u0131n\u0131f \u00f6\u011frencisi R\u00fcmeysa G\u00f6z\u00fcbek, Keskin il\u00e7esinin daha g\u00fczel yerlerinin oldu\u011funu ve Sulu Ma\u011fara\u2019y\u0131 herkesin ziyaret etmesi gerekti\u011fini s\u00f6yledi.<\/p>\n<p>K\u0131r\u0131kkale Valili\u011fi \u00f6nc\u00fcl\u00fc\u011f\u00fcnde 2019 y\u0131l\u0131nda turizme kazand\u0131r\u0131lan Sulu Ma\u011fara\u2019n\u0131n 400 bin liral\u0131k restorasyonu K\u00fclt\u00fcr ve Turizm Bakanl\u0131\u011f\u0131 taraf\u0131ndan finanse edildi. Tarihi Bizans\u2019a dayanan, Erken Hristiyanl\u0131k d\u00f6neminde yerle\u015fim yeri ve s\u0131\u011f\u0131nak olarak kullan\u0131lan Sulu Ma\u011fara, Osmanl\u0131 zaman\u0131nda da kur\u015fun madeni oca\u011f\u0131 olarak hizmet verdi.<\/p>\n<p>K\u0131r\u0131kkale \u0130l K\u00fclt\u00fcr ve Turizm M\u00fcd\u00fcrl\u00fc\u011f\u00fcnden edinilen bilgiye g\u00f6re, Sulu Ma\u011fara 285 metre uzunlu\u011fa sahip, birbirine ba\u011fl\u0131 3 kattan ve 2 galeriden olu\u015fuyor. En derin noktas\u0131 25 metre olup, tavan y\u00fcksekli\u011finin 1 ile 4 metre aras\u0131nda oldu\u011fu de\u011ferlendiriliyor. 3 kattan olu\u015fan yapay galeriler, 14, 15, 25 metrelerde yer al\u0131yor. B\u00fcy\u00fck bir b\u00f6l\u00fcm\u00fc maden oca\u011f\u0131 olarak a\u00e7\u0131lan Sulu Ma\u011fara, \u00e7e\u015fitli do\u011fal ve yapay \u015fekillere de sahip. Karpuz Bay\u0131r\u0131 tepesinin g\u00fcneyine bakan \u00fcst yamac\u0131nda bulunan ma\u011fara, yatay olarak geli\u015fmi\u015f yar\u0131 do\u011fal-yar\u0131 yapay, d\u00fcden konumlu fosil bir ma\u011fara ve Paleozoik d\u00f6nemine ait.<\/p>\n","protected":false},"excerpt":{"rendered":"<p>KIRIKKALE\u2019DE TAR\u0130H\u0130 B\u0130ZANS D\u00d6NEM\u0130NE DAYANAN VE OSMANLI ZAMANINDA DA KUR\u015eUN MADEN\u0130 OCA\u011eI OLARAK KULLANILAN, 285 METRE UZUNLU\u011eUNDAK\u0130 3 KATLI SULU MA\u011eARA\u2019DA \u00d6\u011eRENC\u0130LERE TAR\u0130H DERS\u0130 VER\u0130LD\u0130.<\/p>\n","protected":false},"author":1,"featured_media":256581,"comment_status":"closed","ping_status":"open","sticky":false,"template":"","format":"standard","meta":{"jetpack_post_was_ever_published":false,"_jetpack_newsletter_access":"","_jetpack_dont_email_post_to_subs":false,"_jetpack_newsletter_tier_id":0,"_jetpack_memberships_contains_paywalled_content":false,"_jetpack_memberships_contains_paid_content":false,"footnotes":"","jetpack_publicize_message":"","jetpack_publicize_feature_enabled":true,"jetpack_social_post_already_shared":true,"jetpack_social_options":{"image_generator_settings":{"template":"highway","default_image_id":0,"font":"","enabled":false},"version":2}},"categories":[1],"tags":[2719,1123,2133,19421,5642,18144],"class_list":["post-256580","post","type-post","status-publish","format-standard","has-post-thumbnail","hentry","category-genel","tag-agirliyor","tag-eski","tag-kursun","tag-madeni","tag-ocagi","tag-ziyaretcilerini"],"jetpack_publicize_connections":[],"jetpack_featured_media_url":"https:\/\/i0.wp.com\/www.tvturk.com\/wp-content\/uploads\/2020\/01\/eski-kursun-madeni-ocagi-ziyaretcilerini-agirliyor_c378bb7.jpg?fit=1000%2C666","jetpack_sharing_enabled":true,"jetpack_shortlink":"https:\/\/wp.me\/paKIfm-14Ko","_links":{"self":[{"href":"http:\/\/www.tvturk.com\/index.php\/wp-json\/wp\/v2\/posts\/256580","targetHints":{"allow":["GET"]}}],"collection":[{"href":"http:\/\/www.tvturk.com\/index.php\/wp-json\/wp\/v2\/posts"}],"about":[{"href":"http:\/\/www.tvturk.com\/index.php\/wp-json\/wp\/v2\/types\/post"}],"author":[{"embeddable":true,"href":"http:\/\/www.tvturk.com\/index.php\/wp-json\/wp\/v2\/users\/1"}],"replies":[{"embeddable":true,"href":"http:\/\/www.tvturk.com\/index.php\/wp-json\/wp\/v2\/comments?post=256580"}],"version-history":[{"count":0,"href":"http:\/\/www.tvturk.com\/index.php\/wp-json\/wp\/v2\/posts\/256580\/revisions"}],"wp:featuredmedia":[{"embeddable":true,"href":"http:\/\/www.tvturk.com\/index.php\/wp-json\/wp\/v2\/media\/256581"}],"wp:attachment":[{"href":"http:\/\/www.tvturk.com\/index.php\/wp-json\/wp\/v2\/media?parent=256580"}],"wp:term":[{"taxonomy":"category","embeddable":true,"href":"http:\/\/www.tvturk.com\/index.php\/wp-json\/wp\/v2\/categories?post=256580"},{"taxonomy":"post_tag","embeddable":true,"href":"http:\/\/www.tvturk.com\/index.php\/wp-json\/wp\/v2\/tags?post=256580"}],"curies":[{"name":"wp","href":"https:\/\/api.w.org\/{rel}","templated":true}]}}