{"id":256598,"date":"2020-01-17T10:17:21","date_gmt":"2020-01-17T07:17:21","guid":{"rendered":"http:\/\/www.tvturk.com\/index.php\/turkiyenin-yerli-ve-milli-ilk-hava-kirliligi-olcum-cihazi-airqoon\/"},"modified":"2020-01-17T10:17:21","modified_gmt":"2020-01-17T07:17:21","slug":"turkiyenin-yerli-ve-milli-ilk-hava-kirliligi-olcum-cihazi-airqoon","status":"publish","type":"post","link":"http:\/\/www.tvturk.com\/index.php\/turkiyenin-yerli-ve-milli-ilk-hava-kirliligi-olcum-cihazi-airqoon\/","title":{"rendered":"T\u00fcrkiye\u2019nin yerli ve milli ilk hava kirlili\u011fi \u00f6l\u00e7\u00fcm cihaz\u0131; Airqoon"},"content":{"rendered":"<p>T\u00fcrk M\u00fchendis Bar\u0131\u015f Can \u00dcst\u00fcnda\u011f ve ortaklar\u0131, giri\u015fimci ruhla kurduklar\u0131 firmalar\u0131 Inovatink ile T\u00fcrkiye\u2019nin ilk yerli ve milli hava kirlili\u011fi \u00f6l\u00e7\u00fcm cihaz\u0131 Airqoon\u2019u \u00fcretti. \u00dc\u00e7 y\u0131ll\u0131k bir \u00e7al\u0131\u015fman\u0131n sonucu olan Airqoon, hava kirlili\u011fini an\u0131nda \u00f6l\u00e7erek bilgilendiriyor, kolay kurulumu ve kaplad\u0131\u011f\u0131 alan\u0131n yan\u0131 s\u0131ra maliyetiyle de yerel y\u00f6netimlere tasarruf sa\u011fl\u0131yor.<\/p>\n<p>Ya\u015fam kalitemizi belirleyen en \u00f6nemli fakt\u00f6rlerin ba\u015f\u0131nda, soludu\u011fumuz havan\u0131n kalitesi geliyor. G\u00fcn\u00fcm\u00fczde b\u00fcy\u00fck \u015fehirlerdeki hava kalitesi s\u0131k\u00e7a sorgulan\u0131rken \u00fclkemizin yeti\u015ftirdi\u011fi giri\u015fimcilerden Mekatronik Y\u00fcksek M\u00fchendisi Bar\u0131\u015f Can \u00dcst\u00fcnda\u011f\u2019\u0131n Kurucu Orta\u011f\u0131 ve Ar &#8211; Ge sorumlusu oldu\u011fu Inovatink, T\u00fcrkiye\u2019de bir ilke imza att\u0131.<\/p>\n<p>\u00dc\u00e7 y\u0131ll\u0131k eme\u011fin kar\u015f\u0131l\u0131\u011f\u0131: Airqoon<\/p>\n<p>\u00dclkemizin ilk yerli ve milli hava kirlili\u011fi \u00f6l\u00e7\u00fcm cihaz\u0131 Airqoon, Inovatink taraf\u0131ndan \u00fcretildi. Yakla\u015f\u0131k \u00fc\u00e7 y\u0131ll\u0131k bir \u00e7al\u0131\u015fma sonucunda \u00fcretilen Airqoon, kendi enerjisini g\u00fcne\u015ften al\u0131yor, tak\/\u00e7al\u0131\u015ft\u0131r \u015feklinde \u00e7al\u0131\u015f\u0131yor ve \u00f6l\u00e7\u00fcmlerini d\u00fczenli olarak bulut ortam\u0131na aktar\u0131yor. Bu \u00f6l\u00e7\u00fcmler bulutta analiz edilerek haritalara, grafiklere aktar\u0131larak g\u00fcnl\u00fck\/haftal\u0131k raporlar al\u0131nabiliyor. Ayr\u0131ca bu veri, modellenerek ileriye d\u00f6n\u00fck tahminler de yap\u0131labiliyor.<\/p>\n<p>\u201cHava kirlili\u011fi, sa\u011fl\u0131k kalitemizi d\u00fc\u015f\u00fcr\u00fcyor\u201d<\/p>\n<p>Airqoon\u2019a dair de\u011ferlendirmelerde bulunan Inovatink Kurucu Orta\u011f\u0131 ve Ar &#8211; Ge Sorumlusu Mekatronik Y\u00fcksek M\u00fchendisi Bar\u0131\u015f Can \u00dcst\u00fcnda\u011f, \u015funlar\u0131 dile getirdi: \u201cYakla\u015f\u0131k 2 y\u0131ld\u0131r Sultanahmet, Maslak, Sar\u0131yer vb. alanlarda denemeler ger\u00e7ekle\u015ftirip test sonu\u00e7lar\u0131 topluyoruz. \u00d6l\u00e7\u00fcmlerimizi \u0130stanbul B\u00fcy\u00fck\u015fehir Belediyesi ile birlikte i\u015fletimini yapt\u0131klar\u0131 konteyner boyutunda ve laboratuvar hassasiyetindeki hava kalitesi kar\u015f\u0131la\u015ft\u0131rd\u0131k, y\u00fczde 90 ve \u00fcst\u00fcnde benzer \u00f6l\u00e7\u00fcm sonu\u00e7lar\u0131na ula\u015ft\u0131k. Avrupa \u00fclkeleri ile Amerika Birle\u015fik Devletleri\u2019nde Airqoon benzeri cihazlar var. Emsalleriyle kar\u015f\u0131la\u015ft\u0131rd\u0131\u011f\u0131m\u0131zda maliyet ve kalite bak\u0131m\u0131ndan avantajl\u0131 durumday\u0131z. S\u00fcrekli fuarlara kat\u0131l\u0131p ve kar\u015f\u0131la\u015ft\u0131rmalar yap\u0131p kendimizde iyile\u015ftirmeler i\u00e7in ara\u015ft\u0131rmalar yap\u0131yoruz. Aktif olarak hem il\/il\u00e7e belediyeleri hem de \u00f6zel sekt\u00f6rle i\u00e7 i\u00e7e \u00e7al\u0131\u015f\u0131yoruz. Sadece T\u00fcrkiye\u2019de de\u011fil yurt d\u0131\u015f\u0131nda \u00e7e\u015fitli \u00fclkelerde de sens\u00f6rlerimiz denendi ve pilot \u00e7al\u0131\u015fmalarda yer ald\u0131. Unutmayal\u0131m ki hava kirlili\u011fi, sa\u011fl\u0131k kalitemizi d\u00fc\u015f\u00fcr\u00fcyor ve gizli katil olarak kabul ediliyor. Bizde bu konuda \u00fczerimize d\u00fc\u015feni yapmaya \u00e7al\u0131\u015f\u0131yor, ya\u015fad\u0131\u011f\u0131m\u0131z \u00e7evrenin iyile\u015ftirilmesi i\u00e7in her g\u00fcn \u00e7aba sarf ediyoruz ve sarf etmeye devam ediyoruz.\u201d<\/p>\n","protected":false},"excerpt":{"rendered":"<p>T\u00dcRK M\u00dcHEND\u0130S BARI\u015e CAN \u00dcST\u00dcNDA\u011e VE ORTAKLARI, G\u0130R\u0130\u015e\u0130MC\u0130 RUHLA KURDUKLARI F\u0130RMALARI INOVAT\u0130NK \u0130LE T\u00dcRK\u0130YE\u2019N\u0130N \u0130LK YERL\u0130 VE M\u0130LL\u0130 HAVA K\u0130RL\u0130L\u0130\u011e\u0130 \u00d6L\u00c7\u00dcM C\u0130HAZI A\u0130RQOON\u2019U \u00dcRETT\u0130. \u00dc\u00c7 YILLIK B\u0130R \u00c7ALI\u015eMANIN SONUCU OLAN A\u0130RQOON, HAVA K\u0130RL\u0130L\u0130\u011e\u0130N\u0130 ANINDA \u00d6L\u00c7EREK B\u0130LG\u0130LEND\u0130R\u0130YOR, KOLAY KURULUMU VE KAPLADI\u011eI ALANIN YANI SIRA MAL\u0130YET\u0130YLE DE YEREL Y\u00d6NET\u0130MLERE TASARRUF SA\u011eLIYOR.<\/p>\n","protected":false},"author":1,"featured_media":256599,"comment_status":"closed","ping_status":"open","sticky":false,"template":"","format":"standard","meta":{"jetpack_post_was_ever_published":false,"_jetpack_newsletter_access":"","_jetpack_dont_email_post_to_subs":false,"_jetpack_newsletter_tier_id":0,"_jetpack_memberships_contains_paywalled_content":false,"_jetpack_memberships_contains_paid_content":false,"footnotes":"","jetpack_publicize_message":"","jetpack_publicize_feature_enabled":true,"jetpack_social_post_already_shared":true,"jetpack_social_options":{"image_generator_settings":{"template":"highway","default_image_id":0,"font":"","enabled":false},"version":2}},"categories":[1],"tags":[63437,16792,257,37,1081,429,63436,177,2454],"class_list":["post-256598","post","type-post","status-publish","format-standard","has-post-thumbnail","hentry","category-genel","tag-airqoon","tag-cihazi","tag-hava","tag-ilk","tag-kirliligi","tag-milli","tag-olcum","tag-turkiyenin","tag-yerli"],"jetpack_publicize_connections":[],"jetpack_featured_media_url":"https:\/\/i0.wp.com\/www.tvturk.com\/wp-content\/uploads\/2020\/01\/turkiyenin-yerli-ve-milli-ilk-hava-kirliligi-olcum-cihazi-airqoon_d4b96d8.jpg?fit=1000%2C615","jetpack_sharing_enabled":true,"jetpack_shortlink":"https:\/\/wp.me\/paKIfm-14KG","_links":{"self":[{"href":"http:\/\/www.tvturk.com\/index.php\/wp-json\/wp\/v2\/posts\/256598","targetHints":{"allow":["GET"]}}],"collection":[{"href":"http:\/\/www.tvturk.com\/index.php\/wp-json\/wp\/v2\/posts"}],"about":[{"href":"http:\/\/www.tvturk.com\/index.php\/wp-json\/wp\/v2\/types\/post"}],"author":[{"embeddable":true,"href":"http:\/\/www.tvturk.com\/index.php\/wp-json\/wp\/v2\/users\/1"}],"replies":[{"embeddable":true,"href":"http:\/\/www.tvturk.com\/index.php\/wp-json\/wp\/v2\/comments?post=256598"}],"version-history":[{"count":0,"href":"http:\/\/www.tvturk.com\/index.php\/wp-json\/wp\/v2\/posts\/256598\/revisions"}],"wp:featuredmedia":[{"embeddable":true,"href":"http:\/\/www.tvturk.com\/index.php\/wp-json\/wp\/v2\/media\/256599"}],"wp:attachment":[{"href":"http:\/\/www.tvturk.com\/index.php\/wp-json\/wp\/v2\/media?parent=256598"}],"wp:term":[{"taxonomy":"category","embeddable":true,"href":"http:\/\/www.tvturk.com\/index.php\/wp-json\/wp\/v2\/categories?post=256598"},{"taxonomy":"post_tag","embeddable":true,"href":"http:\/\/www.tvturk.com\/index.php\/wp-json\/wp\/v2\/tags?post=256598"}],"curies":[{"name":"wp","href":"https:\/\/api.w.org\/{rel}","templated":true}]}}