{"id":256618,"date":"2020-01-17T10:32:56","date_gmt":"2020-01-17T07:32:56","guid":{"rendered":"http:\/\/www.tvturk.com\/index.php\/yeni-malatyaspordan-birlik-ve-beraberlik-mesaji\/"},"modified":"2020-01-17T10:32:56","modified_gmt":"2020-01-17T07:32:56","slug":"yeni-malatyaspordan-birlik-ve-beraberlik-mesaji","status":"publish","type":"post","link":"http:\/\/www.tvturk.com\/index.php\/yeni-malatyaspordan-birlik-ve-beraberlik-mesaji\/","title":{"rendered":"Yeni Malatyaspor\u2019dan birlik ve beraberlik mesaj\u0131"},"content":{"rendered":"<p>Yeni Malatyaspor 2. Ba\u015fkan\u0131 Selim Pilten, camiaya seslenerek, \u201cYeter ki inanal\u0131m, gerisi kolay. \u00d6n\u00fcm\u00fczde tertemiz bir sayfa var. Biz bu temiz sayfaya g\u00fczel \u015feyler yazmak istiyoruz\u201d dedi.<\/p>\n<p>S\u00fcper Lig\u2019in ikinci yar\u0131s\u0131n\u0131n ilk ma\u00e7\u0131nda cumartesi g\u00fcn\u00fc deplasmanda Ba\u015fak\u015fehir ile kar\u015f\u0131la\u015facak Yeni Malatyaspor\u2019da Kul\u00fcp 2. Ba\u015fkan\u0131 Selim Pilten, kendilerini tamamen lige verdiklerini s\u00f6yledi.<\/p>\n<p>\u00d6nlerinde bulunan Ba\u015fak\u015fehir m\u00fccadelesini kazanmak i\u00e7in sahaya \u00e7\u0131kacaklar\u0131n\u0131 belirten Pilten, \u201c\u00d6n\u00fcm\u00fczde zorlu bir Ba\u015fak\u015fehir m\u00fcsabakas\u0131 var. Haz\u0131rl\u0131klar\u0131m\u0131za Sportif Direkt\u00f6r Ali Ravc\u0131 y\u00f6netiminde devam ediyoruz. Hocam\u0131z kendisini defalarca ispatlam\u0131\u015f bir isim. Bu a\u015famada da kendisine g\u00fcveniyoruz. Sergen hocam\u0131za da bundan sonraki futbol ya\u015fant\u0131s\u0131nda ba\u015far\u0131lar diliyoruz. Futbol d\u00fcnyas\u0131nda bu t\u00fcr ayr\u0131l\u0131klar hep olmu\u015ftur, bundan sonra da olacakt\u0131r. Art\u0131k \u00f6n\u00fcm\u00fczde tertemiz bir sayfa var. Biz bu temiz sayfaya g\u00fczel \u015feyler yazmak istiyoruz. Bu anlamda camiam\u0131z\u0131n bu s\u00fcre\u00e7te Ali Ravc\u0131 hocam\u0131za her anlamda destek olmas\u0131n\u0131 istiyoruz\u201d diye konu\u015ftu.<\/p>\n<p>\u201cAlaca\u011f\u0131m\u0131z puan ya da puanlar b\u00fcy\u00fck \u00f6nem ta\u015f\u0131yor\u201d<\/p>\n<p>Pilten, hafta sonu oynayacaklar\u0131 ma\u00e7a \u0130stanbul\u2019da ya\u015fayan Malatyal\u0131lar\u0131 da davet ederek, \u015funlar\u0131 s\u00f6yledi:<\/p>\n<p>\u201cHafta sonu deplasmanda Ba\u015fak\u015fehir tak\u0131m\u0131yla kar\u015f\u0131 kar\u015f\u0131ya gelece\u011fiz. Rakibimiz olduk\u00e7a kaliteli oyunculardan kurulu bir tak\u0131m. Oradan alaca\u011f\u0131m\u0131z puan ya da puanlar b\u00fcy\u00fck \u00f6nem ta\u015f\u0131yor. Taraftar\u0131m\u0131z\u0131n deste\u011fine ihtiyac\u0131m\u0131z olacak. \u0130stanbul\u2019da ya\u015fayan Malatyal\u0131lar\u0131 ma\u00e7\u0131m\u0131za bekliyoruz.\u201d<\/p>\n","protected":false},"excerpt":{"rendered":"<p>SEL\u0130M P\u0130LTEN (ORTADAK\u0130) \u201cYETER K\u0130 \u0130NANALIM, GER\u0130S\u0130 KOLAY&#8221;DED\u0130.<\/p>\n","protected":false},"author":1,"featured_media":256619,"comment_status":"closed","ping_status":"open","sticky":false,"template":"","format":"standard","meta":{"jetpack_post_was_ever_published":false,"_jetpack_newsletter_access":"","_jetpack_dont_email_post_to_subs":false,"_jetpack_newsletter_tier_id":0,"_jetpack_memberships_contains_paywalled_content":false,"_jetpack_memberships_contains_paid_content":false,"footnotes":"","jetpack_publicize_message":"","jetpack_publicize_feature_enabled":true,"jetpack_social_post_already_shared":true,"jetpack_social_options":{"image_generator_settings":{"template":"highway","default_image_id":0,"font":"","enabled":false},"version":2}},"categories":[657],"tags":[6497,6496,14724,3121,87],"class_list":["post-256618","post","type-post","status-publish","format-standard","has-post-thumbnail","hentry","category-spor","tag-beraberlik","tag-birlik","tag-malatyaspordan","tag-mesaji","tag-yeni"],"jetpack_publicize_connections":[],"jetpack_featured_media_url":"https:\/\/i0.wp.com\/www.tvturk.com\/wp-content\/uploads\/2020\/01\/yeni-malatyaspordan-birlik-ve-beraberlik-mesaji_c7143c1.jpg?fit=1000%2C889","jetpack_sharing_enabled":true,"jetpack_shortlink":"https:\/\/wp.me\/paKIfm-14L0","_links":{"self":[{"href":"http:\/\/www.tvturk.com\/index.php\/wp-json\/wp\/v2\/posts\/256618","targetHints":{"allow":["GET"]}}],"collection":[{"href":"http:\/\/www.tvturk.com\/index.php\/wp-json\/wp\/v2\/posts"}],"about":[{"href":"http:\/\/www.tvturk.com\/index.php\/wp-json\/wp\/v2\/types\/post"}],"author":[{"embeddable":true,"href":"http:\/\/www.tvturk.com\/index.php\/wp-json\/wp\/v2\/users\/1"}],"replies":[{"embeddable":true,"href":"http:\/\/www.tvturk.com\/index.php\/wp-json\/wp\/v2\/comments?post=256618"}],"version-history":[{"count":0,"href":"http:\/\/www.tvturk.com\/index.php\/wp-json\/wp\/v2\/posts\/256618\/revisions"}],"wp:featuredmedia":[{"embeddable":true,"href":"http:\/\/www.tvturk.com\/index.php\/wp-json\/wp\/v2\/media\/256619"}],"wp:attachment":[{"href":"http:\/\/www.tvturk.com\/index.php\/wp-json\/wp\/v2\/media?parent=256618"}],"wp:term":[{"taxonomy":"category","embeddable":true,"href":"http:\/\/www.tvturk.com\/index.php\/wp-json\/wp\/v2\/categories?post=256618"},{"taxonomy":"post_tag","embeddable":true,"href":"http:\/\/www.tvturk.com\/index.php\/wp-json\/wp\/v2\/tags?post=256618"}],"curies":[{"name":"wp","href":"https:\/\/api.w.org\/{rel}","templated":true}]}}