{"id":256652,"date":"2020-01-17T11:16:42","date_gmt":"2020-01-17T08:16:42","guid":{"rendered":"http:\/\/www.tvturk.com\/index.php\/siringali-cikolatadan-oglunu-kaybetmisti-son-karnesini-aldi\/"},"modified":"2020-01-17T11:16:42","modified_gmt":"2020-01-17T08:16:42","slug":"siringali-cikolatadan-oglunu-kaybetmisti-son-karnesini-aldi","status":"publish","type":"post","link":"http:\/\/www.tvturk.com\/index.php\/siringali-cikolatadan-oglunu-kaybetmisti-son-karnesini-aldi\/","title":{"rendered":"\u015e\u0131r\u0131ngal\u0131 \u00e7ikolatadan o\u011flunu kaybetmi\u015fti, son karnesini ald\u0131"},"content":{"rendered":"<p>Diyarbak\u0131r\u2019da \u015f\u0131r\u0131ngal\u0131 \u00e7ikolatan\u0131n kapa\u011f\u0131n\u0131n nefes borusuna ka\u00e7mas\u0131 sonucu hayat\u0131n\u0131 kaybeden 7 ya\u015f\u0131ndaki Umut Bilgi\u2019nin karnesini annesi g\u00f6zya\u015flar\u0131 i\u00e7erisinde ald\u0131. \u00d6\u011fretmenleri ve s\u0131n\u0131f arkada\u015flar\u0131 Umut\u2019un masas\u0131na \u00e7i\u00e7ek b\u0131rakt\u0131.<\/p>\n<p>Diyarbak\u0131r\u2019\u0131n Yeni\u015fehir il\u00e7esi Seyrantepe Mahallesi\u2019nde ya\u015fayan 7 ya\u015f\u0131ndaki Umut Bilgi, 25 Kas\u0131m 2019\u2019da okul \u00e7\u0131k\u0131\u015f\u0131nda bir marketten ald\u0131\u011f\u0131 \u015f\u0131r\u0131nga \u015feklindeki \u00e7ikolatan\u0131n kapa\u011f\u0131n\u0131n nefes borusuna ka\u00e7mas\u0131 sonucu ambulansla Diyarbak\u0131r Dicle \u00dcniversitesi T\u0131p Fak\u00fcltesine kald\u0131r\u0131lm\u0131\u015ft\u0131. 9 g\u00fcn ya\u015fam m\u00fccadelesi veren Umut, 5 Aral\u0131k 2019\u2019da yap\u0131lan t\u00fcm m\u00fcdahalelere ra\u011fmen kurtar\u0131lamayarak hayat\u0131n\u0131 kaybetmi\u015fti. Talihsiz bir \u015fekilde hayat\u0131n\u0131 kaybeden Umut\u2019un okulunda arkada\u015flar\u0131 karnelerini ald\u0131. Umut\u2019un annesi G\u00fcl\u015fen Bilgi de evlad\u0131n\u0131n okuluna giderek karnesini ald\u0131. G\u00f6zya\u015flar\u0131 i\u00e7erisinde o\u011flunun karnesini alan ac\u0131l\u0131 anne, \u00e7ocuklar i\u00e7in tehlikeli \u00fcr\u00fcnlerin sat\u0131lmamas\u0131 ad\u0131na ellerinden geleni yapacaklar\u0131n\u0131 s\u00f6yledi.<\/p>\n<p>\u201c\u0130lk karnesi de\u011fildi ama son karnesi oldu\u201d<\/p>\n<p>G\u00fcl\u015fen Bilgi, ald\u0131\u011f\u0131 karnenin o\u011flunun ilk karnesi olmad\u0131\u011f\u0131n\u0131 ama son karnesi oldu\u011funu s\u00f6yledi. Bilgi, \u201c\u015eu anda o\u011flumun burada olmas\u0131n\u0131 isterdim, karnesini kendisinin almas\u0131n\u0131 isterdim. Ama i\u015fte kader izin vermedi, \u00f6yle bir \u015fey olmad\u0131. O\u011flum \u015fuan yok, onun yerine ben ald\u0131m karnesini. \u0130lk karnesi de\u011fildi ama son karnesi oldu. Karnesi her zaman iyiydi, okulunu \u00e7ok seviyordu, hatta okulu \u00e7ok sevdi\u011fi i\u00e7in erken okula kaydetmi\u015ftik. Daha 7 ya\u015f\u0131ndayd\u0131 ama 2. s\u0131n\u0131fa geliyordu. \u015euan ac\u0131m\u0131n i\u00e7erisinde ya\u015f\u0131yorum. Y\u00fcre\u011fim yand\u0131\u011f\u0131 i\u00e7in i\u00e7imden hi\u00e7bir \u015fey s\u00f6ylemek gelmiyor. B\u00f6yle \u015feylerin sat\u0131lmamas\u0131 i\u00e7in elimizden geleni yap\u0131yoruz, s\u00f6yledik, \u015fikayette de bulunduk. Hepsi kald\u0131r\u0131ld\u0131 topland\u0131 ama o olmasa da ba\u015fka \u015feyler \u00fcretecekler, yine \u00e7ocuklara sebep olacaklar. \u0130n\u015fallah bir daha \u00f6yle bir \u015fey ya\u015fanmaz, ba\u015fka ailelerin y\u00fcre\u011fi yanmaz. Olaydan sonra okula gelmemi\u015ftim, ilk defa geliyorum. O\u011flumun karnesi i\u00e7in geldim. O\u011flum okulunu, arkada\u015flar\u0131n\u0131, \u00f6\u011fretmenini \u00e7ok seviyordu, ama olmad\u0131 yar\u0131m kald\u0131\u201d dedi.<\/p>\n","protected":false},"excerpt":{"rendered":"<p>D\u0130YARBAKIR\u2019DA \u015eIRINGALI \u00c7\u0130KOLATANIN KAPA\u011eININ NEFES BORUSUNA KA\u00c7MASI SONUCU 7 YA\u015eINDAK\u0130 UMUT HAYATINI KAYBETM\u0130\u015eT\u0130. UMUT\u2019UN KARNES\u0130N\u0130 ANNES\u0130 G\u00dcL\u015eEN B\u0130LG\u0130, G\u00d6ZYA\u015eLARI \u0130\u00c7ERS\u0130N DE ALDI.<\/p>\n","protected":false},"author":1,"featured_media":256653,"comment_status":"closed","ping_status":"open","sticky":false,"template":"","format":"standard","meta":{"jetpack_post_was_ever_published":false,"_jetpack_newsletter_access":"","_jetpack_dont_email_post_to_subs":false,"_jetpack_newsletter_tier_id":0,"_jetpack_memberships_contains_paywalled_content":false,"_jetpack_memberships_contains_paid_content":false,"footnotes":"","jetpack_publicize_message":"","jetpack_publicize_feature_enabled":true,"jetpack_social_post_already_shared":true,"jetpack_social_options":{"image_generator_settings":{"template":"highway","default_image_id":0,"font":"","enabled":false},"version":2}},"categories":[1],"tags":[1075,60243,40653,51522,8527,60242,1240],"class_list":["post-256652","post","type-post","status-publish","format-standard","has-post-thumbnail","hentry","category-genel","tag-aldi","tag-cikolatadan","tag-karnesini","tag-kaybetmisti","tag-oglunu","tag-siringali","tag-son"],"jetpack_publicize_connections":[],"jetpack_featured_media_url":"https:\/\/i0.wp.com\/www.tvturk.com\/wp-content\/uploads\/2020\/01\/siringali-cikolatadan-oglunu-kaybetmisti-son-karnesini-aldi_d813fd1.jpg?fit=1000%2C666","jetpack_sharing_enabled":true,"jetpack_shortlink":"https:\/\/wp.me\/paKIfm-14Ly","_links":{"self":[{"href":"http:\/\/www.tvturk.com\/index.php\/wp-json\/wp\/v2\/posts\/256652","targetHints":{"allow":["GET"]}}],"collection":[{"href":"http:\/\/www.tvturk.com\/index.php\/wp-json\/wp\/v2\/posts"}],"about":[{"href":"http:\/\/www.tvturk.com\/index.php\/wp-json\/wp\/v2\/types\/post"}],"author":[{"embeddable":true,"href":"http:\/\/www.tvturk.com\/index.php\/wp-json\/wp\/v2\/users\/1"}],"replies":[{"embeddable":true,"href":"http:\/\/www.tvturk.com\/index.php\/wp-json\/wp\/v2\/comments?post=256652"}],"version-history":[{"count":0,"href":"http:\/\/www.tvturk.com\/index.php\/wp-json\/wp\/v2\/posts\/256652\/revisions"}],"wp:featuredmedia":[{"embeddable":true,"href":"http:\/\/www.tvturk.com\/index.php\/wp-json\/wp\/v2\/media\/256653"}],"wp:attachment":[{"href":"http:\/\/www.tvturk.com\/index.php\/wp-json\/wp\/v2\/media?parent=256652"}],"wp:term":[{"taxonomy":"category","embeddable":true,"href":"http:\/\/www.tvturk.com\/index.php\/wp-json\/wp\/v2\/categories?post=256652"},{"taxonomy":"post_tag","embeddable":true,"href":"http:\/\/www.tvturk.com\/index.php\/wp-json\/wp\/v2\/tags?post=256652"}],"curies":[{"name":"wp","href":"https:\/\/api.w.org\/{rel}","templated":true}]}}