{"id":256730,"date":"2020-01-17T12:47:37","date_gmt":"2020-01-17T09:47:37","guid":{"rendered":"http:\/\/www.tvturk.com\/index.php\/izmirde-ozel-ogrencilerin-karne-heyecani\/"},"modified":"2020-01-17T12:47:37","modified_gmt":"2020-01-17T09:47:37","slug":"izmirde-ozel-ogrencilerin-karne-heyecani","status":"publish","type":"post","link":"http:\/\/www.tvturk.com\/index.php\/izmirde-ozel-ogrencilerin-karne-heyecani\/","title":{"rendered":"\u0130zmir\u2019de \u00f6zel \u00f6\u011frencilerin karne heyecan\u0131"},"content":{"rendered":"<p>\u0130zmir\u2019de, 2019-2020 e\u011fitim \u00f6\u011fretim y\u0131l\u0131n\u0131n ilk yar\u0131s\u0131n\u0131n sona ermesiyle \u00f6zel \u00f6\u011frencilerde karne heyecan\u0131 ya\u015fad\u0131.<\/p>\n<p>\u0130zmir \u00d6zel Bornova Hasan Tahsin \u00d6zel E\u011fitim Meslek Okulunda okuyan \u00f6zel \u00f6\u011frenciler, d\u00fczenlenen t\u00f6renle karnelerini alman\u0131n sevincini ya\u015fad\u0131. D\u00fczenlenen karne t\u00f6reninde; a\u015f\u00e7\u0131l\u0131k at\u00f6lyesi, el sanatlar\u0131 at\u00f6lyesi ve seramik at\u00f6lyeleri gezilerek \u00f6zel \u00f6\u011frencilere karne ve hediyeleri takdim edildi. Karne t\u00f6reninde konu\u015fan \u0130zmir \u0130l Milli E\u011fitim M\u00fcd\u00fcr\u00fc \u00d6mer Yah\u015fi, \u00f6zel \u00f6\u011frencilerin karne sevincine ortak olman\u0131n mutlulu\u011funu ya\u015fad\u0131klar\u0131n\u0131 s\u00f6yledi.<\/p>\n<p>&#8220;\u00c7al\u0131\u015fmalar\u0131 g\u00f6rmeye takdire \u015fayan bir okul olarak ortada&#8221;<\/p>\n<p>\u00d6mer Yah\u015fi, &#8220;\u00d6zel e\u011fitim okulunda \u00f6\u011frencilerimize karnelerini takdim ediyoruz. \u00c7ocuklar\u0131m\u0131z\u0131n ger\u00e7ekten ba\u015far\u0131lar\u0131n\u0131 ve beceri tasar\u0131m at\u00f6lyelerindeki \u00e7al\u0131\u015fmalar\u0131 g\u00f6rmeye takdire \u015fayan bir okul olarak ortada. Birinci d\u00f6nemi kazas\u0131z belas\u0131z \u015fekilde kapatman\u0131n mutlulu\u011fu i\u00e7erisindeyiz. \u00d6zellikle \u00f6zel e\u011fitim okulunda \u00f6\u011frencilerimizin mutlulu\u011funu payla\u015fmak i\u00e7in buray\u0131 se\u00e7tik. Ger\u00e7ekten 7 tane at\u00f6lyenin birbirinden de\u011ferli ve k\u0131ymetli \u00f6\u011fretmenlerimizle birlikte \u00e7ocuklar\u0131m\u0131z\u0131 sekt\u00f6re kazand\u0131rmak ve sekt\u00f6rde i\u015f bulma konusunda istihdama y\u00f6nelik \u00e7al\u0131\u015fma yap\u0131lan bir okulday\u0131z. Buradaki \u00f6\u011frencilerimiz \u00f6zel \u00f6\u011frenciler ve bu \u00f6\u011frencilerimizin ba\u015far\u0131s\u0131n\u0131 da hem \u0130zmirlilere hem T\u00fcrkiye\u2019ye g\u00f6sterme a\u00e7\u0131s\u0131ndan sizlerle payla\u015fmak istedik&#8221; dedi.<\/p>\n<p>Yakla\u015f\u0131k 800 bin \u00f6\u011frenci karne heyecan\u0131 ya\u015fad\u0131<\/p>\n<p>Karne sevinci ya\u015fayan \u00f6zel \u00f6\u011frenci Murat Sel\u00e7uk, &#8220;Kendimi \u00e7ok iyi hissediyorum, gayet mutluyum ba\u015far\u0131l\u0131 durumday\u0131m. Mutlu oldum takdir ald\u0131m. Tatilde sinemaya gidece\u011fim, kitap okuyaca\u011f\u0131m, test kitaplar\u0131n\u0131 \u00e7al\u0131\u015faca\u011f\u0131m. Arkada\u015flar\u0131m s\u00f6ylemek istedi\u011fim \u015fey; \u00e7ok iyi \u00e7al\u0131\u015f\u0131n, \u00e7ok iyi \u015feyler yap\u0131n. \u0130yi \u00e7al\u0131\u015fmay\u0131 unutmay\u0131n ve ihmal etmeyin&#8221; dedi.<\/p>\n<p>Tatil heyecan\u0131 ya\u015fayan B\u00fc\u015fra Mank\u0131r da &#8220;\u00c7ok mutluyum karne ald\u0131\u011f\u0131m i\u00e7in. Bir s\u00fcr\u00fc dersi \u00e7al\u0131\u015ft\u0131m. Tatil neler yapaca\u011f\u0131m bilmiyorum. Arkada\u015flar\u0131mda \u00e7al\u0131\u015f\u0131p als\u0131nlar. Biz burada seramik boyuyoruz&#8221; diye konu\u015ftu.<\/p>\n<p>T\u00f6rene ayr\u0131ca Vali Yard\u0131mc\u0131s\u0131 Erhan G\u00fcnay, Bornova Kaymakam\u0131 Fatih Genel, veliler ve \u00f6\u011fretmenlerde kat\u0131ld\u0131. \u00d6te yandan, \u0130zmir genelinde yakla\u015f\u0131k 800 bin \u00f6\u011frencinin karne heyecan\u0131 ya\u015fad\u0131\u011f\u0131 \u00f6\u011frenildi.<\/p>\n","protected":false},"excerpt":{"rendered":"<p>\u0130ZM\u0130R&#8217;DE 2019-2020 E\u011e\u0130T\u0130M \u00d6\u011eRET\u0130M YILININ \u0130LK YARISININ SONA ERMES\u0130YLE \u00d6ZEL \u00d6\u011eRENC\u0130LER KARNE HEYECANI YA\u015eADI.<\/p>\n","protected":false},"author":1,"featured_media":256731,"comment_status":"closed","ping_status":"open","sticky":false,"template":"","format":"standard","meta":{"jetpack_post_was_ever_published":false,"_jetpack_newsletter_access":"","_jetpack_dont_email_post_to_subs":false,"_jetpack_newsletter_tier_id":0,"_jetpack_memberships_contains_paywalled_content":false,"_jetpack_memberships_contains_paid_content":false,"footnotes":"","jetpack_publicize_message":"","jetpack_publicize_feature_enabled":true,"jetpack_social_post_already_shared":true,"jetpack_social_options":{"image_generator_settings":{"template":"highway","default_image_id":0,"font":"","enabled":false},"version":2}},"categories":[1],"tags":[1073,1179,1554,39150,4503],"class_list":["post-256730","post","type-post","status-publish","format-standard","has-post-thumbnail","hentry","category-genel","tag-ozel","tag-heyecani","tag-izmirde","tag-karne","tag-ogrencilerin"],"jetpack_publicize_connections":[],"jetpack_featured_media_url":"https:\/\/i0.wp.com\/www.tvturk.com\/wp-content\/uploads\/2020\/01\/izmirde-ozel-ogrencilerin-karne-heyecani_c6d3e05.jpg?fit=1000%2C586","jetpack_sharing_enabled":true,"jetpack_shortlink":"https:\/\/wp.me\/paKIfm-14MO","_links":{"self":[{"href":"http:\/\/www.tvturk.com\/index.php\/wp-json\/wp\/v2\/posts\/256730","targetHints":{"allow":["GET"]}}],"collection":[{"href":"http:\/\/www.tvturk.com\/index.php\/wp-json\/wp\/v2\/posts"}],"about":[{"href":"http:\/\/www.tvturk.com\/index.php\/wp-json\/wp\/v2\/types\/post"}],"author":[{"embeddable":true,"href":"http:\/\/www.tvturk.com\/index.php\/wp-json\/wp\/v2\/users\/1"}],"replies":[{"embeddable":true,"href":"http:\/\/www.tvturk.com\/index.php\/wp-json\/wp\/v2\/comments?post=256730"}],"version-history":[{"count":0,"href":"http:\/\/www.tvturk.com\/index.php\/wp-json\/wp\/v2\/posts\/256730\/revisions"}],"wp:featuredmedia":[{"embeddable":true,"href":"http:\/\/www.tvturk.com\/index.php\/wp-json\/wp\/v2\/media\/256731"}],"wp:attachment":[{"href":"http:\/\/www.tvturk.com\/index.php\/wp-json\/wp\/v2\/media?parent=256730"}],"wp:term":[{"taxonomy":"category","embeddable":true,"href":"http:\/\/www.tvturk.com\/index.php\/wp-json\/wp\/v2\/categories?post=256730"},{"taxonomy":"post_tag","embeddable":true,"href":"http:\/\/www.tvturk.com\/index.php\/wp-json\/wp\/v2\/tags?post=256730"}],"curies":[{"name":"wp","href":"https:\/\/api.w.org\/{rel}","templated":true}]}}