{"id":256736,"date":"2020-01-17T13:02:11","date_gmt":"2020-01-17T10:02:11","guid":{"rendered":"http:\/\/www.tvturk.com\/index.php\/sehit-babasi-hurdalardan-mini-kamyonet-yapti\/"},"modified":"2020-01-17T13:02:11","modified_gmt":"2020-01-17T10:02:11","slug":"sehit-babasi-hurdalardan-mini-kamyonet-yapti","status":"publish","type":"post","link":"http:\/\/www.tvturk.com\/index.php\/sehit-babasi-hurdalardan-mini-kamyonet-yapti\/","title":{"rendered":"\u015eehit Babas\u0131 hurdalardan &#8220;mini kamyonet&#8221; yapt\u0131"},"content":{"rendered":"<p>Elaz\u0131\u011fl\u0131 \u015fehit babas\u0131  \u0130srafil Ercan, kendi imkanlar\u0131yla hurda par\u00e7alar\u0131n\u0131 birle\u015ftirerek \u2018Yerli, Milli ve K\u00f6yl\u00fc\u201d ismini verdi\u011fi mini kamyonet yapt\u0131.<\/p>\n<p>Hakkari\u2019nin \u00c7ukurca il\u00e7esinde 19 Ekim 2011 tarihinde ter\u00f6ristlerle \u00e7\u0131kan \u00e7at\u0131\u015fmada \u015fehit olan Piyade Uzman \u00c7avu\u015f Ra\u015fit Ercan\u2019\u0131n babas\u0131 \u0130srafil Ercan, hurda par\u00e7alar\u0131n\u0131 kendi imkanlar\u0131yla birle\u015ftirerek mini kamyonet yapt\u0131. Elaz\u0131\u011f\u2019\u0131n Kovanc\u0131lar il\u00e7esine ba\u011fl\u0131 Yar\u0131mca beldesinde ya\u015fayan ve yakla\u015f\u0131k 50 y\u0131l t\u0131r \u015fof\u00f6rl\u00fc\u011f\u00fc yapan Baba Ercan, kendi imkanlar\u0131yla aylar s\u00fcren eme\u011fin ard\u0131ndan \u00e7al\u0131\u015f\u0131r duruma getirdi\u011fi \u2018Yerli, Milli ve K\u00f6yl\u00fc\u2019 ismini verdi\u011fi  kamyoneti ula\u015f\u0131mda ve bah\u00e7ede kullanarak daha da geli\u015ftirmeyi planl\u0131yor.<\/p>\n<p>\u00d6te yandan  \u015fehidinin ac\u0131s\u0131 nedeniyle kendine bir u\u011fra\u015f arad\u0131\u011f\u0131n\u0131 ifade eden Ercan, Cumhurba\u015fkan\u0131 Recep Tayyip Erdo\u011fan\u2019\u0131n yerli ve milli bir araba yapt\u0131rd\u0131\u011f\u0131n\u0131 kendisinin de milli ve k\u00f6yl\u00fc bir kamyonet yapt\u0131\u011f\u0131n\u0131 aktard\u0131.<\/p>\n<p>&#8220;\u015eehit bizim i\u00e7in b\u00fcy\u00fck bir gururdur&#8221;<\/p>\n<p>Bir o\u011flunu vatana feda etti\u011fini gerekti\u011finde kendisi dahil d\u00f6rt o\u011flunu daha feda etmeye haz\u0131r oldu\u011funu belirten \u0130srafil Ercan, \u201c2011\u2019in Ekim ay\u0131nda o\u011flum \u015fehit oldu. O \u015fehadet mertebesinden sonra \u00fczerimdeki stres ve ac\u0131y\u0131 atmak i\u00e7in bu arac\u0131 yapmaya ba\u015flad\u0131m. \u015eehit, bizim i\u00e7in b\u00fcy\u00fck  bir gururdur. Hepimizin istedi\u011fi bir \u015feydir. Ben ve d\u00f6rt tane o\u011flum  daha var, devletimiz ve vatan\u0131m\u0131z u\u011fruna gerekti\u011fi her an \u015fehit olmaya haz\u0131r\u0131z. Onun i\u00e7in hi\u00e7bir teredd\u00fct de yoktur\u201d dedi.<\/p>\n<p>Hurdalardan kamyonet yapt\u0131\u011f\u0131n\u0131 dile getiren Ercan, \u201cStresimi atmak i\u00e7in bu i\u015fe y\u00f6neldim. Bu makineyi kendi imkanlar\u0131mla hurdalar\u0131n par\u00e7alar\u0131n\u0131 toplay\u0131p yapt\u0131m. 2 senedir u\u011fra\u015f\u0131yorum ve daha yedi ayl\u0131k bir i\u015fi var. \u0130n\u015fallah yava\u015f yava\u015f elektrik ve damperini de yapaca\u011f\u0131m. Zamanla her \u015feyi yapaca\u011f\u0131m\u201d \u015feklinde konu\u015ftu.<\/p>\n<p>Erdo\u011fan\u2019\u0131n yapt\u0131\u011f\u0131 &#8220;Yerli ve Milli, benimki Yerli, Milli ve K\u00f6yl\u00fc&#8221;<\/p>\n<p>Kamyonetine \u2019Yerli, Milli ve K\u00f6yl\u00fc\u2019 isimini verdi\u011fini de dile getiren Ercan, \u201c Cumhurba\u015fkan\u0131m\u0131z Recep Tayyip Erdo\u011fan, \u00f6yle bir proje yapt\u0131 ki d\u00fcnya \u00e7ap\u0131nda birinci s\u0131rada. \u00c7ok g\u00fczel bir proje. Ne kadar sevindi\u011fimi ve gurur duydu\u011fumu anlatamam. Onun yapm\u0131\u015f oldu\u011fu arabalar \u2018Yerli ve Milli\u2019, benimki ise \u2018Yerli, Milli ve K\u00f6yl\u00fc\u2019 tarz\u0131nda bir proje.  Cumhurba\u015fkan\u0131m\u0131z\u0131n yapt\u0131\u011f\u0131 gurur duyulacak bir \u015fey\u201ddiyerek s\u00f6zlerini tamamlad\u0131.<\/p>\n","protected":false},"excerpt":{"rendered":"<p>ELAZI\u011eLI \u015eEH\u0130T BABASI  \u0130SRAF\u0130L ERCAN, KEND\u0130 \u0130MKANLARIYLA HURDA PAR\u00c7ALARINI B\u0130RLE\u015eT\u0130REREK \u2018YERL\u0130, M\u0130LL\u0130 VE K\u00d6YL\u00dc\u201d \u0130SM\u0130N\u0130 VERD\u0130\u011e\u0130 M\u0130N\u0130 B\u0130R KAMYONET YAPTI<\/p>\n","protected":false},"author":1,"featured_media":256737,"comment_status":"closed","ping_status":"open","sticky":false,"template":"","format":"standard","meta":{"jetpack_post_was_ever_published":false,"_jetpack_newsletter_access":"","_jetpack_dont_email_post_to_subs":false,"_jetpack_newsletter_tier_id":0,"_jetpack_memberships_contains_paywalled_content":false,"_jetpack_memberships_contains_paid_content":false,"footnotes":"","jetpack_publicize_message":"","jetpack_publicize_feature_enabled":true,"jetpack_social_post_already_shared":true,"jetpack_social_options":{"image_generator_settings":{"template":"highway","default_image_id":0,"font":"","enabled":false},"version":2}},"categories":[1],"tags":[31192,1841,33497,6657,237,292],"class_list":["post-256736","post","type-post","status-publish","format-standard","has-post-thumbnail","hentry","category-genel","tag-mini","tag-babasi","tag-hurdalardan","tag-kamyonet","tag-sehit","tag-yapti"],"jetpack_publicize_connections":[],"jetpack_featured_media_url":"https:\/\/i0.wp.com\/www.tvturk.com\/wp-content\/uploads\/2020\/01\/sehit-babasi-hurdalardan-mini-kamyonet-yapti_112c610.jpg?fit=1000%2C666","jetpack_sharing_enabled":true,"jetpack_shortlink":"https:\/\/wp.me\/paKIfm-14MU","_links":{"self":[{"href":"http:\/\/www.tvturk.com\/index.php\/wp-json\/wp\/v2\/posts\/256736","targetHints":{"allow":["GET"]}}],"collection":[{"href":"http:\/\/www.tvturk.com\/index.php\/wp-json\/wp\/v2\/posts"}],"about":[{"href":"http:\/\/www.tvturk.com\/index.php\/wp-json\/wp\/v2\/types\/post"}],"author":[{"embeddable":true,"href":"http:\/\/www.tvturk.com\/index.php\/wp-json\/wp\/v2\/users\/1"}],"replies":[{"embeddable":true,"href":"http:\/\/www.tvturk.com\/index.php\/wp-json\/wp\/v2\/comments?post=256736"}],"version-history":[{"count":0,"href":"http:\/\/www.tvturk.com\/index.php\/wp-json\/wp\/v2\/posts\/256736\/revisions"}],"wp:featuredmedia":[{"embeddable":true,"href":"http:\/\/www.tvturk.com\/index.php\/wp-json\/wp\/v2\/media\/256737"}],"wp:attachment":[{"href":"http:\/\/www.tvturk.com\/index.php\/wp-json\/wp\/v2\/media?parent=256736"}],"wp:term":[{"taxonomy":"category","embeddable":true,"href":"http:\/\/www.tvturk.com\/index.php\/wp-json\/wp\/v2\/categories?post=256736"},{"taxonomy":"post_tag","embeddable":true,"href":"http:\/\/www.tvturk.com\/index.php\/wp-json\/wp\/v2\/tags?post=256736"}],"curies":[{"name":"wp","href":"https:\/\/api.w.org\/{rel}","templated":true}]}}