{"id":256784,"date":"2020-01-17T14:02:52","date_gmt":"2020-01-17T11:02:52","guid":{"rendered":"http:\/\/www.tvturk.com\/index.php\/yeni-ordusporun-ismi-ve-logosu-degisti\/"},"modified":"2020-01-17T14:02:52","modified_gmt":"2020-01-17T11:02:52","slug":"yeni-ordusporun-ismi-ve-logosu-degisti","status":"publish","type":"post","link":"http:\/\/www.tvturk.com\/index.php\/yeni-ordusporun-ismi-ve-logosu-degisti\/","title":{"rendered":"Yeni Orduspor\u2019un ismi ve logosu de\u011fi\u015fti"},"content":{"rendered":"<p>TFF 3. Lig 1. Grup tak\u0131mlar\u0131ndan Yeni Orduspor\u2019un isim ve logosu de\u011fi\u015fti. Buna g\u00f6re Yeni Orduspor\u2019un ismi 52 Orduspor Futbol Kul\u00fcb\u00fc olarak tescillendi.<\/p>\n<p>\u015e\u00fckr\u00fc Bodur\u2019un Kul\u00fcp Ba\u015fkanl\u0131\u011f\u0131na se\u00e7ilmesinin ard\u0131ndan yeni bir olu\u015fuma giden mor beyazl\u0131 tak\u0131m ilk i\u015f olarak isim ve logosunu de\u011fi\u015ftirdi. Kapanan Orduspor\u2019un yerine olu\u015fturulan bir ekiple yola \u00e7\u0131kan tak\u0131m\u0131n isminin 52 Orduspor Futbol Kul\u00fcb\u00fc olmas\u0131 ve mor-beyaz renk a\u011f\u0131rl\u0131kl\u0131 logosunun de\u011fi\u015fmesi 22 Aral\u0131k 2019 tarihinde yap\u0131lan genel kurulda kabul edildi.<\/p>\n<p>Genel kurulun ald\u0131\u011f\u0131 karar T\u00fcrkiye Futbol Federasyonuna(TFF) g\u00f6nderildi. TFF Y\u00f6netim Kurulu, yapt\u0131\u011f\u0131 toplant\u0131da Yeni Orduspor\u2019un isminin de\u011fi\u015ftirilmesini ve yeni logosunun kabul edilmesine karar verdi. Yeni isim ve logo TFF web sitesinden duyuruldu.<\/p>\n","protected":false},"excerpt":{"rendered":"<p>TFF 3. L\u0130G TAKIMLARINDAN YEN\u0130 ORDUSPOR&#8217;UN \u0130SM\u0130 52 ORDUSPOR FUTBOL KUL\u00dcB\u00dc OLARAK TESC\u0130LLEN\u0130RKEN LOGOSU DE\u011e\u0130\u015eT\u0130<\/p>\n","protected":false},"author":1,"featured_media":256785,"comment_status":"closed","ping_status":"open","sticky":false,"template":"","format":"standard","meta":{"jetpack_post_was_ever_published":false,"_jetpack_newsletter_access":"","_jetpack_dont_email_post_to_subs":false,"_jetpack_newsletter_tier_id":0,"_jetpack_memberships_contains_paywalled_content":false,"_jetpack_memberships_contains_paid_content":false,"footnotes":"","jetpack_publicize_message":"","jetpack_publicize_feature_enabled":true,"jetpack_social_post_already_shared":true,"jetpack_social_options":{"image_generator_settings":{"template":"highway","default_image_id":0,"font":"","enabled":false},"version":2}},"categories":[657],"tags":[2895,633,41525,63476,87],"class_list":["post-256784","post","type-post","status-publish","format-standard","has-post-thumbnail","hentry","category-spor","tag-degisti","tag-ismi","tag-logosu","tag-ordusporun","tag-yeni"],"jetpack_publicize_connections":[],"jetpack_featured_media_url":"https:\/\/i0.wp.com\/www.tvturk.com\/wp-content\/uploads\/2020\/01\/yeni-ordusporun-ismi-ve-logosu-degisti_27fff19.jpg?fit=972%2C413","jetpack_sharing_enabled":true,"jetpack_shortlink":"https:\/\/wp.me\/paKIfm-14NG","_links":{"self":[{"href":"http:\/\/www.tvturk.com\/index.php\/wp-json\/wp\/v2\/posts\/256784","targetHints":{"allow":["GET"]}}],"collection":[{"href":"http:\/\/www.tvturk.com\/index.php\/wp-json\/wp\/v2\/posts"}],"about":[{"href":"http:\/\/www.tvturk.com\/index.php\/wp-json\/wp\/v2\/types\/post"}],"author":[{"embeddable":true,"href":"http:\/\/www.tvturk.com\/index.php\/wp-json\/wp\/v2\/users\/1"}],"replies":[{"embeddable":true,"href":"http:\/\/www.tvturk.com\/index.php\/wp-json\/wp\/v2\/comments?post=256784"}],"version-history":[{"count":0,"href":"http:\/\/www.tvturk.com\/index.php\/wp-json\/wp\/v2\/posts\/256784\/revisions"}],"wp:featuredmedia":[{"embeddable":true,"href":"http:\/\/www.tvturk.com\/index.php\/wp-json\/wp\/v2\/media\/256785"}],"wp:attachment":[{"href":"http:\/\/www.tvturk.com\/index.php\/wp-json\/wp\/v2\/media?parent=256784"}],"wp:term":[{"taxonomy":"category","embeddable":true,"href":"http:\/\/www.tvturk.com\/index.php\/wp-json\/wp\/v2\/categories?post=256784"},{"taxonomy":"post_tag","embeddable":true,"href":"http:\/\/www.tvturk.com\/index.php\/wp-json\/wp\/v2\/tags?post=256784"}],"curies":[{"name":"wp","href":"https:\/\/api.w.org\/{rel}","templated":true}]}}