{"id":256870,"date":"2020-01-17T15:31:31","date_gmt":"2020-01-17T12:31:31","guid":{"rendered":"http:\/\/www.tvturk.com\/index.php\/azezde-suriyelilere-kis-yardimi\/"},"modified":"2020-01-17T15:31:31","modified_gmt":"2020-01-17T12:31:31","slug":"azezde-suriyelilere-kis-yardimi","status":"publish","type":"post","link":"http:\/\/www.tvturk.com\/index.php\/azezde-suriyelilere-kis-yardimi\/","title":{"rendered":"Azez\u2019de Suriyelilere k\u0131\u015f yard\u0131m\u0131"},"content":{"rendered":"<p>\u0130nsan Hak ve H\u00fcrriyetleri (\u0130HH) \u0130nsani Yard\u0131m Vakf\u0131 taraf\u0131ndan Suriye\u2019nin Azez k\u0131rsal\u0131ndaki s\u0131\u011f\u0131nmac\u0131 kamplar\u0131nda ya\u015fayan sivillere soba, yakacak ve battaniye yard\u0131m\u0131 yap\u0131ld\u0131.<\/p>\n<p>\u0130HH \u0130stanbul Kad\u0131n Kollar\u0131n\u0131n &#8220;Suriyeli karde\u015flerimize k\u0131\u015f yard\u0131m\u0131&#8221; projesi ile Halep\u2019in kuzeyindeki \u00e7ad\u0131r kamplarda ya\u015fayan sivil ailelere soba, yakacak ve battaniye da\u011f\u0131t\u0131ld\u0131. Yap\u0131lan yard\u0131mlar hakk\u0131nda a\u00e7\u0131klama yapan \u0130HH Kad\u0131n Kollar\u0131 \u0130stanbul il ba\u015fkan\u0131 Fatma T\u00fcrk, Kilis\u2019in kar\u015f\u0131s\u0131nda bulunan Azez\u2019de Suriyelilere k\u0131\u015f yard\u0131m\u0131nda bulunduklar\u0131n\u0131 ifade ederek, &#8220;Suriye\u2019deki drama sessiz kalmamak i\u00e7in \u0130stanbul kad\u0131n kollar\u0131 olarak 350 aileye k\u00f6m\u00fcr, 950 ki\u015fiye battaniye ve soba da\u011f\u0131t\u0131m\u0131 ger\u00e7ekle\u015ftirdik&#8221; dedi.<\/p>\n<p>Rusya ve Esed rejimin \u0130dlib\u2019e y\u00f6nelik artan sald\u0131r\u0131lar\u0131ndan dolay\u0131 ge\u00e7ti\u011fimiz Kas\u0131m ay\u0131ndan bu yana T\u00fcrkiye s\u0131n\u0131r\u0131na 400 bin ki\u015finin g\u00f6\u00e7 etmek zorunda kald\u0131\u011f\u0131n\u0131 ifade eden Fatma T\u00fcrk, &#8220;Mevsimin k\u0131\u015f olmas\u0131yla birlikte bu sald\u0131r\u0131lardan en fazla etkilenen \u00e7ocuklar ve kad\u0131nlar. Bizler bu karde\u015flerimizin yaralar\u0131na bir nebze de olsa merhem olmaya \u00e7al\u0131\u015f\u0131yoruz&#8221; \u015feklinde konu\u015ftu.<\/p>\n<p>T\u00fcrkiye\u2019den yard\u0131mlar\u0131n\u0131 ula\u015ft\u0131ran herkese te\u015fekk\u00fcr eden T\u00fcrk, &#8220;B\u00f6lge halk\u0131na y\u00f6nelik yard\u0131m \u00e7al\u0131\u015fmalar\u0131m\u0131z\u0131 devam ettirece\u011fiz&#8221; dedi.<\/p>\n<p>K\u0131\u015f yard\u0131mlar\u0131n\u0131 ula\u015ft\u0131rd\u0131ktan sonra \u00e7ocuklarla bir araya gelen kad\u0131n kollar\u0131, \u00e7ocuklara \u00e7e\u015fitli hediyeler da\u011f\u0131tt\u0131.<\/p>\n","protected":false},"excerpt":{"rendered":"<p>\u0130NSAN HAK VE H\u00dcRR\u0130YETLER\u0130 (\u0130HH) \u0130NSAN\u0130 YARDIM VAKFINCA, SUR\u0130YE&#8217;N\u0130N AZEZ KIRSALINDAK\u0130 SI\u011eINMACI KAMPLARINDA YA\u015eAYAN S\u0130V\u0130LLERE SOBA, YAKACAK VE BATTAN\u0130YE YARDIMI YAPILDI.<\/p>\n","protected":false},"author":1,"featured_media":256871,"comment_status":"closed","ping_status":"open","sticky":false,"template":"","format":"standard","meta":{"jetpack_post_was_ever_published":false,"_jetpack_newsletter_access":"","_jetpack_dont_email_post_to_subs":false,"_jetpack_newsletter_tier_id":0,"_jetpack_memberships_contains_paywalled_content":false,"_jetpack_memberships_contains_paid_content":false,"footnotes":"","jetpack_publicize_message":"","jetpack_publicize_feature_enabled":true,"jetpack_social_post_already_shared":true,"jetpack_social_options":{"image_generator_settings":{"template":"highway","default_image_id":0,"font":"","enabled":false},"version":2}},"categories":[10],"tags":[12271,1806,36974,6420],"class_list":["post-256870","post","type-post","status-publish","format-standard","has-post-thumbnail","hentry","category-dunya","tag-azezde","tag-kis","tag-suriyelilere","tag-yardimi"],"jetpack_publicize_connections":[],"jetpack_featured_media_url":"https:\/\/i0.wp.com\/www.tvturk.com\/wp-content\/uploads\/2020\/01\/azezde-suriyelilere-kis-yardimi_1c4a186.jpg?fit=1000%2C666","jetpack_sharing_enabled":true,"jetpack_shortlink":"https:\/\/wp.me\/paKIfm-14P4","_links":{"self":[{"href":"http:\/\/www.tvturk.com\/index.php\/wp-json\/wp\/v2\/posts\/256870","targetHints":{"allow":["GET"]}}],"collection":[{"href":"http:\/\/www.tvturk.com\/index.php\/wp-json\/wp\/v2\/posts"}],"about":[{"href":"http:\/\/www.tvturk.com\/index.php\/wp-json\/wp\/v2\/types\/post"}],"author":[{"embeddable":true,"href":"http:\/\/www.tvturk.com\/index.php\/wp-json\/wp\/v2\/users\/1"}],"replies":[{"embeddable":true,"href":"http:\/\/www.tvturk.com\/index.php\/wp-json\/wp\/v2\/comments?post=256870"}],"version-history":[{"count":0,"href":"http:\/\/www.tvturk.com\/index.php\/wp-json\/wp\/v2\/posts\/256870\/revisions"}],"wp:featuredmedia":[{"embeddable":true,"href":"http:\/\/www.tvturk.com\/index.php\/wp-json\/wp\/v2\/media\/256871"}],"wp:attachment":[{"href":"http:\/\/www.tvturk.com\/index.php\/wp-json\/wp\/v2\/media?parent=256870"}],"wp:term":[{"taxonomy":"category","embeddable":true,"href":"http:\/\/www.tvturk.com\/index.php\/wp-json\/wp\/v2\/categories?post=256870"},{"taxonomy":"post_tag","embeddable":true,"href":"http:\/\/www.tvturk.com\/index.php\/wp-json\/wp\/v2\/tags?post=256870"}],"curies":[{"name":"wp","href":"https:\/\/api.w.org\/{rel}","templated":true}]}}