{"id":256888,"date":"2020-01-17T16:02:02","date_gmt":"2020-01-17T13:02:02","guid":{"rendered":"http:\/\/www.tvturk.com\/index.php\/baris-pinari-harekatinin-ilk-sehidine-vefa\/"},"modified":"2020-01-17T16:02:02","modified_gmt":"2020-01-17T13:02:02","slug":"baris-pinari-harekatinin-ilk-sehidine-vefa","status":"publish","type":"post","link":"http:\/\/www.tvturk.com\/index.php\/baris-pinari-harekatinin-ilk-sehidine-vefa\/","title":{"rendered":"Bar\u0131\u015f P\u0131nar\u0131 Harek\u00e2t\u0131\u2019n\u0131n ilk \u015fehidine vefa"},"content":{"rendered":"<p>Bar\u0131\u015f P\u0131nar\u0131 Harekat\u0131\u2019n\u0131n ilk \u015fehidi olan s\u00f6zle\u015fmeli er Ahmet Top\u00e7u\u2019n\u0131n ad\u0131 memleketi \u00c7orum\u2019un \u0130skilip il\u00e7esindeki Ak\u015femseddin Anadolu Lisesindeki bir s\u0131n\u0131fa verildi.<\/p>\n<p>Ak\u015femseddin Anadolu Lisesi, ge\u00e7ti\u011fimiz y\u0131l Ekim ay\u0131nda ter\u00f6r \u00f6rg\u00fct\u00fc \u00fcyeleriyle \u00e7\u0131kan \u00e7at\u0131\u015fmada \u015fehit olan Ahmet Top\u00e7u\u2019nun ad\u0131n\u0131n ya\u015fat\u0131lmas\u0131 i\u00e7in \u00e7al\u0131\u015fma ba\u015flad\u0131. Okul idarecileri ve aile birli\u011finin giri\u015fimleri sonucu okuldaki 12\/A s\u0131n\u0131f\u0131n\u0131n ismi &#8220;12\/Kom.S\u00f6z.Er Ahmet Top\u00e7u S\u0131n\u0131f\u0131&#8221; \u015feklinde de\u011fi\u015ftirildi.<\/p>\n<p>S\u0131n\u0131f\u0131n a\u00e7\u0131l\u0131\u015f\u0131na \u015fehidin annesi M\u00fcsl\u00fcme Top\u00e7u ile babas\u0131 Fevzi Top\u00e7u\u2019da kat\u0131ld\u0131. \u015eehidin ailesi birlik ve beraberlik mesajlar\u0131 verdi.<\/p>\n<p>O\u011flunun isminin s\u0131n\u0131fa verilmesinden duydu\u011fu mutlulu\u011fu dile getiren M\u00fcsl\u00fcme Top\u00e7u, \u201cKonu\u015fulacak \u00e7ok \u015fey var. Ancak beni anlayan anl\u0131yor. Ahmet i\u00e7in ne s\u00f6ylesem kelimeler yetmez. Benim o\u011flum ger\u00e7ekten bir taneydi. Bar\u0131\u015f P\u0131nar\u0131 olsun, Zeytin Dal\u0131 olsun orada edindi\u011fi arkada\u015flar\u0131, birlikte g\u00f6rev yapt\u0131\u011f\u0131 komutanlar \u015fehadetinden sonra hepsi evimize geldi. Halen gelip ziyaret ediyorlar. O\u011flumun sayesinde tan\u0131mad\u0131\u011f\u0131m\u0131z insan da kalmad\u0131. Ahmet bize hep \u015funu derdi, &#8220;Anne art\u0131k ben var\u0131m, sen hi\u00e7bir \u015feyi d\u00fc\u015f\u00fcnme, O\u011flumun ad\u0131n\u0131n s\u0131n\u0131fa verilmesi bizi \u00e7ok mutlu. O\u011flumun g\u00f6rev yapt\u0131\u011f\u0131 4 y\u0131l boyunca ba\u015far\u0131lar\u0131yla mutlu etti bizi. Oradaki askerimize, polisimizin Allah yolunu a\u00e7\u0131k etsin. \u00d6\u011frencilerimizin, \u00f6\u011fretmenlerinde zihin a\u00e7\u0131kl\u0131\u011f\u0131 versin&#8221; dedi.<\/p>\n<p>\u201cAllah T\u00fcrk milletinin yolunu a\u00e7\u0131k etsin\u201d<\/p>\n<p>\u015eehit babas\u0131 Fevzi Top\u00e7u da, \u015fuanda d\u00fcnya \u00fclkelerinin T\u00fcrkiye\u2019nin kar\u015f\u0131s\u0131nda oldu\u011funu, Bar\u0131\u015f P\u0131nar\u0131 harekat\u0131yla da T\u00fcrk milletinin d\u00fcnyaya g\u00fcc\u00fcn\u00fc g\u00f6sterdi\u011fini s\u00f6yledi.<\/p>\n<p>T\u00fcrk milletinin bir b\u00fct\u00fcn oldu\u011funu vurgulayan Top\u00e7u, \u201cBu milletin b\u00f6l\u00fcnmeyece\u011fini anlad\u0131lar, par\u00e7alanamayaca\u011f\u0131n\u0131 anlad\u0131lar ate\u015fkes \u00e7a\u011fr\u0131s\u0131na ba\u015flad\u0131lar. Bu millet vatan\u0131 i\u00e7in sava\u015fa d\u00fc\u011f\u00fcne gider gibi gitti\u011fi i\u00e7in d\u00fcnya geri ad\u0131m att\u0131. \u0130skilip halk\u0131na te\u015fekk\u00fcr ediyorum bizi yaln\u0131z b\u0131rakmad\u0131lar. T\u00fcrkiye Cumhuriyeti vatanda\u015flar\u0131n\u0131n hepsi birdir beraberdir. Daima da b\u00f6yle kalacak ebediyete kadar.<\/p>\n<p>Do\u011fuda olsun, Bat\u0131\u2019da olsun nerede olursa olsun y\u00fcce Allah askerlerimizin aya\u011f\u0131na ta\u015f de\u011fdirmesin. Cenab\u0131 Allah bana iki evlat verdi. Birisini ebedi yolculu\u011fa u\u011furlard\u0131k. \u0130kincisi ise binlerce evlad\u0131m oldu. Cenab\u0131 Allah T\u00fcrk milletinin yolunu a\u00e7\u0131k etsin\u201d ifadelerini kulland\u0131.<\/p>\n<p>Ak\u015femseddin Anadolu Lisesi M\u00fcd\u00fcr\u00fc Mutlu Sad\u0131k Fidan, vatan topraklar\u0131n\u0131n b\u00f6l\u00fcnmez b\u00fct\u00fcnl\u00fc\u011f\u00fc u\u011fruna Bar\u0131\u015f P\u0131nar\u0131 Harekat\u0131\u2019nda \u015fehadet mertebesine ula\u015fan Ahmet Top\u00e7u\u2019nun ad\u0131n\u0131 bir \u00f6m\u00fcr boyunca ya\u015fat\u0131p, kahramanl\u0131\u011f\u0131n\u0131 yine bir \u00f6m\u00fcr boyu an\u0131msatabilmek ad\u0131na 12\/A s\u0131n\u0131f\u0131na \u015fehidimizin ad\u0131n\u0131 verdiklerini ifade etti.<\/p>\n<p>\u0130l\u00e7e Milli E\u011fitim M\u00fcd\u00fcr\u00fc S\u00fcleyman At\u0131c\u0131o\u011flu da \u015fehit Ahmet Top\u00e7u\u2019ya Allah\u2019tan rahmet, ailesi ve T\u00fcrk milletine ba\u015fsa\u011fl\u0131\u011f\u0131 dileyerek \u015fehitlerin aziz hat\u0131ralar\u0131n\u0131n ya\u015fat\u0131lmas\u0131 gerekti\u011fini belirtti.<\/p>\n<p>Programa \u0130l\u00e7e Garnizon Komutan\u0131 Personel Aste\u011fmen Fatih Cura, \u0130l\u00e7e Jandarma Komutan\u0131 Ziya Balc\u0131o\u011flu, \u0130l\u00e7e Emniyet M\u00fcd\u00fcr\u00fc Erol Karasu kat\u0131ld\u0131.<\/p>\n","protected":false},"excerpt":{"rendered":"<p>BARI\u015e PINARI HAREKATI&#8217;NIN \u0130LK \u015eEH\u0130D\u0130 OLAN S\u00d6ZLE\u015eMEL\u0130 ER AHMET TOP\u00c7U\u2019NIN ADI MEMLEKET\u0130 \u00c7ORUM\u2019UN \u0130SK\u0130L\u0130P \u0130L\u00c7ES\u0130NDEK\u0130 AK\u015eEMSEDD\u0130N ANADOLU L\u0130SES\u0130\u2019NDEK\u0130 B\u0130R SINIFA VER\u0130LD\u0130.  SINIFIN A\u00c7ILI\u015eINA \u015eEH\u0130D\u0130N ANNES\u0130 M\u00dcSL\u00dcME TOP\u00c7U \u0130LE BABASI FEVZ\u0130 TOP\u00c7U\u2019DA KATILDI. \u015eEH\u0130D\u0130N A\u0130LES\u0130 B\u0130RL\u0130K VE BERABERL\u0130K MESAJLARI VERD\u0130.<\/p>\n","protected":false},"author":1,"featured_media":256889,"comment_status":"closed","ping_status":"open","sticky":false,"template":"","format":"standard","meta":{"jetpack_post_was_ever_published":false,"_jetpack_newsletter_access":"","_jetpack_dont_email_post_to_subs":false,"_jetpack_newsletter_tier_id":0,"_jetpack_memberships_contains_paywalled_content":false,"_jetpack_memberships_contains_paid_content":false,"footnotes":"","jetpack_publicize_message":"","jetpack_publicize_feature_enabled":true,"jetpack_social_post_already_shared":true,"jetpack_social_options":{"image_generator_settings":{"template":"highway","default_image_id":0,"font":"","enabled":false},"version":2}},"categories":[1],"tags":[4256,45706,37,53832,15672,546],"class_list":["post-256888","post","type-post","status-publish","format-standard","has-post-thumbnail","hentry","category-genel","tag-baris","tag-harekatinin","tag-ilk","tag-pinari","tag-sehidine","tag-vefa"],"jetpack_publicize_connections":[],"jetpack_featured_media_url":"https:\/\/i0.wp.com\/www.tvturk.com\/wp-content\/uploads\/2020\/01\/baris-pinari-harektinin-ilk-sehidine-vefa_afea49e.jpg?fit=1000%2C562","jetpack_sharing_enabled":true,"jetpack_shortlink":"https:\/\/wp.me\/paKIfm-14Pm","_links":{"self":[{"href":"http:\/\/www.tvturk.com\/index.php\/wp-json\/wp\/v2\/posts\/256888","targetHints":{"allow":["GET"]}}],"collection":[{"href":"http:\/\/www.tvturk.com\/index.php\/wp-json\/wp\/v2\/posts"}],"about":[{"href":"http:\/\/www.tvturk.com\/index.php\/wp-json\/wp\/v2\/types\/post"}],"author":[{"embeddable":true,"href":"http:\/\/www.tvturk.com\/index.php\/wp-json\/wp\/v2\/users\/1"}],"replies":[{"embeddable":true,"href":"http:\/\/www.tvturk.com\/index.php\/wp-json\/wp\/v2\/comments?post=256888"}],"version-history":[{"count":0,"href":"http:\/\/www.tvturk.com\/index.php\/wp-json\/wp\/v2\/posts\/256888\/revisions"}],"wp:featuredmedia":[{"embeddable":true,"href":"http:\/\/www.tvturk.com\/index.php\/wp-json\/wp\/v2\/media\/256889"}],"wp:attachment":[{"href":"http:\/\/www.tvturk.com\/index.php\/wp-json\/wp\/v2\/media?parent=256888"}],"wp:term":[{"taxonomy":"category","embeddable":true,"href":"http:\/\/www.tvturk.com\/index.php\/wp-json\/wp\/v2\/categories?post=256888"},{"taxonomy":"post_tag","embeddable":true,"href":"http:\/\/www.tvturk.com\/index.php\/wp-json\/wp\/v2\/tags?post=256888"}],"curies":[{"name":"wp","href":"https:\/\/api.w.org\/{rel}","templated":true}]}}