{"id":256916,"date":"2020-01-17T16:46:41","date_gmt":"2020-01-17T13:46:41","guid":{"rendered":"http:\/\/www.tvturk.com\/index.php\/idlibteki-yetimlere-yardim\/"},"modified":"2020-01-17T16:46:41","modified_gmt":"2020-01-17T13:46:41","slug":"idlibteki-yetimlere-yardim","status":"publish","type":"post","link":"http:\/\/www.tvturk.com\/index.php\/idlibteki-yetimlere-yardim\/","title":{"rendered":"\u0130dlib\u2019teki yetimlere yard\u0131m"},"content":{"rendered":"<p>Suriye\u2019de yo\u011fun hava ve kara sald\u0131r\u0131lar\u0131na maruz kalan \u0130dlib\u2019in k\u0131rsal\u0131nda ya\u015fayan 5 bin yetim \u00e7ocu\u011fa \u2018Yetim Sponsorluk Sistemi\u2019 kapsam\u0131nda sosyal nakdi yard\u0131m yap\u0131ld\u0131.<\/p>\n<p>\u0130nsan Hak ve H\u00fcrriyetleri (\u0130HH), \u0130nsani Yard\u0131m Vakf\u0131 Suriye \u00c7al\u0131\u015fmalar\u0131 Yetim Birimi Sorumlusu Regaip Erdo\u011fan, yapt\u0131\u011f\u0131 yaz\u0131l\u0131 a\u00e7\u0131klamada, \u0130dlib\u2019te zor \u015fartlar alt\u0131nda ya\u015fam m\u00fccadelesi veren 5 bin yetime sosyal nakdi yard\u0131m ula\u015ft\u0131rd\u0131klar\u0131n\u0131 belirterek, yetimlerin e\u011fitim, sa\u011fl\u0131k ve bar\u0131nma ihtiya\u00e7lar\u0131n\u0131 giderdiklerini kaydetti.<\/p>\n<p>\u0130dlib\u2019in \u00e7e\u015fitli b\u00f6lgelerindeki yetimlere da\u011f\u0131t\u0131m yap\u0131ld\u0131\u011f\u0131n\u0131 anlatan Erdo\u011fan, &#8220;Suriye genelinde ya\u015fayan 11 bin 400 yetime d\u00fczenli olarak destek veriyoruz. Bunlardan yakla\u015f\u0131k olarak 5 bin yetimimiz \u0130dlib ili ve k\u0131rsal\u0131nda ya\u015f\u0131yor. Bu yard\u0131mlar, yetimlerimizin bir\u00e7ok temel ihtiyac\u0131n\u0131n giderilmesine vesile oluyor. Suriye\u2019deki sava\u015f\u0131n y\u0131k\u0131m\u0131ndan en \u00e7ok yetimler etkilendi. Biz de onlar\u0131n yaralar\u0131n\u0131 sarmak i\u00e7in \u00e7aba g\u00f6steriyoruz&#8221; dedi.<\/p>\n<p>Erdo\u011fan, &#8220;Bu sosyal nakdi yard\u0131m \u00e7al\u0131\u015fmas\u0131, vakf\u0131m\u0131z taraf\u0131ndan y\u00fcr\u00fct\u00fclen yetim sponsorluk sistemi kapsam\u0131nda ger\u00e7ekle\u015ftiriliyor. Yetimlerimize bu yard\u0131mlar\u0131n ula\u015fmas\u0131na vesile olan hay\u0131rseverlere te\u015fekk\u00fcr ediyoruz&#8221; ifadelerine yer verdi.<\/p>\n<p>\u0130HH \u0130nsani Yard\u0131m Vakf\u0131 taraf\u0131ndan \u2018Yetim Sponsorluk Sistemi\u2019 kapsam\u0131nda d\u00fcnya genelinde 97 bin 500 yetime d\u00fczenli olarak destek sa\u011flan\u0131rken, bu yetimlerin 11 bin 400\u2019\u00fc Suriye\u2019de ya\u015f\u0131yor.<\/p>\n","protected":false},"excerpt":{"rendered":"<p>\u0130HH \u0130NSAN\u0130 YARDIM VAKFI TARAFINDAN YO\u011eUN HAVA VE KARA SALDIRILARINA MARUZ KALAN SUR\u0130YE&#8217;N\u0130N \u0130DL\u0130B \u0130L\u0130 VE KIRSALINDA YA\u015eAYAN 5 B\u0130N YET\u0130M \u00c7OCU\u011eA \u2018YET\u0130M SPONSORLUK S\u0130STEM\u0130\u2019 KAPSAMINDA SOSYAL NAKD\u0130 YARDIM YAPILDI.<\/p>\n","protected":false},"author":1,"featured_media":256917,"comment_status":"closed","ping_status":"open","sticky":false,"template":"","format":"standard","meta":{"jetpack_post_was_ever_published":false,"_jetpack_newsletter_access":"","_jetpack_dont_email_post_to_subs":false,"_jetpack_newsletter_tier_id":0,"_jetpack_memberships_contains_paywalled_content":false,"_jetpack_memberships_contains_paid_content":false,"footnotes":"","jetpack_publicize_message":"","jetpack_publicize_feature_enabled":true,"jetpack_social_post_already_shared":true,"jetpack_social_options":{"image_generator_settings":{"template":"highway","default_image_id":0,"font":"","enabled":false},"version":2}},"categories":[1],"tags":[47587,1736,26038],"class_list":["post-256916","post","type-post","status-publish","format-standard","has-post-thumbnail","hentry","category-genel","tag-idlibteki","tag-yardim","tag-yetimlere"],"jetpack_publicize_connections":[],"jetpack_featured_media_url":"https:\/\/i0.wp.com\/www.tvturk.com\/wp-content\/uploads\/2020\/01\/idlibteki-yetimlere-yardim_51a19d8.jpg?fit=1000%2C486","jetpack_sharing_enabled":true,"jetpack_shortlink":"https:\/\/wp.me\/paKIfm-14PO","_links":{"self":[{"href":"http:\/\/www.tvturk.com\/index.php\/wp-json\/wp\/v2\/posts\/256916","targetHints":{"allow":["GET"]}}],"collection":[{"href":"http:\/\/www.tvturk.com\/index.php\/wp-json\/wp\/v2\/posts"}],"about":[{"href":"http:\/\/www.tvturk.com\/index.php\/wp-json\/wp\/v2\/types\/post"}],"author":[{"embeddable":true,"href":"http:\/\/www.tvturk.com\/index.php\/wp-json\/wp\/v2\/users\/1"}],"replies":[{"embeddable":true,"href":"http:\/\/www.tvturk.com\/index.php\/wp-json\/wp\/v2\/comments?post=256916"}],"version-history":[{"count":0,"href":"http:\/\/www.tvturk.com\/index.php\/wp-json\/wp\/v2\/posts\/256916\/revisions"}],"wp:featuredmedia":[{"embeddable":true,"href":"http:\/\/www.tvturk.com\/index.php\/wp-json\/wp\/v2\/media\/256917"}],"wp:attachment":[{"href":"http:\/\/www.tvturk.com\/index.php\/wp-json\/wp\/v2\/media?parent=256916"}],"wp:term":[{"taxonomy":"category","embeddable":true,"href":"http:\/\/www.tvturk.com\/index.php\/wp-json\/wp\/v2\/categories?post=256916"},{"taxonomy":"post_tag","embeddable":true,"href":"http:\/\/www.tvturk.com\/index.php\/wp-json\/wp\/v2\/tags?post=256916"}],"curies":[{"name":"wp","href":"https:\/\/api.w.org\/{rel}","templated":true}]}}