{"id":256940,"date":"2020-01-17T17:03:00","date_gmt":"2020-01-17T14:03:00","guid":{"rendered":"http:\/\/www.tvturk.com\/index.php\/yigitcan-erdogan-elazigspordan-ayrildi\/"},"modified":"2020-01-17T17:03:00","modified_gmt":"2020-01-17T14:03:00","slug":"yigitcan-erdogan-elazigspordan-ayrildi","status":"publish","type":"post","link":"http:\/\/www.tvturk.com\/index.php\/yigitcan-erdogan-elazigspordan-ayrildi\/","title":{"rendered":"Yi\u011fitcan Erdo\u011fan, Elaz\u0131\u011fspor\u2019dan ayr\u0131ld\u0131"},"content":{"rendered":"<p>Alacaklar\u0131 nedeniyle TFF\u2019ye ba\u015fvuran Elaz\u0131\u011fspor\u2019un tecr\u00fcbeli savunma oyuncusu Yi\u011fitcan Erdo\u011fan, s\u00f6zle\u015fmesini tek tarafl\u0131 feshetti.<\/p>\n<p>TFF 2. Lig K\u0131rm\u0131z\u0131 Grup ekiplerinden Elaz\u0131\u011fspor\u2019da s\u00f6zle\u015fmesini feshetme hakk\u0131 elinde bulunmas\u0131na ra\u011fmen uzun s\u00fcredir bekleyen Yi\u011fitcan Erdo\u011fan\u2019\u0131n, 200 bin TL alaca\u011f\u0131n\u0131 tahsil edemedi\u011fi i\u00e7in mukavelesini tek tarafl\u0131 feshederek tak\u0131mdan ayr\u0131ld\u0131\u011f\u0131 \u00f6\u011frenildi.<\/p>\n<p>Ge\u00e7ti\u011fimiz sezon ara transfer d\u00f6neminde Fatih Karag\u00fcmr\u00fck\u2019ten bordo-beyazl\u0131 tak\u0131ma kat\u0131lan Yi\u011fitcan\u2019a bir\u00e7ok kul\u00fcpten teklifler oldu\u011fu da \u00f6\u011frenildi.<\/p>\n","protected":false},"excerpt":{"rendered":"<p>Y\u0130\u011e\u0130TCAN ERDO\u011eAN ELAZI\u011eSPOR&#8217;LA OLAN S\u00d6ZLE\u015eMES\u0130N\u0130 TEK TARAFLI FESHETT\u0130<\/p>\n","protected":false},"author":1,"featured_media":256941,"comment_status":"closed","ping_status":"open","sticky":false,"template":"","format":"standard","meta":{"jetpack_post_was_ever_published":false,"_jetpack_newsletter_access":"","_jetpack_dont_email_post_to_subs":false,"_jetpack_newsletter_tier_id":0,"_jetpack_memberships_contains_paywalled_content":false,"_jetpack_memberships_contains_paid_content":false,"footnotes":"","jetpack_publicize_message":"","jetpack_publicize_feature_enabled":true,"jetpack_social_post_already_shared":true,"jetpack_social_options":{"image_generator_settings":{"template":"highway","default_image_id":0,"font":"","enabled":false},"version":2}},"categories":[657],"tags":[4847,63504,649,41609],"class_list":["post-256940","post","type-post","status-publish","format-standard","has-post-thumbnail","hentry","category-spor","tag-ayrildi","tag-elazigspordan","tag-erdogan","tag-yigitcan"],"jetpack_publicize_connections":[],"jetpack_featured_media_url":"https:\/\/i0.wp.com\/www.tvturk.com\/wp-content\/uploads\/2020\/01\/yigitcan-erdogan-elazigspordan-ayrildi_7ed1010.jpg?fit=856%2C1000","jetpack_sharing_enabled":true,"jetpack_shortlink":"https:\/\/wp.me\/paKIfm-14Qc","_links":{"self":[{"href":"http:\/\/www.tvturk.com\/index.php\/wp-json\/wp\/v2\/posts\/256940","targetHints":{"allow":["GET"]}}],"collection":[{"href":"http:\/\/www.tvturk.com\/index.php\/wp-json\/wp\/v2\/posts"}],"about":[{"href":"http:\/\/www.tvturk.com\/index.php\/wp-json\/wp\/v2\/types\/post"}],"author":[{"embeddable":true,"href":"http:\/\/www.tvturk.com\/index.php\/wp-json\/wp\/v2\/users\/1"}],"replies":[{"embeddable":true,"href":"http:\/\/www.tvturk.com\/index.php\/wp-json\/wp\/v2\/comments?post=256940"}],"version-history":[{"count":0,"href":"http:\/\/www.tvturk.com\/index.php\/wp-json\/wp\/v2\/posts\/256940\/revisions"}],"wp:featuredmedia":[{"embeddable":true,"href":"http:\/\/www.tvturk.com\/index.php\/wp-json\/wp\/v2\/media\/256941"}],"wp:attachment":[{"href":"http:\/\/www.tvturk.com\/index.php\/wp-json\/wp\/v2\/media?parent=256940"}],"wp:term":[{"taxonomy":"category","embeddable":true,"href":"http:\/\/www.tvturk.com\/index.php\/wp-json\/wp\/v2\/categories?post=256940"},{"taxonomy":"post_tag","embeddable":true,"href":"http:\/\/www.tvturk.com\/index.php\/wp-json\/wp\/v2\/tags?post=256940"}],"curies":[{"name":"wp","href":"https:\/\/api.w.org\/{rel}","templated":true}]}}