{"id":256960,"date":"2020-01-17T17:32:40","date_gmt":"2020-01-17T14:32:40","guid":{"rendered":"http:\/\/www.tvturk.com\/index.php\/sivasspor-iki-eksikle-istanbula-gidiyor\/"},"modified":"2020-01-17T17:32:40","modified_gmt":"2020-01-17T14:32:40","slug":"sivasspor-iki-eksikle-istanbula-gidiyor","status":"publish","type":"post","link":"http:\/\/www.tvturk.com\/index.php\/sivasspor-iki-eksikle-istanbula-gidiyor\/","title":{"rendered":"Sivasspor iki eksikle \u0130stanbul\u2019a gidiyor"},"content":{"rendered":"<p>S\u00fcper Lig\u2019in 18. haftas\u0131nda Be\u015fikta\u015f ile m\u00fccadele olacak lider Sivasspor\u2019da ma\u00e7\u0131n kamp kadrosu a\u00e7\u0131kland\u0131. Kafilede sar\u0131 cezal\u0131s\u0131 olan Mert Hakan Yanda\u015f ile sakatl\u0131\u011f\u0131 devam eden Fernando yer almad\u0131.<\/p>\n<p>Lider Sivasspor\u2019un Be\u015fikta\u015f ile oynayaca\u011f\u0131 ma\u00e7 kadrosu belli oldu. R\u0131za \u00c7al\u0131mbay, kafilede \u015fu isimlere yer verdi:<\/p>\n<p>&#8220;Ali \u015ea\u015fal Vural, Mamadou Samassa, Muammer Y\u0131ld\u0131r\u0131m, Aaron Appindangoye, Bar\u0131\u015f Yard\u0131mc\u0131, Caner Osmanpa\u015fa, Fatih Aksoy, Marcelo Goiano, U\u011fur \u00c7ift\u00e7i, Paul Papp, Ziya Erdal, Abdou Razack Traore, Armin Djerlek, Emre K\u0131l\u0131n\u00e7, Erdo\u011fan Ye\u015filyurt, Hakan Arslan, \u0130saac Cofie, Volkan E\u011fri, Yasin \u00d6ztekin, Arouna Kone, Mustapha Yatabare.\u201d<\/p>\n<p>Vodafone Park\u2019ta pazar g\u00fcn\u00fc oynanacak olan Be\u015fikta\u015f &#8211; Sivasspor m\u00fccadelesi saat 19.00\u2019da ba\u015flayacak.<\/p>\n","protected":false},"excerpt":{"rendered":"<p>S\u00dcPER L\u0130G\u2019\u0130N 18. HAFTASINDA BE\u015e\u0130KTA\u015e \u0130LE M\u00dcCADELE OLACAK S\u0130VASSPOR&#8217;DA MA\u00c7IN KAMP KADROSU A\u00c7IKLANDI.<\/p>\n","protected":false},"author":1,"featured_media":256961,"comment_status":"closed","ping_status":"open","sticky":false,"template":"","format":"standard","meta":{"jetpack_post_was_ever_published":false,"_jetpack_newsletter_access":"","_jetpack_dont_email_post_to_subs":false,"_jetpack_newsletter_tier_id":0,"_jetpack_memberships_contains_paywalled_content":false,"_jetpack_memberships_contains_paid_content":false,"footnotes":"","jetpack_publicize_message":"","jetpack_publicize_feature_enabled":true,"jetpack_social_post_already_shared":true,"jetpack_social_options":{"image_generator_settings":{"template":"highway","default_image_id":0,"font":"","enabled":false},"version":2}},"categories":[657],"tags":[17489,458,1220,2174,8011],"class_list":["post-256960","post","type-post","status-publish","format-standard","has-post-thumbnail","hentry","category-spor","tag-eksikle","tag-gidiyor","tag-iki","tag-istanbula","tag-sivasspor"],"jetpack_publicize_connections":[],"jetpack_featured_media_url":"https:\/\/i0.wp.com\/www.tvturk.com\/wp-content\/uploads\/2020\/01\/sivasspor-iki-eksikle-istanbula-gidiyor_d10131f.jpg?fit=1000%2C726","jetpack_sharing_enabled":true,"jetpack_shortlink":"https:\/\/wp.me\/paKIfm-14Qw","_links":{"self":[{"href":"http:\/\/www.tvturk.com\/index.php\/wp-json\/wp\/v2\/posts\/256960","targetHints":{"allow":["GET"]}}],"collection":[{"href":"http:\/\/www.tvturk.com\/index.php\/wp-json\/wp\/v2\/posts"}],"about":[{"href":"http:\/\/www.tvturk.com\/index.php\/wp-json\/wp\/v2\/types\/post"}],"author":[{"embeddable":true,"href":"http:\/\/www.tvturk.com\/index.php\/wp-json\/wp\/v2\/users\/1"}],"replies":[{"embeddable":true,"href":"http:\/\/www.tvturk.com\/index.php\/wp-json\/wp\/v2\/comments?post=256960"}],"version-history":[{"count":0,"href":"http:\/\/www.tvturk.com\/index.php\/wp-json\/wp\/v2\/posts\/256960\/revisions"}],"wp:featuredmedia":[{"embeddable":true,"href":"http:\/\/www.tvturk.com\/index.php\/wp-json\/wp\/v2\/media\/256961"}],"wp:attachment":[{"href":"http:\/\/www.tvturk.com\/index.php\/wp-json\/wp\/v2\/media?parent=256960"}],"wp:term":[{"taxonomy":"category","embeddable":true,"href":"http:\/\/www.tvturk.com\/index.php\/wp-json\/wp\/v2\/categories?post=256960"},{"taxonomy":"post_tag","embeddable":true,"href":"http:\/\/www.tvturk.com\/index.php\/wp-json\/wp\/v2\/tags?post=256960"}],"curies":[{"name":"wp","href":"https:\/\/api.w.org\/{rel}","templated":true}]}}