{"id":256980,"date":"2020-01-17T18:02:11","date_gmt":"2020-01-17T15:02:11","guid":{"rendered":"http:\/\/www.tvturk.com\/index.php\/mardinde-cocuklar-icin-buz-pisti-kuruldu\/"},"modified":"2020-01-17T18:02:11","modified_gmt":"2020-01-17T15:02:11","slug":"mardinde-cocuklar-icin-buz-pisti-kuruldu","status":"publish","type":"post","link":"http:\/\/www.tvturk.com\/index.php\/mardinde-cocuklar-icin-buz-pisti-kuruldu\/","title":{"rendered":"Mardin\u2019de \u00e7ocuklar i\u00e7in buz pisti kuruldu"},"content":{"rendered":"<p>Mardin B\u00fcy\u00fck\u015fehir Belediyesi taraf\u0131ndan \u2018\u00c7ocuklar g\u00fclerse \u015fehir g\u00fcler\u2019 slogan\u0131yla y\u00fcr\u00fct\u00fclen \u00e7al\u0131\u015fmalar kapsam\u0131nda Artuklu il\u00e7esindeki Okay Ya\u015far Anadolu Lisesi\u2019ne buz pisti kuruldu. Artistik buz pateni milli tak\u0131m sporcular\u0131, buzun \u00fcst\u00fcnde yapt\u0131klar\u0131 g\u00f6sterilerle ilgin\u00e7 g\u00f6r\u00fcnt\u00fcler olu\u015fturdu.<\/p>\n<p>Mardin Valili\u011fi ve B\u00fcy\u00fck\u015fehir Belediyesi Sosyal Hizmetler Daire Ba\u015fkanl\u0131\u011f\u0131 taraf\u0131ndan 3 kez \u00e7ocuklar\u0131n k\u0131\u015f aylar\u0131nda yar\u0131y\u0131l tatilini ge\u00e7irmeleri i\u00e7in buz pisti kuruldu. Okay Ya\u015far Anadolu Lisesi spor salonunda kurulan bir ay boyunca \u00e7ocuklar\u0131 a\u011f\u0131rlayacak buz pistinde artistik buz pateni milli tak\u0131m sporcular\u0131, buzun \u00fcst\u00fcnde yapt\u0131klar\u0131 g\u00f6sterilerle ilgin\u00e7 g\u00f6r\u00fcnt\u00fcler olu\u015fturdu. Buz hokeyi milli tak\u0131m\u0131 g\u00f6steri ma\u00e7t\u0131 yapt\u0131.<\/p>\n<p>Programda konu\u015fan Vali ve B\u00fcy\u00fck\u015fehir Belediye Ba\u015fkan Vekili Mustafa Yaman, kentte buz pistini 3\u2019\u00fcnc\u00fc kez \u00e7ocuklarla bulu\u015fturman\u0131n heyecan\u0131n\u0131 ya\u015fad\u0131klar\u0131n\u0131 s\u00f6yledi. Vali Yaman, yaz\u0131n y\u00fczme havuzlar\u0131 k\u0131\u015f\u0131nda buz pistiyle \u00e7ocuklar\u0131n y\u00fczlerini g\u00fcld\u00fcrmeyi s\u00fcrd\u00fcreceklerinin alt\u0131n\u0131 \u00e7izdi.<\/p>\n<p>Buz pisti tatil s\u00fcresi boyunca \u00e7ocuklara \u00fccretsiz olacak.<\/p>\n","protected":false},"excerpt":{"rendered":"<p>MARD\u0130N B\u00dcY\u00dcK\u015eEH\u0130R BELED\u0130YES\u0130 TARAFINDAN \u2018\u00c7OCUKLAR G\u00dcLERSE \u015eEH\u0130R G\u00dcLER\u2019 SLOGANIYLA Y\u00dcR\u00dcT\u00dcLEN \u00c7ALI\u015eMALAR KAPSAMINDA ARTUKLU \u0130L\u00c7ES\u0130NDEK\u0130 OKAY YA\u015eAR ANADOLU L\u0130SES\u0130&#8217;NE BUZ P\u0130ST\u0130 KURULDU. ART\u0130ST\u0130K BUZ PATEN\u0130 M\u0130LL\u0130 TAKIM SPORCULARI, BUZUN \u00dcST\u00dcNDE YAPTIKLARI G\u00d6STER\u0130LERLE \u0130LG\u0130N\u00c7 G\u00d6R\u00dcNT\u00dcLER OLU\u015eTURDU.<\/p>\n","protected":false},"author":1,"featured_media":256981,"comment_status":"closed","ping_status":"open","sticky":false,"template":"","format":"standard","meta":{"jetpack_post_was_ever_published":false,"_jetpack_newsletter_access":"","_jetpack_dont_email_post_to_subs":false,"_jetpack_newsletter_tier_id":0,"_jetpack_memberships_contains_paywalled_content":false,"_jetpack_memberships_contains_paid_content":false,"footnotes":"","jetpack_publicize_message":"","jetpack_publicize_feature_enabled":true,"jetpack_social_post_already_shared":true,"jetpack_social_options":{"image_generator_settings":{"template":"highway","default_image_id":0,"font":"","enabled":false},"version":2}},"categories":[1],"tags":[1037,252,44,415,1837,12119],"class_list":["post-256980","post","type-post","status-publish","format-standard","has-post-thumbnail","hentry","category-genel","tag-buz","tag-cocuklar","tag-icin","tag-kuruldu","tag-mardinde","tag-pisti"],"jetpack_publicize_connections":[],"jetpack_featured_media_url":"https:\/\/i0.wp.com\/www.tvturk.com\/wp-content\/uploads\/2020\/01\/mardinde-cocuklar-icin-buz-pisti-kuruldu_4060cc5.jpg?fit=1000%2C666","jetpack_sharing_enabled":true,"jetpack_shortlink":"https:\/\/wp.me\/paKIfm-14QQ","_links":{"self":[{"href":"http:\/\/www.tvturk.com\/index.php\/wp-json\/wp\/v2\/posts\/256980","targetHints":{"allow":["GET"]}}],"collection":[{"href":"http:\/\/www.tvturk.com\/index.php\/wp-json\/wp\/v2\/posts"}],"about":[{"href":"http:\/\/www.tvturk.com\/index.php\/wp-json\/wp\/v2\/types\/post"}],"author":[{"embeddable":true,"href":"http:\/\/www.tvturk.com\/index.php\/wp-json\/wp\/v2\/users\/1"}],"replies":[{"embeddable":true,"href":"http:\/\/www.tvturk.com\/index.php\/wp-json\/wp\/v2\/comments?post=256980"}],"version-history":[{"count":0,"href":"http:\/\/www.tvturk.com\/index.php\/wp-json\/wp\/v2\/posts\/256980\/revisions"}],"wp:featuredmedia":[{"embeddable":true,"href":"http:\/\/www.tvturk.com\/index.php\/wp-json\/wp\/v2\/media\/256981"}],"wp:attachment":[{"href":"http:\/\/www.tvturk.com\/index.php\/wp-json\/wp\/v2\/media?parent=256980"}],"wp:term":[{"taxonomy":"category","embeddable":true,"href":"http:\/\/www.tvturk.com\/index.php\/wp-json\/wp\/v2\/categories?post=256980"},{"taxonomy":"post_tag","embeddable":true,"href":"http:\/\/www.tvturk.com\/index.php\/wp-json\/wp\/v2\/tags?post=256980"}],"curies":[{"name":"wp","href":"https:\/\/api.w.org\/{rel}","templated":true}]}}