{"id":257014,"date":"2020-01-17T21:02:14","date_gmt":"2020-01-17T18:02:14","guid":{"rendered":"http:\/\/www.tvturk.com\/index.php\/cocugunun-babasini-aramaya-geldi-gerceklerle-yuzlesti\/"},"modified":"2020-01-17T21:02:14","modified_gmt":"2020-01-17T18:02:14","slug":"cocugunun-babasini-aramaya-geldi-gerceklerle-yuzlesti","status":"publish","type":"post","link":"http:\/\/www.tvturk.com\/index.php\/cocugunun-babasini-aramaya-geldi-gerceklerle-yuzlesti\/","title":{"rendered":"\u00c7ocu\u011funun babas\u0131n\u0131 aramaya geldi, ger\u00e7eklerle y\u00fczle\u015fti"},"content":{"rendered":"<p>Esra Erol\u2019da program\u0131na \u00e7ocu\u011funun babas\u0131n\u0131 bulmak i\u00e7in gelen gen\u00e7 kad\u0131n ger\u00e7eklerle y\u00fczle\u015fti.<\/p>\n<p>ATV ekranlar\u0131nda yay\u0131nlanan Esra Erol\u2019da program\u0131nda bug\u00fcn ilgin\u00e7 anlar ya\u015fand\u0131. 21 ya\u015f\u0131ndaki Firdevs Toprak, 1 y\u0131l \u00f6nce sosyal medya \u00fczerinden tan\u0131\u015ft\u0131\u011f\u0131 ve sadece ismini bildi\u011fi T.E. isimli \u015fah\u0131stan hamile kald\u0131\u011f\u0131n\u0131 ve 2 ayl\u0131k bebe\u011fiyle ortada kald\u0131\u011f\u0131n\u0131 dile getirdi. Gen\u00e7 kad\u0131n, 4 ayl\u0131k hamile iken bir g\u00fcn gelen telefonla sars\u0131ld\u0131\u011f\u0131n\u0131, kendisini arayan kad\u0131n\u0131n T.E.\u2019nin kar\u0131s\u0131 oldu\u011funu ve kendisiyle 4 y\u0131ld\u0131r evli olduklar\u0131n\u0131 s\u00f6yleyince b\u00fcy\u00fck bir hayal k\u0131r\u0131kl\u0131\u011f\u0131na u\u011frad\u0131\u011f\u0131n\u0131 g\u00f6zya\u015flar\u0131 i\u00e7inde anlatt\u0131. Telefonla \u00e7ocu\u011funun babas\u0131na ula\u015famayan Firdevs Toprak, Kas\u0131m 2019 tarihinde o\u011flunu kuca\u011f\u0131na ald\u0131. Fakat \u00e7ocu\u011funun babas\u0131na ula\u015famad\u0131\u011f\u0131 i\u00e7in bebe\u011fine bir kimlik \u00e7\u0131karamad\u0131\u011f\u0131n\u0131 ifade etti.<\/p>\n<p>Ger\u00e7ekler kar\u015f\u0131s\u0131nda hayal k\u0131r\u0131kl\u0131\u011f\u0131na u\u011frad\u0131<\/p>\n<p>Toprak, ya\u015fad\u0131klar\u0131n\u0131 anlat\u0131rken g\u00f6zya\u015flar\u0131na bo\u011fuldu. K\u0131sa s\u00fcre i\u00e7inde beklenen haber geldi. Evli oldu\u011funu ve bu y\u00fczden \u00e7ocu\u011fa sahip \u00e7\u0131kamayaca\u011f\u0131n\u0131 s\u00f6yleyen T.E. ile ilgili k\u0131sa s\u00fcre i\u00e7erisinde programa onlarca bilgi ya\u011fd\u0131. Gelen bilgilere g\u00f6re, T.E.\u2019nin evli olmad\u0131\u011f\u0131 ve \u015fimdiye kadar hi\u00e7bir evlilik yapmad\u0131\u011f\u0131 canl\u0131 yay\u0131nda ortaya \u00e7\u0131kt\u0131. Bu haber kar\u015f\u0131s\u0131nda \u015fok ya\u015fayan gen\u00e7 kad\u0131n b\u00fcy\u00fck \u015fa\u015fk\u0131nl\u0131k ya\u015fad\u0131.<\/p>\n<p>\u0130\u015f adam\u0131y\u0131m dedi, su\u00e7 makinesi \u00e7\u0131kt\u0131<\/p>\n<p>Kendisini zengin bir i\u015f adam\u0131 olarak tan\u0131tan T.E. tam bir su\u00e7 makinesi \u00e7\u0131kt\u0131. Onlarca dosyas\u0131 oldu\u011fu ve cezaevinden firar etti\u011fi anla\u015f\u0131lan T.E.\u2019nin i\u015fledi\u011fi su\u00e7lardan dolay\u0131 2 ayd\u0131r cezaevinde oldu\u011fu ortaya \u00e7\u0131kt\u0131.<\/p>\n<p>Bu haber kar\u015f\u0131s\u0131nda \u015foke olan gen\u00e7 kad\u0131n \u201cEvlad\u0131m b\u00f6yle bir adam\u0131n soyad\u0131n\u0131 ta\u015f\u0131yaca\u011f\u0131n\u0131, benim soyad\u0131m\u0131 ta\u015f\u0131s\u0131n daha iyi\u201d dedi.<\/p>\n","protected":false},"excerpt":{"rendered":"<p>ESRA EROL\u2019DA PROGRAMINA \u00c7OCU\u011eUNUN BABASINI BULMAK \u0130\u00c7\u0130N GELEN GEN\u00c7 KADIN GER\u00c7EKLERLE Y\u00dcZLE\u015eT\u0130.<\/p>\n","protected":false},"author":1,"featured_media":257015,"comment_status":"closed","ping_status":"open","sticky":false,"template":"","format":"standard","meta":{"jetpack_post_was_ever_published":false,"_jetpack_newsletter_access":"","_jetpack_dont_email_post_to_subs":false,"_jetpack_newsletter_tier_id":0,"_jetpack_memberships_contains_paywalled_content":false,"_jetpack_memberships_contains_paid_content":false,"footnotes":"","jetpack_publicize_message":"","jetpack_publicize_feature_enabled":true,"jetpack_social_post_already_shared":true,"jetpack_social_options":{"image_generator_settings":{"template":"highway","default_image_id":0,"font":"","enabled":false},"version":2}},"categories":[1],"tags":[50050,2960,5381,127,63518,63519],"class_list":["post-257014","post","type-post","status-publish","format-standard","has-post-thumbnail","hentry","category-genel","tag-aramaya","tag-babasini","tag-cocugunun","tag-geldi","tag-gerceklerle","tag-yuzlesti"],"jetpack_publicize_connections":[],"jetpack_featured_media_url":"https:\/\/i0.wp.com\/www.tvturk.com\/wp-content\/uploads\/2020\/01\/cocugunun-babasini-aramaya-geldi-gerceklerle-yuzlesti_9256749.jpg?fit=1000%2C890","jetpack_sharing_enabled":true,"jetpack_shortlink":"https:\/\/wp.me\/paKIfm-14Ro","_links":{"self":[{"href":"http:\/\/www.tvturk.com\/index.php\/wp-json\/wp\/v2\/posts\/257014","targetHints":{"allow":["GET"]}}],"collection":[{"href":"http:\/\/www.tvturk.com\/index.php\/wp-json\/wp\/v2\/posts"}],"about":[{"href":"http:\/\/www.tvturk.com\/index.php\/wp-json\/wp\/v2\/types\/post"}],"author":[{"embeddable":true,"href":"http:\/\/www.tvturk.com\/index.php\/wp-json\/wp\/v2\/users\/1"}],"replies":[{"embeddable":true,"href":"http:\/\/www.tvturk.com\/index.php\/wp-json\/wp\/v2\/comments?post=257014"}],"version-history":[{"count":0,"href":"http:\/\/www.tvturk.com\/index.php\/wp-json\/wp\/v2\/posts\/257014\/revisions"}],"wp:featuredmedia":[{"embeddable":true,"href":"http:\/\/www.tvturk.com\/index.php\/wp-json\/wp\/v2\/media\/257015"}],"wp:attachment":[{"href":"http:\/\/www.tvturk.com\/index.php\/wp-json\/wp\/v2\/media?parent=257014"}],"wp:term":[{"taxonomy":"category","embeddable":true,"href":"http:\/\/www.tvturk.com\/index.php\/wp-json\/wp\/v2\/categories?post=257014"},{"taxonomy":"post_tag","embeddable":true,"href":"http:\/\/www.tvturk.com\/index.php\/wp-json\/wp\/v2\/tags?post=257014"}],"curies":[{"name":"wp","href":"https:\/\/api.w.org\/{rel}","templated":true}]}}