{"id":257020,"date":"2020-01-17T21:16:39","date_gmt":"2020-01-17T18:16:39","guid":{"rendered":"http:\/\/www.tvturk.com\/index.php\/kutahyadan-idlibe-7-tir-yardim-malzemesi\/"},"modified":"2020-01-17T21:16:39","modified_gmt":"2020-01-17T18:16:39","slug":"kutahyadan-idlibe-7-tir-yardim-malzemesi","status":"publish","type":"post","link":"http:\/\/www.tvturk.com\/index.php\/kutahyadan-idlibe-7-tir-yardim-malzemesi\/","title":{"rendered":"K\u00fctahya\u2019dan \u0130dlib\u2019e 7 t\u0131r yard\u0131m malzemesi"},"content":{"rendered":"<p>K\u00dcTAHYA (\u0130HA) \u2013 K\u00fctahya\u2019da &#8220;Bir Araday\u0131z, \u0130dlib\u2019in Yan\u0131nday\u0131z&#8221; kampanyas\u0131 kapsam\u0131nda toplanan 7 t\u0131r g\u0131da ve ihtiya\u00e7 malzemesi, Suriye\u2019nin \u0130dlib kentindeki sava\u015f ma\u011fdurlar\u0131na g\u00f6nderildi.<\/p>\n<p>Diyanet \u0130\u015fleri Ba\u015fkanl\u0131\u011f\u0131n\u0131n \u00f6nc\u00fcl\u00fc\u011f\u00fcnde K\u00fctahya \u0130l M\u00fcft\u00fcl\u00fc\u011f\u00fc ve T\u00fcrkiye Diyanet Vakf\u0131 K\u00fctahya \u015eubesi taraf\u0131ndan d\u00fczenlenen &#8220;Bir Araday\u0131z, \u0130dlib\u2019in Yan\u0131nday\u0131z&#8221; kampanyas\u0131 kapsam\u0131nda toplanan yard\u0131mlarla al\u0131nan 7 t\u0131r g\u0131da ve ihtiya\u00e7 malzemesi, Suriye\u2019nin \u0130dlib kentine g\u00f6nderildi.<\/p>\n<p>K\u00fctahya \u0130l M\u00fcft\u00fcs\u00fc H\u00fcseyin Haz\u0131rlar, bir hafta s\u00fcren kampanyada, 50 ton un, 30 ton g\u0131da malzemesi, 25 ton temizlik \u00fcr\u00fcn\u00fc, 2 bin battaniye, bin yast\u0131k, bin has\u0131r, 430 yatak ve 125 soba topland\u0131\u011f\u0131n\u0131 ifade etti. K\u00fctahya Belediye Ba\u015fkan\u0131 Prof. Dr. Alim I\u015f\u0131k, &#8220;Bu hay\u0131rl\u0131 g\u00fcnde b\u00f6yle hay\u0131rl\u0131 bir hizmete katk\u0131 sa\u011flayan ve eme\u011fi ge\u00e7en t\u00fcm hem\u015fehrilerime te\u015fekk\u00fcr ediyorum. O co\u011frafyalarda o zorluklar\u0131 ya\u015fayan mazlum insanlara ne kadar ula\u015fabilirsek o kadar mutlu olaca\u011f\u0131z. Yola \u00e7\u0131kacak olan vatanda\u015flar\u0131m\u0131za hay\u0131rl\u0131 yolculuklar diliyorum. Allah hepinizden raz\u0131 olsun&#8221; dedi.<\/p>\n<p>K\u00fctahya Valisi \u00d6mer Toraman, &#8220;T\u0131rlardaki malzemeler, K\u00fctahyal\u0131lar\u0131n g\u00f6n\u00fcllerinden kopararak verdi\u011fi paralarla al\u0131nd\u0131. K\u00fctahya\u2019daki yard\u0131msever vatanda\u015flar\u0131m\u0131z her zaman hem kendi \u00e7evresine hem de d\u00fcnyan\u0131n neresinde olursa olsun ihtiyac\u0131 olan herkesin yard\u0131m\u0131na ko\u015fuyor&#8221; diye konu\u015ftu.<\/p>\n<p>T\u00f6rende konu\u015fan AK Parti K\u00fctahya milletvekilleri Ceyda \u00c7etin Erenler ve \u0130shak Gazel de, kampanyaya kat\u0131lan vatanda\u015flara te\u015fekk\u00fcr etti. Yap\u0131lan dualar\u0131n ard\u0131ndan insani yard\u0131m malzemesi y\u00fckl\u00fc t\u0131rlar, Suriye\u2019nin \u0130dlib kentine gitmek \u00fczere yola \u00e7\u0131kt\u0131.<\/p>\n","protected":false},"excerpt":{"rendered":"<p>K\u00dcTAHYA\u2019DA &#8220;B\u0130R ARADAYIZ, \u0130DL\u0130B&#8217;\u0130N YANINDAYIZ&#8221; KAMPANYASI KAPSAMINDA TOPLANAN 7 TIR GIDA VE \u0130HT\u0130YA\u00c7 MALZEMES\u0130, SUR\u0130YE&#8217;N\u0130N \u0130DL\u0130B KENT\u0130NDEK\u0130 SAVA\u015e MA\u011eDURLARINA G\u00d6NDER\u0130LD\u0130.<\/p>\n","protected":false},"author":1,"featured_media":257021,"comment_status":"closed","ping_status":"open","sticky":false,"template":"","format":"standard","meta":{"jetpack_post_was_ever_published":false,"_jetpack_newsletter_access":"","_jetpack_dont_email_post_to_subs":false,"_jetpack_newsletter_tier_id":0,"_jetpack_memberships_contains_paywalled_content":false,"_jetpack_memberships_contains_paid_content":false,"footnotes":"","jetpack_publicize_message":"","jetpack_publicize_feature_enabled":true,"jetpack_social_post_already_shared":true,"jetpack_social_options":{"image_generator_settings":{"template":"highway","default_image_id":0,"font":"","enabled":false},"version":2}},"categories":[1],"tags":[2106,50887,3596,2708,1736],"class_list":["post-257020","post","type-post","status-publish","format-standard","has-post-thumbnail","hentry","category-genel","tag-idlibe","tag-kutahyadan","tag-malzemesi","tag-tir","tag-yardim"],"jetpack_publicize_connections":[],"jetpack_featured_media_url":"https:\/\/i0.wp.com\/www.tvturk.com\/wp-content\/uploads\/2020\/01\/kutahyadan-idlibe-7-tir-yardim-malzemesi_7f38657.jpg?fit=960%2C640","jetpack_sharing_enabled":true,"jetpack_shortlink":"https:\/\/wp.me\/paKIfm-14Ru","_links":{"self":[{"href":"http:\/\/www.tvturk.com\/index.php\/wp-json\/wp\/v2\/posts\/257020","targetHints":{"allow":["GET"]}}],"collection":[{"href":"http:\/\/www.tvturk.com\/index.php\/wp-json\/wp\/v2\/posts"}],"about":[{"href":"http:\/\/www.tvturk.com\/index.php\/wp-json\/wp\/v2\/types\/post"}],"author":[{"embeddable":true,"href":"http:\/\/www.tvturk.com\/index.php\/wp-json\/wp\/v2\/users\/1"}],"replies":[{"embeddable":true,"href":"http:\/\/www.tvturk.com\/index.php\/wp-json\/wp\/v2\/comments?post=257020"}],"version-history":[{"count":0,"href":"http:\/\/www.tvturk.com\/index.php\/wp-json\/wp\/v2\/posts\/257020\/revisions"}],"wp:featuredmedia":[{"embeddable":true,"href":"http:\/\/www.tvturk.com\/index.php\/wp-json\/wp\/v2\/media\/257021"}],"wp:attachment":[{"href":"http:\/\/www.tvturk.com\/index.php\/wp-json\/wp\/v2\/media?parent=257020"}],"wp:term":[{"taxonomy":"category","embeddable":true,"href":"http:\/\/www.tvturk.com\/index.php\/wp-json\/wp\/v2\/categories?post=257020"},{"taxonomy":"post_tag","embeddable":true,"href":"http:\/\/www.tvturk.com\/index.php\/wp-json\/wp\/v2\/tags?post=257020"}],"curies":[{"name":"wp","href":"https:\/\/api.w.org\/{rel}","templated":true}]}}