{"id":257048,"date":"2020-01-17T23:17:27","date_gmt":"2020-01-17T20:17:27","guid":{"rendered":"http:\/\/www.tvturk.com\/index.php\/aykut-kocaman-mac-iki-takim-arasinda-gitti-geldi\/"},"modified":"2020-01-17T23:17:27","modified_gmt":"2020-01-17T20:17:27","slug":"aykut-kocaman-mac-iki-takim-arasinda-gitti-geldi","status":"publish","type":"post","link":"http:\/\/www.tvturk.com\/index.php\/aykut-kocaman-mac-iki-takim-arasinda-gitti-geldi\/","title":{"rendered":"Aykut Kocaman: \u201cMa\u00e7 iki tak\u0131m aras\u0131nda gitti geldi\u201d"},"content":{"rendered":"<p>S\u00fcper Lig\u2019in 18. haftas\u0131nda MKE Ankarag\u00fcc\u00fc\u2019n\u00fc 1-0 ma\u011flup eden Konyaspor\u2019da Teknik Direkt\u00f6r Aykut Kocaman, \u201cMa\u00e7 iki tak\u0131m aras\u0131nda gitti geldi\u201d dedi.<\/p>\n<p>Ma\u00e7\u0131n ard\u0131ndan d\u00fczenlenen bas\u0131n toplant\u0131s\u0131nda konu\u015fan Konyaspor Teknik Direkt\u00f6r\u00fc Aykut Kocaman, \u201cMa\u00e7 \u00f6ncesi i\u00e7in konu\u015facak olursak, u\u011fursuz 6. ve 7. hafta diyorum. Hem Ankarag\u00fcc\u00fc i\u00e7in hem Konyaspor i\u00e7in hem de Antalyaspor i\u00e7in. Biz ve Antalyaspor 7. haftadan itibaren Ankarag\u00fcc\u00fc ise 6. haftadan itibaren kazanm\u0131yor. Toplad\u0131\u011f\u0131m\u0131z puanlar en az\u0131ndan bizi d\u00fc\u015fme hatt\u0131n\u0131n d\u0131\u015f\u0131nda tuttu. Ankarag\u00fcc\u00fc\u2019de ma\u00e7a ba\u015flarken yeni bir heyecanla, istekle sezonun ikinci yar\u0131s\u0131na ba\u015flamak istedi. Bizim de ba\u015flang\u0131ca ihtiyac\u0131m\u0131z vard\u0131. Ligin k\u0131r\u0131lmas\u0131 i\u00e7in erken say\u0131labilecek bir d\u00f6nem. Di\u011fer taraftan da kaybedeninin kanamas\u0131n\u0131n biraz daha artaca\u011f\u0131 bir ma\u00e7 olarak g\u00f6z\u00fck\u00fcyordu. Devrenin sonlar\u0131na do\u011fru 6 ma\u00e7ta 14 gol yedi\u011fimiz sadece 3 gol att\u0131\u011f\u0131m\u0131z 5 ma\u011flubiyet 1 beraberlik i\u00e7erisinde bulunan seriyi son 4 ma\u00e7ta derlenip toparlanma haline getirdik ancak bunlar\u0131 kazanma durumuna \u00e7evirememi\u015ftik. Devre aras\u0131nda bu derli toplu halimiz kendi ayar\u0131m\u0131za d\u00f6n\u00fc\u015f\u00fcm\u00fcz\u00fcn sinyallerini veriyordu. Bug\u00fcn ben de b\u00fct\u00fcn Konyasporlular ne kadar sahaya yans\u0131yaca\u011f\u0131n\u0131 merak ediyordum\u201d \u0130fadelerini kulland\u0131.<\/p>\n<p>\u201cAnkarag\u00fcc\u00fc ikinci yar\u0131 tamamen bizi kendi saham\u0131za itti\u201d<\/p>\n<p>Futbol \u015fans\u0131n\u0131n bug\u00fcn tersine d\u00f6nd\u00fc\u011f\u00fcn\u00fc belirten Kocaman, \u201cMa\u00e7\u0131n ba\u015f\u0131nda rakibimize oyunumuzu kabul ettirdik. Fakat ma\u00e7\u0131n ilk yar\u0131s\u0131n\u0131n ortalar\u0131ndan itibaren pas mesafesinin \u00e7ok uzamas\u0131, savunma oyuncular\u0131m\u0131z\u0131n ba\u011flant\u0131 problemleri Ankarag\u00fcc\u00fc\u2019n\u00fcde ma\u00e7\u0131n i\u00e7ine \u00e7ekti ve ma\u00e7 iki tak\u0131m aras\u0131nda gitti geldi. \u0130kinci yar\u0131da toplanmak zorundayd\u0131k. Bu duygu d\u00fc\u015f\u00fcncelerle ba\u015flad\u0131k ama ilk 15 dakika d\u00fc\u015f\u00fcnd\u00fc\u011f\u00fcm\u00fcz gibi olmad\u0131. Ankarag\u00fcc\u00fc ikinci yar\u0131 tamamen bizi kendi saham\u0131za itti. Kendi klasik oyunumuza d\u00f6nd\u00fc\u011f\u00fcm\u00fczde kontrol biraz daha bize ge\u00e7ti. Aray\u0131\u015flar\u0131m\u0131z daha da artt\u0131. \u0130ki tane net gol pozisyonu bulduk. Ma\u00e7 b\u00f6yle bitecek derken son anda, birazda \u015funu s\u00f6ylememde yanl\u0131\u015fl\u0131k olmaz. Zaten son anlarda gole daha yak\u0131n taraf olarak g\u00f6z\u00fck\u00fcrken o son pozisyon uzun zamand\u0131r kendi beceriksizli\u011fimiz diyelim buna. Bug\u00fcn bu anlamda futbol \u015fans\u0131 tersine d\u00f6nd\u00fc. \u00c7al\u0131\u015f\u0131p \u00e7abalay\u0131nca \u015fans yan\u0131nda oluyor. Oyuncu arkada\u015flar\u0131ma tebrik ediyorum. Ankarag\u00fcc\u00fc\u2019ne de ba\u015far\u0131lar diliyorum\u201d diye konu\u015ftu.<\/p>\n","protected":false},"excerpt":{"rendered":"<p>S\u00dcPER L\u0130G\u2019\u0130N 18. HAFTASINDA MKE ANKARAG\u00dcC\u00dc\u2019N\u00dc 1-0 MA\u011eLUP EDEN KONYASPOR TEKN\u0130K D\u0130REKT\u00d6R\u00dc AYKUT KOCAMAN, \u201cMA\u00c7 \u0130K\u0130 TAKIM ARASINDA G\u0130TT\u0130 GELD\u0130\u201d DED\u0130.<\/p>\n","protected":false},"author":1,"featured_media":257049,"comment_status":"closed","ping_status":"open","sticky":false,"template":"","format":"standard","meta":{"jetpack_post_was_ever_published":false,"_jetpack_newsletter_access":"","_jetpack_dont_email_post_to_subs":false,"_jetpack_newsletter_tier_id":0,"_jetpack_memberships_contains_paywalled_content":false,"_jetpack_memberships_contains_paid_content":false,"footnotes":"","jetpack_publicize_message":"","jetpack_publicize_feature_enabled":true,"jetpack_social_post_already_shared":true,"jetpack_social_options":{"image_generator_settings":{"template":"highway","default_image_id":0,"font":"","enabled":false},"version":2}},"categories":[657],"tags":[944,1882,404,127,1601,1220,5098,6670],"class_list":["post-257048","post","type-post","status-publish","format-standard","has-post-thumbnail","hentry","category-spor","tag-mac","tag-arasinda","tag-aykut","tag-geldi","tag-gitti","tag-iki","tag-kocaman","tag-takim"],"jetpack_publicize_connections":[],"jetpack_featured_media_url":"https:\/\/i0.wp.com\/www.tvturk.com\/wp-content\/uploads\/2020\/01\/aykut-kocaman-mac-iki-takim-arasinda-gitti-geldi_4b112a4.jpg?fit=1000%2C587","jetpack_sharing_enabled":true,"jetpack_shortlink":"https:\/\/wp.me\/paKIfm-14RW","_links":{"self":[{"href":"http:\/\/www.tvturk.com\/index.php\/wp-json\/wp\/v2\/posts\/257048","targetHints":{"allow":["GET"]}}],"collection":[{"href":"http:\/\/www.tvturk.com\/index.php\/wp-json\/wp\/v2\/posts"}],"about":[{"href":"http:\/\/www.tvturk.com\/index.php\/wp-json\/wp\/v2\/types\/post"}],"author":[{"embeddable":true,"href":"http:\/\/www.tvturk.com\/index.php\/wp-json\/wp\/v2\/users\/1"}],"replies":[{"embeddable":true,"href":"http:\/\/www.tvturk.com\/index.php\/wp-json\/wp\/v2\/comments?post=257048"}],"version-history":[{"count":0,"href":"http:\/\/www.tvturk.com\/index.php\/wp-json\/wp\/v2\/posts\/257048\/revisions"}],"wp:featuredmedia":[{"embeddable":true,"href":"http:\/\/www.tvturk.com\/index.php\/wp-json\/wp\/v2\/media\/257049"}],"wp:attachment":[{"href":"http:\/\/www.tvturk.com\/index.php\/wp-json\/wp\/v2\/media?parent=257048"}],"wp:term":[{"taxonomy":"category","embeddable":true,"href":"http:\/\/www.tvturk.com\/index.php\/wp-json\/wp\/v2\/categories?post=257048"},{"taxonomy":"post_tag","embeddable":true,"href":"http:\/\/www.tvturk.com\/index.php\/wp-json\/wp\/v2\/tags?post=257048"}],"curies":[{"name":"wp","href":"https:\/\/api.w.org\/{rel}","templated":true}]}}