{"id":257050,"date":"2020-01-17T23:46:13","date_gmt":"2020-01-17T20:46:13","guid":{"rendered":"http:\/\/www.tvturk.com\/index.php\/ukrayna-cumhurbaskani-bir-sans-daha-veriyorum\/"},"modified":"2020-01-17T23:46:13","modified_gmt":"2020-01-17T20:46:13","slug":"ukrayna-cumhurbaskani-bir-sans-daha-veriyorum","status":"publish","type":"post","link":"http:\/\/www.tvturk.com\/index.php\/ukrayna-cumhurbaskani-bir-sans-daha-veriyorum\/","title":{"rendered":"Ukrayna Cumhurba\u015fkan\u0131: \u201cBir \u015fans daha veriyorum\u201d"},"content":{"rendered":"<p>Ukrayna Devlet Ba\u015fkan\u0131 Vladimir Zelenskiy, istifa eden Ba\u015fbakan Aleksey Gon\u00e7aruk\u2019a bir \u015fans daha vermek istedi\u011fini s\u00f6yledi.<\/p>\n<p>Ukrayna\u2019da 4 ay \u00f6nce Ba\u015fbakanl\u0131k koltu\u011funa getirilen Aleksey Gon\u00e7aruk\u2019un Ukrayna Devlet Ba\u015fkan\u0131 Vladimir Zelenskiy\u2019nin baz\u0131 politikalar\u0131n\u0131 \u201cilkel\u201d buldu\u011funu ifade etti\u011fi telefon g\u00f6r\u00fc\u015fmesine dair ses kay\u0131tlar\u0131 internete s\u0131zd\u0131r\u0131lmas\u0131n\u0131n ard\u0131ndan istifas\u0131n\u0131 verdikten sonra, Zelenskiy kendisiyle Ba\u015fkanl\u0131k Ofisi\u2019nde kameralar\u0131n ve kamuoyunun huzurunda bir g\u00f6r\u00fc\u015fme ger\u00e7ekle\u015ftirdi. G\u00f6r\u00fc\u015fmede, Bakanlar Kabinesi\u2019nin i\u015fleyi\u015fi, bakanlar\u0131n maa\u015flar\u0131, ula\u015f\u0131lamayan hedefler ve parlamentonun tamam\u0131yla kurulan diyaloglar gibi konular ele al\u0131nd\u0131.<\/p>\n<p>S\u00f6zlerine, \u201cSize bir \u015fans daha vermek istiyorum\u201d ifadeleriyle ba\u015flayan Zelenskiy, \u201c\u015eimdi devleti ekonomik ve politik olarak yaralaman\u0131n zaman\u0131 de\u011fil. Baz\u0131 dile getirece\u011fim problemlerin \u00e7\u00f6z\u00fcm\u00fc halinde, size ve h\u00fck\u00fcmetinize bir \u015fans daha vermek istiyorum. H\u00fck\u00fcmetteki baz\u0131lar\u0131n\u0131n d\u00fcr\u00fcst ya da i\u015finin ehli olmad\u0131klar\u0131na dair bir d\u00fc\u015f\u00fcncem yok. Sizin onlar\u0131 nas\u0131l se\u00e7ti\u011finizi, sizle ve onlarla neler konu\u015ftu\u011fumuzu, hangi stratejilere sahip olduklar\u0131n\u0131 hepsini \u00e7ok iyi hat\u0131rl\u0131yorum. O y\u00fczden sizden \u00e7\u00f6zmenizi istedi\u011fim konulardan bir tanesi de h\u00fck\u00fcmetteki zay\u0131f noktalar\u0131 bularak onlar\u0131 de\u011fi\u015ftirmeniz. Ba\u015flang\u0131\u00e7taki baz\u0131 bakanl\u0131klar\u0131n birle\u015ftirilmesi do\u011fruydu. \u00c7\u00fcnk\u00fc profesyonel kadro a\u00e7\u0131\u011f\u0131m\u0131z ve k\u00fc\u00e7\u00fck bir b\u00fct\u00e7emiz var. \u00d6yle d\u00fc\u015f\u00fcn\u00fcyorum ki baz\u0131 bakanl\u0131klar\u0131 ay\u0131rman\u0131n zaman\u0131 geldi\u201d \u015feklinde konu\u015ftu.<\/p>\n<p>G\u00f6r\u00fc\u015fmenin ard\u0131ndan Devlet Ba\u015fkanl\u0131k Ofisi\u2019nden yap\u0131lan a\u00e7\u0131klamada, \u201cBa\u015fbakan Gon\u00e7aruk, 4 \u015eubat\u2019a kadar h\u00fck\u00fcmetin ve Bakanlar Kurulu\u2019nun, i\u015fleyi\u015fi ve g\u00f6rev alanlar\u0131ndaki faaliyetlerini i\u00e7eren geni\u015f kapsaml\u0131 bir raporu Devlet Ba\u015fkan\u0131\u2019na sunacakt\u0131r\u201d ifadelerine yer verildi.<\/p>\n<p>Ba\u015fbakan Gon\u00e7aruk\u2019un g\u00f6r\u00fc\u015fmenin ard\u0131ndan g\u00f6revine devam etmesi bekleniyor. Ukrayna Devlet Ba\u015fkan\u0131 Vladimir Zelenskiy\u2019nin bu davran\u0131\u015f\u0131 ise, halktan b\u00fcy\u00fck takdir toplad\u0131.<\/p>\n","protected":false},"excerpt":{"rendered":"<p>UKRAYNA DEVLET BA\u015eKANI VLAD\u0130M\u0130R ZELENSK\u0130Y, \u0130ST\u0130FA EDEN BA\u015eBAKAN ALEKSEY GON\u00c7ARUK\u2019A B\u0130R \u015eANS DAHA VERMEK \u0130STED\u0130\u011e\u0130N\u0130 S\u00d6YLED\u0130.<\/p>\n","protected":false},"author":1,"featured_media":257051,"comment_status":"closed","ping_status":"open","sticky":false,"template":"","format":"standard","meta":{"jetpack_post_was_ever_published":false,"_jetpack_newsletter_access":"","_jetpack_dont_email_post_to_subs":false,"_jetpack_newsletter_tier_id":0,"_jetpack_memberships_contains_paywalled_content":false,"_jetpack_memberships_contains_paid_content":false,"footnotes":"","jetpack_publicize_message":"","jetpack_publicize_feature_enabled":true,"jetpack_social_post_already_shared":true,"jetpack_social_options":{"image_generator_settings":{"template":"highway","default_image_id":0,"font":"","enabled":false},"version":2}},"categories":[10],"tags":[125,503,1018,9655,2936,1107],"class_list":["post-257050","post","type-post","status-publish","format-standard","has-post-thumbnail","hentry","category-dunya","tag-bir","tag-cumhurbaskani","tag-daha","tag-sans","tag-ukrayna","tag-veriyorum"],"jetpack_publicize_connections":[],"jetpack_featured_media_url":"https:\/\/i0.wp.com\/www.tvturk.com\/wp-content\/uploads\/2020\/01\/ukrayna-cumhurbaskani-bir-sans-daha-veriyorum_55f4d27.jpg?fit=839%2C403","jetpack_sharing_enabled":true,"jetpack_shortlink":"https:\/\/wp.me\/paKIfm-14RY","_links":{"self":[{"href":"http:\/\/www.tvturk.com\/index.php\/wp-json\/wp\/v2\/posts\/257050","targetHints":{"allow":["GET"]}}],"collection":[{"href":"http:\/\/www.tvturk.com\/index.php\/wp-json\/wp\/v2\/posts"}],"about":[{"href":"http:\/\/www.tvturk.com\/index.php\/wp-json\/wp\/v2\/types\/post"}],"author":[{"embeddable":true,"href":"http:\/\/www.tvturk.com\/index.php\/wp-json\/wp\/v2\/users\/1"}],"replies":[{"embeddable":true,"href":"http:\/\/www.tvturk.com\/index.php\/wp-json\/wp\/v2\/comments?post=257050"}],"version-history":[{"count":0,"href":"http:\/\/www.tvturk.com\/index.php\/wp-json\/wp\/v2\/posts\/257050\/revisions"}],"wp:featuredmedia":[{"embeddable":true,"href":"http:\/\/www.tvturk.com\/index.php\/wp-json\/wp\/v2\/media\/257051"}],"wp:attachment":[{"href":"http:\/\/www.tvturk.com\/index.php\/wp-json\/wp\/v2\/media?parent=257050"}],"wp:term":[{"taxonomy":"category","embeddable":true,"href":"http:\/\/www.tvturk.com\/index.php\/wp-json\/wp\/v2\/categories?post=257050"},{"taxonomy":"post_tag","embeddable":true,"href":"http:\/\/www.tvturk.com\/index.php\/wp-json\/wp\/v2\/tags?post=257050"}],"curies":[{"name":"wp","href":"https:\/\/api.w.org\/{rel}","templated":true}]}}