{"id":257094,"date":"2020-01-18T10:01:47","date_gmt":"2020-01-18T07:01:47","guid":{"rendered":"http:\/\/www.tvturk.com\/index.php\/karsta-soguktan-vatandaslarin-saclari-ve-kirpikleri-dondu\/"},"modified":"2020-01-18T10:01:47","modified_gmt":"2020-01-18T07:01:47","slug":"karsta-soguktan-vatandaslarin-saclari-ve-kirpikleri-dondu","status":"publish","type":"post","link":"http:\/\/www.tvturk.com\/index.php\/karsta-soguktan-vatandaslarin-saclari-ve-kirpikleri-dondu\/","title":{"rendered":"Kars\u2019ta so\u011fuktan vatanda\u015flar\u0131n sa\u00e7lar\u0131 ve kirpikleri dondu"},"content":{"rendered":"<p>Kars\u2019ta etkili olan so\u011fuk hava vatanda\u015flara zor anlar ya\u015fatt\u0131. D\u0131\u015far\u0131daki vatanda\u015flar\u0131n ka\u015flar\u0131, sa\u00e7lar\u0131 ve kirpikleri dondu.<\/p>\n<p>So\u011fuk hava Kars\u2019ta hayat\u0131 adeta esir ald\u0131. Gece ba\u015flayan ve sabah saatlerinde etkisini daha da artt\u0131ran so\u011fuk hava nedeniyle insanlar sadece ihtiya\u00e7lar\u0131n\u0131 gidermek i\u00e7in d\u0131\u015far\u0131 \u00e7\u0131kabiliyor. So\u011fukta ka\u015f ve kirpiklerin tamamen dondu\u011fu Kars\u2019ta so\u011fuk hava hayat\u0131 olumsuz etkilemeye devam ediyor.<\/p>\n<p>\u201cAtk\u0131s\u0131, beresi ve ka\u015flar\u0131 buz tuttu\u201d<\/p>\n<p>Havan\u0131n \u00e7ok so\u011fuk oldu\u011funu ve ihtiya\u00e7lar\u0131n\u0131 kar\u015f\u0131lamak i\u00e7in soka\u011fa \u00e7\u0131kt\u0131\u011f\u0131n\u0131 ifade eden vatanda\u015flar, \u201c\u00c7ok \u00e7ok hava \u00e7ok so\u011fuk, so\u011fuk hava ne yapal\u0131m. Bu so\u011fuklar bu \u015fekilde 1 ay devam eder, b\u00f6yle devam eder. Her g\u00fcn bu \u015fekilde korunuyorum. \u015eartlar\u0131m\u0131z a\u011f\u0131r\u201d dedi.<\/p>\n<p>\u201cEksi 25 derece so\u011fuk var\u201d<\/p>\n<p>Hava s\u0131cakl\u0131\u011f\u0131n\u0131n eksi 25 derece oldu\u011funu belirten vatanda\u015f, \u201c\u015euanda eksi 25 derece Gazi Kars\u2019ta ya\u015f\u0131yoruz. \u00c7ok so\u011fuk bir hava, ne do\u011falgaz, ne k\u00f6m\u00fcr ve ne de ba\u015fka bir yak\u0131t \u0131s\u0131tm\u0131yor bizi, v\u00fccudumuz donuyor, \u00e7ok so\u011fuk\u201d diye konu\u015ftu.<\/p>\n<p>Hava s\u0131cakl\u0131\u011f\u0131n\u0131n gece eksi 29 dereceye d\u00fc\u015ft\u00fc\u011f\u00fc Kars\u2019ta i\u015f yerlerinin camlar\u0131 buz tuttu. Vatanda\u015flar i\u015f yerlerinin camlar\u0131n\u0131n buzunu kaz\u0131yarak a\u00e7t\u0131. Kap\u0131 kilitleri dondu. A\u011fa\u00e7lar da k\u0131ra\u011f\u0131 olu\u015ftu. Vatanda\u015flar ise caddelerde y\u00fcr\u00fcmekte zorluk \u00e7ekti.<\/p>\n<p>So\u011fuk hava hafta sonuna kadar etkili olmas\u0131 bekleniyor. Kars\u2019ta hava s\u0131cakl\u0131\u011f\u0131 gece eksi 29, sabah saatlerinde ise eksi 25 derece olarak \u00f6l\u00e7\u00fcld\u00fc.<\/p>\n","protected":false},"excerpt":{"rendered":"<p>KARS\u2019TA SO\u011eUKTAN VATANDA\u015eLARIN SA\u00c7LARI VE K\u0130RP\u0130KLER\u0130 DONDU. TERMOMETRELER EKS\u0130 25\u2019\u0130 G\u00d6STERD\u0130. SOKAKTA Y\u00dcR\u00dcYEN VATANDA\u015eLARIN NEFES\u0130 BUZ TUTTU(I\u015eIK \u00c7APANO\u011eLU\/KARS-\u0130HA)<\/p>\n","protected":false},"author":1,"featured_media":257095,"comment_status":"closed","ping_status":"open","sticky":false,"template":"","format":"standard","meta":{"jetpack_post_was_ever_published":false,"_jetpack_newsletter_access":"","_jetpack_dont_email_post_to_subs":false,"_jetpack_newsletter_tier_id":0,"_jetpack_memberships_contains_paywalled_content":false,"_jetpack_memberships_contains_paid_content":false,"footnotes":"","jetpack_publicize_message":"","jetpack_publicize_feature_enabled":true,"jetpack_social_post_already_shared":true,"jetpack_social_options":{"image_generator_settings":{"template":"highway","default_image_id":0,"font":"","enabled":false},"version":2}},"categories":[1],"tags":[990,4550,63540,31895,7734,369],"class_list":["post-257094","post","type-post","status-publish","format-standard","has-post-thumbnail","hentry","category-genel","tag-dondu","tag-karsta","tag-kirpikleri","tag-saclari","tag-soguktan","tag-vatandaslarin"],"jetpack_publicize_connections":[],"jetpack_featured_media_url":"https:\/\/i0.wp.com\/www.tvturk.com\/wp-content\/uploads\/2020\/01\/karsta-soguktan-vatandaslarin-saclari-ve-kirpikleri-dondu_8fc4880.jpg?fit=1000%2C556","jetpack_sharing_enabled":true,"jetpack_shortlink":"https:\/\/wp.me\/paKIfm-14SG","_links":{"self":[{"href":"http:\/\/www.tvturk.com\/index.php\/wp-json\/wp\/v2\/posts\/257094","targetHints":{"allow":["GET"]}}],"collection":[{"href":"http:\/\/www.tvturk.com\/index.php\/wp-json\/wp\/v2\/posts"}],"about":[{"href":"http:\/\/www.tvturk.com\/index.php\/wp-json\/wp\/v2\/types\/post"}],"author":[{"embeddable":true,"href":"http:\/\/www.tvturk.com\/index.php\/wp-json\/wp\/v2\/users\/1"}],"replies":[{"embeddable":true,"href":"http:\/\/www.tvturk.com\/index.php\/wp-json\/wp\/v2\/comments?post=257094"}],"version-history":[{"count":0,"href":"http:\/\/www.tvturk.com\/index.php\/wp-json\/wp\/v2\/posts\/257094\/revisions"}],"wp:featuredmedia":[{"embeddable":true,"href":"http:\/\/www.tvturk.com\/index.php\/wp-json\/wp\/v2\/media\/257095"}],"wp:attachment":[{"href":"http:\/\/www.tvturk.com\/index.php\/wp-json\/wp\/v2\/media?parent=257094"}],"wp:term":[{"taxonomy":"category","embeddable":true,"href":"http:\/\/www.tvturk.com\/index.php\/wp-json\/wp\/v2\/categories?post=257094"},{"taxonomy":"post_tag","embeddable":true,"href":"http:\/\/www.tvturk.com\/index.php\/wp-json\/wp\/v2\/tags?post=257094"}],"curies":[{"name":"wp","href":"https:\/\/api.w.org\/{rel}","templated":true}]}}