{"id":257132,"date":"2020-01-18T11:01:42","date_gmt":"2020-01-18T08:01:42","guid":{"rendered":"http:\/\/www.tvturk.com\/index.php\/genel-mudur-erkan-marmarabirlik-kooperatifciligin-ornek-kurulusudur\/"},"modified":"2020-01-18T11:01:42","modified_gmt":"2020-01-18T08:01:42","slug":"genel-mudur-erkan-marmarabirlik-kooperatifciligin-ornek-kurulusudur","status":"publish","type":"post","link":"http:\/\/www.tvturk.com\/index.php\/genel-mudur-erkan-marmarabirlik-kooperatifciligin-ornek-kurulusudur\/","title":{"rendered":"Genel M\u00fcd\u00fcr Erkan: &#8220;Marmarabirlik kooperatif\u00e7ili\u011fin \u00f6rnek kurulu\u015fudur&#8221;"},"content":{"rendered":"<p>Ticaret Bakanl\u0131\u011f\u0131, Esnaf Sanatkarlar ve Kooperatif\u00e7ilik Genel M\u00fcd\u00fcr\u00fc Necmettin Erkan, Marmarabirlik\u2019i ziyaret etti. Y\u00f6netim Kurulu Ba\u015fkan\u0131 Hidamet Asa ve Genel M\u00fcd\u00fcr \u0130smail Acar taraf\u0131ndan kar\u015f\u0131lanan Erkan, Entegre \u00dcretim tesislerinde incelemelerde bulundu.<\/p>\n<p>Y\u00f6netim Kurulu Ba\u015fkan\u0131 Hidamet Asa\u2019dan Marmarabirlik\u2019in d\u00fcn\u00fc bug\u00fcn\u00fc hakk\u0131nda bilgiler alan Ticaret Bakanl\u0131\u011f\u0131, Esnaf Sanatkarlar ve Kooperatif\u00e7ilik Genel M\u00fcd\u00fcr\u00fc Necmettin Erkan, kooperatif\u00e7ili\u011fin \u00f6nemine vurgu yapt\u0131. Erkan \u015funlar\u0131 s\u00f6yledi:<\/p>\n<p>&#8220;\u00dcreticiden t\u00fcketiciye k\u00f6pr\u00fc vazifesi g\u00f6ren kooperatifler, s\u00fcrd\u00fcr\u00fclebilir bir ekonomik kalk\u0131nmada \u00f6nemli rol oynamaktad\u0131r. Bakanl\u0131k olarak amac\u0131m\u0131z kooperatif ortaklar\u0131n\u0131n b\u00fct\u00fcn ihtiya\u00e7lar\u0131n\u0131n kar\u015f\u0131lanmas\u0131, i\u00e7 pazarda sat\u0131\u015flar\u0131n\u0131n artmas\u0131  ve ihracatta daha fazla pay almalar\u0131n\u0131 sa\u011flanmakt\u0131r. Ticaret Bakanl\u0131\u011f\u0131 olarak gerek kooperatif\u00e7ili\u011fin yayg\u0131nla\u015ft\u0131r\u0131lmas\u0131, gerekse mevcut kooperatiflerimizin s\u0131k\u0131nt\u0131lar\u0131n\u0131 gidermek \u00fczere \u00e7ok kapsaml\u0131 olarak \u00e7al\u0131\u015fmalar\u0131m\u0131z\u0131 s\u00fcrd\u00fcr\u00fcyoruz \u201d dedi.<\/p>\n<p>\u201cMarmarabirlik kooperatif\u00e7ili\u011fin \u00f6rnek kurulu\u015fudur\u201d<\/p>\n<p>Marmarabirlik\u2019in ba\u015far\u0131s\u0131n\u0131n tesad\u00fcf olmad\u0131\u011f\u0131n\u0131, planl\u0131 bir b\u00fcy\u00fcmenin oldu\u011funu belirten Erkan,\u201cOrtaklar\u0131na sahip \u00e7\u0131kan ve kalite standartlar\u0131n\u0131 her ge\u00e7en g\u00fcn daha da art\u0131ran bir Marmarabirlik var. Marmarabirlik \u00fclkemizde kooperatif\u00e7ili\u011fin \u00f6rnek kurulu\u015flar\u0131ndan biri; adeta g\u00f6zbebe\u011fidir. Ge\u00e7ti\u011fimiz ay ger\u00e7ekle\u015ftirdi\u011fimiz Kooperatif\u00e7ilik Fuar\u0131nda en dikkat \u00e7eken kurumlar\u0131n ba\u015f\u0131nda da Marmarabirlik geliyordu. Ba\u015far\u0131lar\u0131 \u00e7al\u0131\u015fmalar\u0131n\u0131zdan dolay\u0131 sizi bir kez daha t\u00fcm ortaklar\u0131 ve \u00e7al\u0131\u015fanlar\u0131n\u0131z\u0131 tebrik ediyorum\u201d dedi.<\/p>\n<p>Ziyaretten duydu\u011fu memnuniyeti dile getiren Hidamet Asa yapt\u0131\u011f\u0131 a\u00e7\u0131klamada \u015funlar\u0131 s\u00f6yledi:<\/p>\n<p>&#8220;Marmarabirlik sayesinde kooperatif\u00e7ili\u011fin \u00fclkemizde yeniden bir umut haline gelmesi bizleri sevindirmektedir. G\u00f6reve geldi\u011fimiz g\u00fcnden bug\u00fcne yakalad\u0131\u011f\u0131m\u0131z ba\u015far\u0131n\u0131n temelinde \u015fu vard\u0131r; Marmarabirlik ile ortaklar aras\u0131nda mesafe ortadan kald\u0131r\u0131lm\u0131\u015f, ortaklar\u0131m\u0131z\u0131n kuruma kar\u015f\u0131 g\u00fcvensizli\u011fi bitirilmi\u015f ve g\u00fcven tesis edilmi\u015ftir. Planl\u0131 b\u00fcy\u00fcme, do\u011fru yat\u0131r\u0131m politikalar\u0131 ile hem kurum b\u00fcy\u00fcm\u00fc\u015f, hem de ortaklar\u0131m\u0131z\u0131n refah seviyesi artm\u0131\u015ft\u0131r. Daha \u00e7ok \u00fcr\u00fcn al\u0131nm\u0131\u015f, daha \u00e7ok \u00fcr\u00fcn sat\u0131lm\u0131\u015f ve kar edip, karl\u0131l\u0131k yat\u0131r\u0131ma d\u00f6n\u00fc\u015ft\u00fcr\u00fclm\u00fc\u015ft\u00fcr. Bunlar\u0131n tamam\u0131 1 TL kredi kullan\u0131lmadan yap\u0131lm\u0131\u015ft\u0131r. Ticaret Bakanl\u0131\u011f\u0131m\u0131zdan arz fazlal\u0131\u011f\u0131n oldu\u011fu y\u0131llarda, \u00fcr\u00fcn al\u0131mlar\u0131nda kullan\u0131lmak \u00fczere finans deste\u011fi sa\u011flanmas\u0131 durumunda, \u00fcreticimizin s\u0131k\u0131nt\u0131lar\u0131 minimum seviyeye inecek olup, Marmarabirlik\u2019in g\u00fcc\u00fcne de g\u00fc\u00e7 katacakt\u0131r. Ticaret Bakanl\u0131\u011f\u0131 nezdinde Kooperatif\u00e7ilik Genel M\u00fcd\u00fcrl\u00fc\u011f\u00fcn\u00fcz\u00fcn d\u00fczenledi\u011fi T\u00fcrkiye Kooperatifler Fuar\u0131 ile \u00fclkemizde kooperatif\u00e7ilik ad\u0131na yeni bir vizyon olu\u015fmu\u015ftur.&#8221;<\/p>\n","protected":false},"excerpt":{"rendered":"<p>T\u0130CARET BAKANLI\u011eI, ESNAF SANATKARLAR VE KOOPERAT\u0130F\u00c7\u0130L\u0130K GENEL M\u00dcD\u00dcR\u00dc NECMETT\u0130N ERKAN, MARMARAB\u0130RL\u0130K\u2019\u0130 Z\u0130YARET ETT\u0130. Y\u00d6NET\u0130M KURULU BA\u015eKANI H\u0130DAMET ASA VE GENEL M\u00dcD\u00dcR \u0130SMA\u0130L ACAR TARAFINDAN KAR\u015eILANAN ERKAN, ENTEGRE \u00dcRET\u0130M TES\u0130SLER\u0130NDE \u0130NCELEMELERDE BULUNDU.<\/p>\n","protected":false},"author":1,"featured_media":257133,"comment_status":"closed","ping_status":"open","sticky":false,"template":"","format":"standard","meta":{"jetpack_post_was_ever_published":false,"_jetpack_newsletter_access":"","_jetpack_dont_email_post_to_subs":false,"_jetpack_newsletter_tier_id":0,"_jetpack_memberships_contains_paywalled_content":false,"_jetpack_memberships_contains_paid_content":false,"footnotes":"","jetpack_publicize_message":"","jetpack_publicize_feature_enabled":true,"jetpack_social_post_already_shared":true,"jetpack_social_options":{"image_generator_settings":{"template":"highway","default_image_id":0,"font":"","enabled":false},"version":2}},"categories":[19],"tags":[7893,869,63553,63554,28331,4418,1996],"class_list":["post-257132","post","type-post","status-publish","format-standard","has-post-thumbnail","hentry","category-ekonomi","tag-erkan","tag-genel","tag-kooperatifciligin","tag-kurulusudur","tag-marmarabirlik","tag-mudur","tag-ornek"],"jetpack_publicize_connections":[],"jetpack_featured_media_url":"https:\/\/i0.wp.com\/www.tvturk.com\/wp-content\/uploads\/2020\/01\/genel-mudur-erkan-marmarabirlik-kooperatifciligin-ornek-kurulusudur_dfad1a5.jpg?fit=1000%2C666","jetpack_sharing_enabled":true,"jetpack_shortlink":"https:\/\/wp.me\/paKIfm-14Ti","_links":{"self":[{"href":"http:\/\/www.tvturk.com\/index.php\/wp-json\/wp\/v2\/posts\/257132","targetHints":{"allow":["GET"]}}],"collection":[{"href":"http:\/\/www.tvturk.com\/index.php\/wp-json\/wp\/v2\/posts"}],"about":[{"href":"http:\/\/www.tvturk.com\/index.php\/wp-json\/wp\/v2\/types\/post"}],"author":[{"embeddable":true,"href":"http:\/\/www.tvturk.com\/index.php\/wp-json\/wp\/v2\/users\/1"}],"replies":[{"embeddable":true,"href":"http:\/\/www.tvturk.com\/index.php\/wp-json\/wp\/v2\/comments?post=257132"}],"version-history":[{"count":0,"href":"http:\/\/www.tvturk.com\/index.php\/wp-json\/wp\/v2\/posts\/257132\/revisions"}],"wp:featuredmedia":[{"embeddable":true,"href":"http:\/\/www.tvturk.com\/index.php\/wp-json\/wp\/v2\/media\/257133"}],"wp:attachment":[{"href":"http:\/\/www.tvturk.com\/index.php\/wp-json\/wp\/v2\/media?parent=257132"}],"wp:term":[{"taxonomy":"category","embeddable":true,"href":"http:\/\/www.tvturk.com\/index.php\/wp-json\/wp\/v2\/categories?post=257132"},{"taxonomy":"post_tag","embeddable":true,"href":"http:\/\/www.tvturk.com\/index.php\/wp-json\/wp\/v2\/tags?post=257132"}],"curies":[{"name":"wp","href":"https:\/\/api.w.org\/{rel}","templated":true}]}}