{"id":257200,"date":"2020-01-18T12:32:32","date_gmt":"2020-01-18T09:32:32","guid":{"rendered":"http:\/\/www.tvturk.com\/index.php\/super-ligin-en-genc-teknik-adami-huseyin-cimsir-sahne-aliyor\/"},"modified":"2020-01-18T12:32:32","modified_gmt":"2020-01-18T09:32:32","slug":"super-ligin-en-genc-teknik-adami-huseyin-cimsir-sahne-aliyor","status":"publish","type":"post","link":"http:\/\/www.tvturk.com\/index.php\/super-ligin-en-genc-teknik-adami-huseyin-cimsir-sahne-aliyor\/","title":{"rendered":"S\u00fcper Lig\u2019in en gen\u00e7 teknik adam\u0131 H\u00fcseyin \u00c7im\u015fir sahne al\u0131yor"},"content":{"rendered":"<p>S\u00fcper Lig\u2019in en gen\u00e7 teknik direkt\u00f6r\u00fc H\u00fcseyin \u00c7im\u015fir, Kas\u0131mpa\u015fa ma\u00e7\u0131yla birlikte ligde sahne al\u0131yor. \u00dcnal Karaman\u2019\u0131n ayr\u0131lmas\u0131ndan sonra bordo-mavililerin tak\u0131m\u0131 emanet etti\u011fi gen\u00e7 teknik adam, yeni bir d\u00f6nemin ba\u015flang\u0131c\u0131na imza atmak i\u00e7in b\u00fcy\u00fck bir heyecan ya\u015f\u0131yor.<\/p>\n<p>S\u00fcper Lig\u2019in ikinci yar\u0131s\u0131nda g\u00f6rev yapacak teknik adamlar i\u00e7inde en genci 40 ya\u015f\u0131ndaki H\u00fcseyin \u00c7im\u015fir oldu. Yar\u0131n Kas\u0131mpa\u015f\u0131\u2019y\u0131 konuk edecek olan bordo-mavililerde H\u00fcseyin \u00c7im\u015fir de S\u00fcper Lig\u2019in en gen\u00e7 teknik direkt\u00f6r\u00fc olarak saha kenar\u0131ndaki yerini alacak. Alt yap\u0131s\u0131ndan yeti\u015ftirdi\u011fi oyuncular ve teknik adamlarla \u00f6n planda olan Karadeniz ekibi, teknik adam olarak T\u00fcrk futboluna sundu\u011fu \u00c7im\u015fir\u2019in, tak\u0131ma yapaca\u011f\u0131 dokunu\u015flar ve ortaya koyaca\u011f\u0131 performans merakla bekleniyor.<\/p>\n<p>En genci H\u00fcseyin \u00c7im\u015fir, en ya\u015fl\u0131s\u0131 Fatih Terim<\/p>\n<p>S\u00fcper Lig\u2019in ikinci yar\u0131s\u0131nda  g\u00f6rev yapacak teknik adamlar i\u00e7inde en genci H\u00fcseyin \u00c7im\u015fir olurken, en ya\u015fl\u0131s\u0131 ise 66 ya\u015f\u0131ndaki Fatih Terim. Antalyaspor\u2019da Tamer Tuna ve G\u00f6ztepe\u2019de \u0130lhan Palut 43, Alanyaspor Teknik Direkt\u00f6r\u00fc Erol Bulut 44, Medipol Ba\u015fak\u015fehir\u2019in hocas\u0131 Okan Buruk 46, Gaziantep FK\u2019da Sumudica 48, Kas\u0131mpa\u015fa\u2019da Tayfur Havut\u00e7u ile Gen\u00e7lerbirli\u011fi\u2019nde Hamza Hamzao\u011flu 49, Kayserispor\u2019un teknik direkt\u00f6r\u00fc Prosinecki 51, MKE Ankarag\u00fcc\u00fc\u2019nde Mustafa Kaplan 52, Denizlispor\u2019da Mehmet \u00d6zdilek 53, Konyaspor\u2019un hocas\u0131 Aykut Kocaman 54, Sivasspor Teknik Direkt\u00f6r\u00fc R\u0131za Cal\u0131mbay 56, Be\u015fikta\u015f\u2019\u0131n \u00e7al\u0131\u015ft\u0131r\u0131c\u0131s\u0131 Abdullah Avc\u0131 56, Fenerbah\u00e7e Teknik Direkt\u00f6r\u00fc Ersun Yanal ile \u00c7aykur Rizespor Teknik Direkt\u00f6r\u00fc \u0130smail Kartal da 58 ya\u015f\u0131nda.<\/p>\n<p>9 kul\u00fcp teknik adam de\u011fi\u015fikli\u011fine gitti<\/p>\n<p>S\u00fcper Lig\u2019de sezon ba\u015f\u0131nda bug\u00fcne kadar 9 kul\u00fcp teknik adam de\u011fi\u015fikli\u011fine giderken, 9 kul\u00fcp ise sezon ba\u015f\u0131nda g\u00f6reve ba\u015flatt\u0131\u011f\u0131 teknik adamlarla yollar\u0131na devam ediyor. Antalyaspor, MKE Ankarag\u00fcc\u00fc, Kas\u0131mpa\u015fa, Kayserispor, Gen\u00e7lerbirli\u011fi, G\u00f6ztepe, Denizlispor, Malatyaspor ve Trabzonspor teknik adam de\u011fi\u015fikli\u011fine giden kul\u00fcpler olurken, Galatasaray, Be\u015fikta\u015f, Fenerbah\u00e7e, Sivasspor, Konyaspor, Gaziantep, \u00c7aykur Rizespor, Alanyaspor ve Medipol Ba\u015fak\u015fehir sezon ba\u015f\u0131ndaki \u00e7al\u0131\u015ft\u0131r\u0131c\u0131lar\u0131yla yola devam ediyor.<\/p>\n<p>\u00c7im\u015fir ilk s\u0131nav\u0131 ge\u00e7ti<\/p>\n<p>Trabzonspor\u2019un yeni teknik direkt\u00f6r\u00fc H\u00fcseyin \u00c7im\u015fir, Ziraat T\u00fcrkiye Kupas\u0131\u2019nda kar\u015f\u0131la\u015ft\u0131\u011f\u0131 Denizlispor ma\u00e7\u0131ndan 2-0\u2019l\u0131k galibiyetle ayr\u0131larak tur i\u00e7in avantajl\u0131 bir skor elde etmi\u015fti. Bordo-mavili kul\u00fcple ilk resmi s\u0131nav\u0131na bu ma\u00e7la \u00e7\u0131kan gen\u00e7 teknik adam, saha kenar\u0131ndan verdi\u011fi taktiklerle de g\u00fcven verdi. Ligde ise ilk s\u0131nav\u0131na Kas\u0131mpa\u015fa kar\u015f\u0131s\u0131nda \u00e7\u0131kacak olan \u00c7im\u015fir, sezon sonuna kadar bordo-mavili tak\u0131m\u0131 zirve yar\u0131\u015f\u0131 i\u00e7inde tutmay\u0131 hedeflerken, gen\u00e7 teknik adamlara kar\u015f\u0131 olu\u015fan \u00f6n yarg\u0131lar\u0131 da k\u0131rmak istiyor.<\/p>\n","protected":false},"excerpt":{"rendered":"<p>S\u00dcPER L\u0130G&#8217;\u0130N EN GEN\u00c7 TEKN\u0130K D\u0130REKT\u00d6R\u00dc  H\u00dcSEY\u0130N \u00c7\u0130M\u015e\u0130R, KASIMPA\u015eA MA\u00c7IYLA B\u0130RL\u0130KTE SAHNE ALIYOR. \u00dcNAL KARAMAN&#8217;IN AYRILMASINDAN SONRA BORDO-MAV\u0130L\u0130LER\u0130N TAKIMI EMANET ETT\u0130\u011e\u0130 GEN\u00c7 TEKN\u0130K ADAM YEN\u0130 B\u0130R D\u00d6NEM\u0130N BA\u015eLANGICINA \u0130MZA ATMAK \u0130\u00c7\u0130N B\u00dcY\u00dcK B\u0130R HEYECAN YA\u015eIYOR.<\/p>\n","protected":false},"author":1,"featured_media":257201,"comment_status":"closed","ping_status":"open","sticky":false,"template":"","format":"standard","meta":{"jetpack_post_was_ever_published":false,"_jetpack_newsletter_access":"","_jetpack_dont_email_post_to_subs":false,"_jetpack_newsletter_tier_id":0,"_jetpack_memberships_contains_paywalled_content":false,"_jetpack_memberships_contains_paid_content":false,"footnotes":"","jetpack_publicize_message":"","jetpack_publicize_feature_enabled":true,"jetpack_social_post_already_shared":true,"jetpack_social_options":{"image_generator_settings":{"template":"highway","default_image_id":0,"font":"","enabled":false},"version":2}},"categories":[657],"tags":[433,11831,62434,803,5250,11183,5135,1463,2082],"class_list":["post-257200","post","type-post","status-publish","format-standard","has-post-thumbnail","hentry","category-spor","tag-adami","tag-aliyor","tag-cimsir","tag-genc","tag-huseyin","tag-ligin","tag-sahne","tag-super","tag-teknik"],"jetpack_publicize_connections":[],"jetpack_featured_media_url":"https:\/\/i0.wp.com\/www.tvturk.com\/wp-content\/uploads\/2020\/01\/super-ligin-en-genc-teknik-adami-huseyin-cimsir-sahne-aliyor_03db1d9.jpg?fit=699%2C1000","jetpack_sharing_enabled":true,"jetpack_shortlink":"https:\/\/wp.me\/paKIfm-14Uo","_links":{"self":[{"href":"http:\/\/www.tvturk.com\/index.php\/wp-json\/wp\/v2\/posts\/257200","targetHints":{"allow":["GET"]}}],"collection":[{"href":"http:\/\/www.tvturk.com\/index.php\/wp-json\/wp\/v2\/posts"}],"about":[{"href":"http:\/\/www.tvturk.com\/index.php\/wp-json\/wp\/v2\/types\/post"}],"author":[{"embeddable":true,"href":"http:\/\/www.tvturk.com\/index.php\/wp-json\/wp\/v2\/users\/1"}],"replies":[{"embeddable":true,"href":"http:\/\/www.tvturk.com\/index.php\/wp-json\/wp\/v2\/comments?post=257200"}],"version-history":[{"count":0,"href":"http:\/\/www.tvturk.com\/index.php\/wp-json\/wp\/v2\/posts\/257200\/revisions"}],"wp:featuredmedia":[{"embeddable":true,"href":"http:\/\/www.tvturk.com\/index.php\/wp-json\/wp\/v2\/media\/257201"}],"wp:attachment":[{"href":"http:\/\/www.tvturk.com\/index.php\/wp-json\/wp\/v2\/media?parent=257200"}],"wp:term":[{"taxonomy":"category","embeddable":true,"href":"http:\/\/www.tvturk.com\/index.php\/wp-json\/wp\/v2\/categories?post=257200"},{"taxonomy":"post_tag","embeddable":true,"href":"http:\/\/www.tvturk.com\/index.php\/wp-json\/wp\/v2\/tags?post=257200"}],"curies":[{"name":"wp","href":"https:\/\/api.w.org\/{rel}","templated":true}]}}