{"id":257210,"date":"2020-01-18T13:32:08","date_gmt":"2020-01-18T10:32:08","guid":{"rendered":"http:\/\/www.tvturk.com\/index.php\/esine-yardim-icin-basladi-ilcede-tek-bicak-kadin-ustasi-oldu\/"},"modified":"2020-01-18T13:32:08","modified_gmt":"2020-01-18T10:32:08","slug":"esine-yardim-icin-basladi-ilcede-tek-bicak-kadin-ustasi-oldu","status":"publish","type":"post","link":"http:\/\/www.tvturk.com\/index.php\/esine-yardim-icin-basladi-ilcede-tek-bicak-kadin-ustasi-oldu\/","title":{"rendered":"E\u015fine yard\u0131m i\u00e7in ba\u015flad\u0131, il\u00e7ede tek b\u0131\u00e7ak kad\u0131n ustas\u0131 oldu"},"content":{"rendered":"<p>Sakarya\u2019n\u0131n Akyaz\u0131 il\u00e7esinde e\u015fine yard\u0131m etmek i\u00e7in ba\u015flad\u0131\u011f\u0131 b\u0131\u00e7ak \u00fcretim sonras\u0131nda il\u00e7ede tek b\u0131\u00e7ak kad\u0131n ustas\u0131 olan Hayriye Karaalio\u011flu yapt\u0131\u011f\u0131 a\u00e7\u0131klamada, \u201cHem e\u015fime yard\u0131mc\u0131 oluyorum hem de aile kazanc\u0131m\u0131za maddi olarak destekte bulunuyorum\u201d dedi.<\/p>\n<p>Sakarya\u2019n\u0131n Akyaz\u0131 il\u00e7esinde b\u0131\u00e7ak imalat\u0131 yapan e\u015fine destek olmak amac\u0131yla ba\u015flad\u0131\u011f\u0131 meslekte b\u0131\u00e7aklar\u0131n \u00fcretim a\u015famas\u0131n\u0131 zamanla \u00f6\u011frenen Hayriye Karaalio\u011flu b\u0131\u00e7ak ustas\u0131 oldu. E\u015fiyle ve \u00e7ocuklar\u0131yla birlikte her t\u00fcrl\u00fc b\u0131\u00e7ak \u00fcretimi yapan Hayriye Karaalio\u011flu b\u0131\u00e7ak ustas\u0131 oldu\u011funu ve yurt d\u0131\u015f\u0131na bile sipari\u015f g\u00f6nderdi\u011fini s\u00f6yledi. \u0130malathanede S\u00fcrmene b\u0131\u00e7aklar\u0131 yap\u0131l\u0131yor.<\/p>\n<p>\u00c7ekirdekten yeti\u015fmeyiz<\/p>\n<p>Dedelerinin mesleklerini devam ettirdiklerini dile getiren B\u0131\u00e7ak Ustas\u0131 Temel Karaalio\u011flu, \u201cDede mesle\u011fimiz bu bizim. \u00c7ekirdekten yeti\u015fmeyiz. \u015euanda Sakarya\u2019n\u0131n Akyaz\u0131\u2019n\u0131n il\u00e7esinde bulunuyoruz ama ba\u011flant\u0131m\u0131z S\u00fcrmene\u2019de gene devam ediyor. S\u00fcrmene b\u0131\u00e7aklar\u0131 ba\u015fta olmak \u00fczere bir\u00e7ok b\u0131\u00e7ak yap\u0131yoruz. Ailecek burada birlikte \u00e7al\u0131\u015f\u0131yoruz. \u00c7ocuklar\u0131m okuyorlar, bo\u015f vakitlerinde gelip mesle\u011fi \u00f6\u011freniyorlar hem de yard\u0131mc\u0131 oluyorlar. Ortalama b\u0131\u00e7ak yapma s\u00fcresi S\u00fcrmene b\u0131\u00e7aklar\u0131 bir g\u00fcn al\u0131yor, mutfak ve kasap b\u0131\u00e7aklar\u0131 gibi b\u0131\u00e7aklar 1 saat gibi bir s\u00fcre al\u0131yor yap\u0131m\u0131 kolay. S\u00fcrmene b\u0131\u00e7aklar\u0131 daha \u00e7ok u\u011fra\u015ft\u0131r\u0131yor. Emek isteyen, sanat isteyen, ustal\u0131k isteyen bir i\u015ftir\u201d dedi.<\/p>\n<p>Her t\u00fcrl\u00fc b\u0131\u00e7ak yap\u0131yoruz<\/p>\n<p>\u0130l\u00e7ede tek b\u0131\u00e7ak ustas\u0131 oldu\u011funu belirten Hayriye Karaalio\u011flu, \u201cEv i\u015flerini yapt\u0131ktan sonra d\u00fckkana gelerek yard\u0131mc\u0131 oluyorum. Sosyal medya hesaplar\u0131ndan yapt\u0131\u011f\u0131m\u0131z b\u0131\u00e7aklar\u0131n reklam\u0131n\u0131 yap\u0131p sat\u0131yorum. Bu \u015fekilde hem e\u015fime yard\u0131mc\u0131 oluyorum hem de aile kazanc\u0131m\u0131za maddi olarak destekte bulunuyorum. Akyaz\u0131 benden ba\u015fka kad\u0131n usta b\u0131\u00e7ak\u00e7\u0131 zannetmiyorum yok. Bu i\u015fi il\u00e7ede tek olarak yap\u0131yoruz. Ba\u015fta sipari\u015f olduk\u00e7a yurt d\u0131\u015f\u0131na ve di\u011fer \u015fehirlere sipari\u015f g\u00f6nderiyoruz. Genelde s\u00fcrmene b\u0131\u00e7a\u011f\u0131, kasap ev b\u0131\u00e7aklar\u0131, \u00f6zel av b\u0131\u00e7aklar\u0131, kamalar yani gelen sipari\u015fe g\u00f6re her t\u00fcrl\u00fc b\u0131\u00e7ak yap\u0131yoruz\u201d diye konu\u015ftu.<\/p>\n<p>12 ya\u015f\u0131nda b\u0131\u00e7ak ustas\u0131 oldu<\/p>\n<p>Karaalio\u011fu ailesinin d\u00f6rd\u00fcnc\u00fc ku\u015fak temsilcisi \u015eent\u00fcrk Karaalio\u011flu da okuldan artan zamanlarda. ailesine destek olmak amac\u0131yla b\u0131\u00e7ak yap\u0131m\u0131n\u0131 \u00f6\u011frendi\u011fini belirtti. Orta\u00f6\u011frenim son s\u0131n\u0131f \u00f6\u011frencisi \u015eent\u00fcrk Karaalio\u011flu, \u201cAtalar\u0131m\u0131zdan g\u00fcn\u00fcm\u00fcze kadar gelen el eme\u011fi b\u0131\u00e7ak \u00fcretimine babamdan sonra gelecek ku\u015faklara aktarmak i\u00e7in e\u011fitim hayat\u0131na devam ederek bu mesle\u011fi ya\u015fatmay\u0131 hedefliyorum\u201d \u015feklinde konu\u015ftu.<\/p>\n","protected":false},"excerpt":{"rendered":"<p>SAKARYA\u2019NIN AKYAZI \u0130L\u00c7ES\u0130NDE BI\u00c7AK \u0130MALATI YAPAN E\u015e\u0130NE DESTEK OLMAK AMACIYLA BA\u015eLADI\u011eI MESLEKTE BI\u00c7AKLARIN \u00dcRET\u0130M A\u015eAMASINI ZAMANLA \u00d6\u011eRENEN HAYR\u0130YE KARAAL\u0130O\u011eLU BI\u00c7AK USTASI OLDU.<\/p>\n","protected":false},"author":1,"featured_media":257211,"comment_status":"closed","ping_status":"open","sticky":false,"template":"","format":"standard","meta":{"jetpack_post_was_ever_published":false,"_jetpack_newsletter_access":"","_jetpack_dont_email_post_to_subs":false,"_jetpack_newsletter_tier_id":0,"_jetpack_memberships_contains_paywalled_content":false,"_jetpack_memberships_contains_paid_content":false,"footnotes":"","jetpack_publicize_message":"","jetpack_publicize_feature_enabled":true,"jetpack_social_post_already_shared":true,"jetpack_social_options":{"image_generator_settings":{"template":"highway","default_image_id":0,"font":"","enabled":false},"version":2}},"categories":[1],"tags":[55,17872,7071,44,3627,108,77,366,10585,1736],"class_list":["post-257210","post","type-post","status-publish","format-standard","has-post-thumbnail","hentry","category-genel","tag-basladi","tag-bicak","tag-esine","tag-icin","tag-ilcede","tag-kadin","tag-oldu","tag-tek","tag-ustasi","tag-yardim"],"jetpack_publicize_connections":[],"jetpack_featured_media_url":"https:\/\/i0.wp.com\/www.tvturk.com\/wp-content\/uploads\/2020\/01\/esine-yardim-icin-basladi-ilcede-tek-bicak-kadin-ustasi-oldu_31121c2.jpg?fit=1000%2C562","jetpack_sharing_enabled":true,"jetpack_shortlink":"https:\/\/wp.me\/paKIfm-14Uy","_links":{"self":[{"href":"http:\/\/www.tvturk.com\/index.php\/wp-json\/wp\/v2\/posts\/257210","targetHints":{"allow":["GET"]}}],"collection":[{"href":"http:\/\/www.tvturk.com\/index.php\/wp-json\/wp\/v2\/posts"}],"about":[{"href":"http:\/\/www.tvturk.com\/index.php\/wp-json\/wp\/v2\/types\/post"}],"author":[{"embeddable":true,"href":"http:\/\/www.tvturk.com\/index.php\/wp-json\/wp\/v2\/users\/1"}],"replies":[{"embeddable":true,"href":"http:\/\/www.tvturk.com\/index.php\/wp-json\/wp\/v2\/comments?post=257210"}],"version-history":[{"count":0,"href":"http:\/\/www.tvturk.com\/index.php\/wp-json\/wp\/v2\/posts\/257210\/revisions"}],"wp:featuredmedia":[{"embeddable":true,"href":"http:\/\/www.tvturk.com\/index.php\/wp-json\/wp\/v2\/media\/257211"}],"wp:attachment":[{"href":"http:\/\/www.tvturk.com\/index.php\/wp-json\/wp\/v2\/media?parent=257210"}],"wp:term":[{"taxonomy":"category","embeddable":true,"href":"http:\/\/www.tvturk.com\/index.php\/wp-json\/wp\/v2\/categories?post=257210"},{"taxonomy":"post_tag","embeddable":true,"href":"http:\/\/www.tvturk.com\/index.php\/wp-json\/wp\/v2\/tags?post=257210"}],"curies":[{"name":"wp","href":"https:\/\/api.w.org\/{rel}","templated":true}]}}