{"id":257240,"date":"2020-01-18T14:32:04","date_gmt":"2020-01-18T11:32:04","guid":{"rendered":"http:\/\/www.tvturk.com\/index.php\/baskan-akgun-gelecek-nesillere-ornek-olacak-bir-degerimizi-yitirdik\/"},"modified":"2020-01-18T14:32:04","modified_gmt":"2020-01-18T11:32:04","slug":"baskan-akgun-gelecek-nesillere-ornek-olacak-bir-degerimizi-yitirdik","status":"publish","type":"post","link":"http:\/\/www.tvturk.com\/index.php\/baskan-akgun-gelecek-nesillere-ornek-olacak-bir-degerimizi-yitirdik\/","title":{"rendered":"Ba\u015fkan Akg\u00fcn: \u201cGelecek nesillere \u00f6rnek olacak bir de\u011ferimizi yitirdik\u201d"},"content":{"rendered":"<p>Merhum Ba\u015fbakan B\u00fclent Ecevit\u2019in e\u015fi ve DSP\u2019nin kurucusu Rah\u015fan Ecevit\u2019in hayat\u0131n\u0131 kaybetmesinin ard\u0131ndan bir taziye mesaj\u0131 yay\u0131nlayan B\u00fcy\u00fck\u00e7ekmece Belediye Ba\u015fkan\u0131 Dr. Hasan Akg\u00fcn, \u201cGelecek nesillere \u00f6rnek olacak bir de\u011ferimizi yitirdik\u201d ifadesini kulland\u0131.<\/p>\n<p>Rah\u015fan Ecevit\u2019in hayat\u0131n\u0131 kaybetmesinin ard\u0131ndan B\u00fcy\u00fck\u00e7ekmece Belediye Ba\u015fkan\u0131 Hasan Akg\u00fcn bir taziye mesaj\u0131 yay\u0131nlad\u0131.<\/p>\n<p>\u201cMilletimizin ba\u015f\u0131 sa\u011folsun\u201d<\/p>\n<p>Ba\u015fkan Akg\u00fcn mesaj\u0131nda \u015fu ifadelere yer verdi; \u201cT\u00fcrk siyaset tarihine damga vuran eski Ba\u015fbakan, CHP ve DSP Genel Ba\u015fkanl\u0131\u011f\u0131 yapm\u0131\u015f merhum B\u00fclent Ecevit\u2019in k\u0131ymetli e\u015fi, yol arkada\u015f\u0131 Rah\u015fan Ecevit\u2019in vefat\u0131n\u0131 derin bir \u00fcz\u00fcnt\u00fcyle \u00f6\u011frendim. D\u00fcnyan\u0131n sayg\u0131 duydu\u011fu, d\u00fcr\u00fcst devlet adam\u0131 B\u00fclent Ecevit\u2019in de\u011ferli e\u015fi; ressam ve yazar Rah\u015fan Ecevit vefa, fedakarl\u0131k ve m\u00fccadele dolu ya\u015fam\u0131yla gelecek nesillere \u00f6rnek olacakt\u0131r. \u00c7ok \u00f6nemli bir de\u011ferimizi daha yitirdik. Merhumeye Allah\u2019tan rahmet t\u00fcm sevenlerine ba\u015fsa\u011fl\u0131\u011f\u0131 ve sab\u0131r diliyorum. Milletimizin ba\u015f\u0131 sa\u011folsun.\u2019\u2019<\/p>\n","protected":false},"excerpt":{"rendered":"<p>MERHUM BA\u015eBAKAN B\u00dcLENT ECEV\u0130T&#8217;\u0130N E\u015e\u0130 VE DSP&#8217;N\u0130N KURUCUSU RAH\u015eAN ECEV\u0130T&#8217;\u0130N HAYATINI KAYBETMES\u0130N\u0130N ARDINDAN B\u0130R TAZ\u0130YE MESAJI YAYINLAYAN B\u00dcY\u00dcK\u00c7EKMECE BELED\u0130YE BA\u015eKANI DR. HASAN AKG\u00dcN, \u201cGELECEK NES\u0130LLERE \u00d6RNEK OLACAK B\u0130R DE\u011eER\u0130M\u0130Z\u0130 Y\u0130T\u0130RD\u0130K\u201d \u0130FADES\u0130N\u0130 KULLANDI.<\/p>\n","protected":false},"author":1,"featured_media":257241,"comment_status":"closed","ping_status":"open","sticky":false,"template":"","format":"standard","meta":{"jetpack_post_was_ever_published":false,"_jetpack_newsletter_access":"","_jetpack_dont_email_post_to_subs":false,"_jetpack_newsletter_tier_id":0,"_jetpack_memberships_contains_paywalled_content":false,"_jetpack_memberships_contains_paid_content":false,"footnotes":"","jetpack_publicize_message":"","jetpack_publicize_feature_enabled":true,"jetpack_social_post_already_shared":true,"jetpack_social_options":{"image_generator_settings":{"template":"highway","default_image_id":0,"font":"","enabled":false},"version":2}},"categories":[1],"tags":[21165,100,125,63579,81,30299,1189,1996,63580],"class_list":["post-257240","post","type-post","status-publish","format-standard","has-post-thumbnail","hentry","category-genel","tag-akgun","tag-baskan","tag-bir","tag-degerimizi","tag-gelecek","tag-nesillere","tag-olacak","tag-ornek","tag-yitirdik"],"jetpack_publicize_connections":[],"jetpack_featured_media_url":"https:\/\/i0.wp.com\/www.tvturk.com\/wp-content\/uploads\/2020\/01\/baskan-akgun-gelecek-nesillere-ornek-olacak-bir-degerimizi-yitirdik_59e8386.jpg?fit=1000%2C667","jetpack_sharing_enabled":true,"jetpack_shortlink":"https:\/\/wp.me\/paKIfm-14V2","_links":{"self":[{"href":"http:\/\/www.tvturk.com\/index.php\/wp-json\/wp\/v2\/posts\/257240","targetHints":{"allow":["GET"]}}],"collection":[{"href":"http:\/\/www.tvturk.com\/index.php\/wp-json\/wp\/v2\/posts"}],"about":[{"href":"http:\/\/www.tvturk.com\/index.php\/wp-json\/wp\/v2\/types\/post"}],"author":[{"embeddable":true,"href":"http:\/\/www.tvturk.com\/index.php\/wp-json\/wp\/v2\/users\/1"}],"replies":[{"embeddable":true,"href":"http:\/\/www.tvturk.com\/index.php\/wp-json\/wp\/v2\/comments?post=257240"}],"version-history":[{"count":0,"href":"http:\/\/www.tvturk.com\/index.php\/wp-json\/wp\/v2\/posts\/257240\/revisions"}],"wp:featuredmedia":[{"embeddable":true,"href":"http:\/\/www.tvturk.com\/index.php\/wp-json\/wp\/v2\/media\/257241"}],"wp:attachment":[{"href":"http:\/\/www.tvturk.com\/index.php\/wp-json\/wp\/v2\/media?parent=257240"}],"wp:term":[{"taxonomy":"category","embeddable":true,"href":"http:\/\/www.tvturk.com\/index.php\/wp-json\/wp\/v2\/categories?post=257240"},{"taxonomy":"post_tag","embeddable":true,"href":"http:\/\/www.tvturk.com\/index.php\/wp-json\/wp\/v2\/tags?post=257240"}],"curies":[{"name":"wp","href":"https:\/\/api.w.org\/{rel}","templated":true}]}}