{"id":257246,"date":"2020-01-18T14:46:08","date_gmt":"2020-01-18T11:46:08","guid":{"rendered":"http:\/\/www.tvturk.com\/index.php\/ukrayna-havayollari-cenazelerimiz-yarin-geliyor\/"},"modified":"2020-01-18T14:46:08","modified_gmt":"2020-01-18T11:46:08","slug":"ukrayna-havayollari-cenazelerimiz-yarin-geliyor","status":"publish","type":"post","link":"http:\/\/www.tvturk.com\/index.php\/ukrayna-havayollari-cenazelerimiz-yarin-geliyor\/","title":{"rendered":"Ukrayna Havayollar\u0131: &#8220;Cenazelerimiz yar\u0131n geliyor&#8221;"},"content":{"rendered":"<p>Ukrayna Havayollar\u0131\u2019ndan yap\u0131lan a\u00e7\u0131klamada, \u0130ran\u2019da d\u00fc\u015f\u00fcr\u00fclen u\u00e7akta hayat\u0131n\u0131 kaybeden Ukrayna vatanda\u015flar\u0131n\u0131n cenazelerinin yar\u0131n \u00fclkeye getirilece\u011fi duyuruldu.<\/p>\n<p>Ukrayna Havayollar\u0131 Bas\u0131n Ofisi\u2019nden taraf\u0131ndan yap\u0131lan a\u00e7\u0131klamada, &#8220;\u0130ran\u2019da u\u00e7ak kazas\u0131nda hayat\u0131n\u0131 kaybeden vatanda\u015flar\u0131m\u0131z\u0131n cenazeleri yar\u0131n (Pazar) \u00fclkemize gelecek. Saat 12.00\u2019den itibaren havaalan\u0131nda d\u00fczenlenecek anma program\u0131na giri\u015f herkese a\u00e7\u0131k olacak. 13.00\u2019dan itibaren cenaze merasimi ba\u015flayacak ve 19.00\u2019a kadar devam edecektir&#8221; ifadeleri kullan\u0131ld\u0131.<\/p>\n<p>Ukrayna Havayollar\u0131 Bas\u0131n Ofisi taraf\u0131ndan yap\u0131lan a\u00e7\u0131klama, Ukrayna Ba\u015fkanl\u0131k Ofisi taraf\u0131ndan da do\u011fruland\u0131.<\/p>\n<p>\u00d6te yandan, 8 Ocak\u2019ta Ukrayna\u2019n\u0131n ba\u015fkenti Kiev\u2019e gitmek \u00fczere Tahran\u2019dan havalanan Ukrayna Havayollar\u0131\u2019na ait Boeing 737 tipi yolcu u\u00e7a\u011f\u0131, \u0130ran Devrim Muhaf\u0131zlar\u0131 taraf\u0131ndan ate\u015flenen roketle vurularak d\u00fc\u015f\u00fcr\u00fclm\u00fc\u015f, u\u00e7akta bulunan 176 ki\u015fiden kurtulan olmam\u0131\u015ft\u0131.<\/p>\n","protected":false},"excerpt":{"rendered":"<p>UKRAYNA HAVAYOLLARI&#8217;NDAN YAPILAN A\u00c7IKLAMADA, \u0130RAN&#8217;DA D\u00dc\u015e\u00dcR\u00dcLEN U\u00c7AKTA HAYATINI KAYBEDEN UKRAYNA VATANDA\u015eLARININ CENAZELER\u0130N\u0130N YARIN \u00dcLKEYE GET\u0130R\u0130LECE\u011e\u0130 DUYURULDU.<\/p>\n","protected":false},"author":1,"featured_media":257247,"comment_status":"closed","ping_status":"open","sticky":false,"template":"","format":"standard","meta":{"jetpack_post_was_ever_published":false,"_jetpack_newsletter_access":"","_jetpack_dont_email_post_to_subs":false,"_jetpack_newsletter_tier_id":0,"_jetpack_memberships_contains_paywalled_content":false,"_jetpack_memberships_contains_paid_content":false,"footnotes":"","jetpack_publicize_message":"","jetpack_publicize_feature_enabled":true,"jetpack_social_post_already_shared":true,"jetpack_social_options":{"image_generator_settings":{"template":"highway","default_image_id":0,"font":"","enabled":false},"version":2}},"categories":[10],"tags":[63582,3927,23416,2936,2111],"class_list":["post-257246","post","type-post","status-publish","format-standard","has-post-thumbnail","hentry","category-dunya","tag-cenazelerimiz","tag-geliyor","tag-havayollari","tag-ukrayna","tag-yarin"],"jetpack_publicize_connections":[],"jetpack_featured_media_url":"https:\/\/i0.wp.com\/www.tvturk.com\/wp-content\/uploads\/2020\/01\/ukrayna-havayollari-cenazelerimiz-yarin-geliyor_afea49e.jpg?fit=800%2C500","jetpack_sharing_enabled":true,"jetpack_shortlink":"https:\/\/wp.me\/paKIfm-14V8","_links":{"self":[{"href":"http:\/\/www.tvturk.com\/index.php\/wp-json\/wp\/v2\/posts\/257246","targetHints":{"allow":["GET"]}}],"collection":[{"href":"http:\/\/www.tvturk.com\/index.php\/wp-json\/wp\/v2\/posts"}],"about":[{"href":"http:\/\/www.tvturk.com\/index.php\/wp-json\/wp\/v2\/types\/post"}],"author":[{"embeddable":true,"href":"http:\/\/www.tvturk.com\/index.php\/wp-json\/wp\/v2\/users\/1"}],"replies":[{"embeddable":true,"href":"http:\/\/www.tvturk.com\/index.php\/wp-json\/wp\/v2\/comments?post=257246"}],"version-history":[{"count":0,"href":"http:\/\/www.tvturk.com\/index.php\/wp-json\/wp\/v2\/posts\/257246\/revisions"}],"wp:featuredmedia":[{"embeddable":true,"href":"http:\/\/www.tvturk.com\/index.php\/wp-json\/wp\/v2\/media\/257247"}],"wp:attachment":[{"href":"http:\/\/www.tvturk.com\/index.php\/wp-json\/wp\/v2\/media?parent=257246"}],"wp:term":[{"taxonomy":"category","embeddable":true,"href":"http:\/\/www.tvturk.com\/index.php\/wp-json\/wp\/v2\/categories?post=257246"},{"taxonomy":"post_tag","embeddable":true,"href":"http:\/\/www.tvturk.com\/index.php\/wp-json\/wp\/v2\/tags?post=257246"}],"curies":[{"name":"wp","href":"https:\/\/api.w.org\/{rel}","templated":true}]}}