{"id":257250,"date":"2020-01-18T15:01:29","date_gmt":"2020-01-18T12:01:29","guid":{"rendered":"http:\/\/www.tvturk.com\/index.php\/urdun-disisleri-bakani-el-safadiden-bagdata-ziyaret\/"},"modified":"2020-01-18T15:01:29","modified_gmt":"2020-01-18T12:01:29","slug":"urdun-disisleri-bakani-el-safadiden-bagdata-ziyaret","status":"publish","type":"post","link":"http:\/\/www.tvturk.com\/index.php\/urdun-disisleri-bakani-el-safadiden-bagdata-ziyaret\/","title":{"rendered":"\u00dcrd\u00fcn D\u0131\u015fi\u015fleri Bakan\u0131 el-Safadi\u2019den Ba\u011fdat\u2019a ziyaret"},"content":{"rendered":"<p>ABD-\u0130ran gerginli\u011finin ya\u015fand\u0131\u011f\u0131 Irak\u2019\u0131n ba\u015fkenti Ba\u011fdat\u2019a ba\u015flat\u0131lan yo\u011fun diplomasi trafi\u011fi \u00e7er\u00e7evesinde \u00dcrd\u00fcn D\u0131\u015fi\u015fleri Bakan\u0131 Eymen el-Safadi Ba\u011fdat\u2019a ziyaret ger\u00e7ekle\u015ftirdi.<\/p>\n<p>\u00dcrd\u00fcn D\u0131\u015fi\u015fleri Bakan\u0131 Eymen el-Safadi, ABD-\u0130ran gerginli\u011finin ya\u015fand\u0131\u011f\u0131 Irak\u2019\u0131n ba\u015fkenti Ba\u011fdat\u2019a ba\u015flat\u0131lan yo\u011fun diplomasi trafi\u011fi \u00e7er\u00e7evesinde Irak D\u0131\u015fi\u015fleri Bakan\u0131 Muhammed el-Hekim ile bir araya geldi. Irak D\u0131\u015fi\u015fleri Bakan\u0131 el-Hekim g\u00f6r\u00fc\u015fmenin ard\u0131ndan yapt\u0131\u011f\u0131 a\u00e7\u0131klamada \u00dcrd\u00fcnl\u00fc mevkida\u015f\u0131 Eymen el-Safadi ile Irak topraklar\u0131n\u0131n sava\u015f sahas\u0131 olmamas\u0131 gerekti\u011finin alt\u0131n\u0131 \u00e7izdiklerini belirterek, &#8220;Irak, topraklar\u0131 i\u00e7erisinde baz\u0131 taraflara ait hedeflere sald\u0131r\u0131 d\u00fczenlenmesini \u015fiddetle k\u0131nad\u0131\u011f\u0131n\u0131 vurgularken, Irak\u2019\u0131n b\u00f6lgesel \u00e7eki\u015fmelerden uzak tutulmas\u0131 gerekti\u011fini vurguluyor&#8221; dedi. Irak D\u0131\u015fi\u015fleri Bakan\u0131 \u00dcrd\u00fcnl\u00fc mevkida\u015f\u0131yla g\u00f6r\u00fc\u015fmesinde, \u00fclkesindeki yabanc\u0131 askerlerin varl\u0131\u011f\u0131n\u0131n da ele al\u0131nd\u0131\u011f\u0131n\u0131 aktard\u0131.<\/p>\n<p>&#8220;Irak olas\u0131 bir gerginlikten uzak durmal\u0131&#8221;<\/p>\n<p>\u00dcrd\u00fcn D\u0131\u015fi\u015fleri Bakan\u0131 el-Safadi ise \u00dcrd\u00fcn Kral\u0131 2. Abdullah\u2019tan Irak halk\u0131 ve y\u00f6netimine mektup getirdi\u011fini belirterek, &#8220;Kral 2. Abdullah, Irak\u2019\u0131n egemenli\u011fini ve halk\u0131n\u0131 korumak i\u00e7in \u00dcrd\u00fcn\u2019\u00fcn Irak\u2019\u0131n yan\u0131nda durdu\u011funu vurgulad\u0131&#8221; ifadelerini kulland\u0131. Irak\u2019\u0131n g\u00fcvenli\u011fi ve istikrar\u0131n\u0131n b\u00fcy\u00fck bir \u00f6nem ta\u015f\u0131d\u0131\u011f\u0131n\u0131 s\u00f6yleyen el-Safadi, &#8220;Irak topraklar\u0131 hesapla\u015fma sahas\u0131na d\u00f6n\u00fc\u015f\u00fcrse b\u00fct\u00fcn b\u00f6lge kaybedecek. \u00dcrd\u00fcn\u2019\u00fcn bu konudaki tutumu ilk g\u00fcnden \u00e7ok a\u00e7\u0131k. O da gerilimi d\u00fc\u015f\u00fcr\u00fcp Irak\u2019\u0131 olas\u0131 bir gerginlikten uzak tutmakt\u0131r&#8221; \u015feklinde konu\u015ftu.<\/p>\n<p>\u00dcrd\u00fcn Kral\u0131 2. Abdullah\u2019\u0131n Avrupa\u2019ya ger\u00e7ekle\u015ftirdi\u011fi son ziyaretinde Irak\u2019\u0131n g\u00fcvenli\u011fi ve egemenli\u011fini dile getirdi\u011fini belirten el-Safadi, &#8220;Irak D\u0131\u015fi\u015fleri Bakan\u0131 ile son geli\u015fmeleri ele ald\u0131k. B\u00f6lgenin maruz kald\u0131\u011f\u0131 bu krizi atlatmas\u0131 ve b\u00f6lgede g\u00fcven ve istikrar\u0131n sa\u011flanmas\u0131 i\u00e7in daha fazla \u00e7aba harcamak gerekiyor&#8221; dedi.<\/p>\n<p>\u00d6te yandan, ABD\u2019nin 3 Ocak\u2019ta \u0130ranl\u0131 General Kas\u0131m S\u00fcleymani\u2019yi Ba\u011fdat\u2019ta d\u00fczenlenen operasyonda \u00f6ld\u00fcrmesinin ard\u0131ndan b\u00f6lgede artan gerilimi d\u00fc\u015f\u00fcrmek i\u00e7in ba\u015flat\u0131lan yo\u011fun diplomasi trafi\u011fi kapsam\u0131nda Katar D\u0131\u015fi\u015fleri Bakan\u0131 \u015eeyh Muhammed bin Abdurrahman el-Sani de Ba\u011fdat\u2019ta Irakl\u0131 yetkililerle bir araya gelmi\u015fti.<\/p>\n","protected":false},"excerpt":{"rendered":"<p>ABD-\u0130RAN GERG\u0130NL\u0130\u011e\u0130N\u0130N YA\u015eANDI\u011eI IRAK&#8217;IN BA\u015eKENT\u0130 BA\u011eDAT&#8217;A BA\u015eLATILAN YO\u011eUN D\u0130PLOMAS\u0130 TRAF\u0130\u011e\u0130 \u00c7ER\u00c7EVES\u0130NDE \u00dcRD\u00dcN DI\u015e\u0130\u015eLER\u0130 BAKANI EYMEN EL-SAFAD\u0130 BA\u011eDAT&#8217;A Z\u0130YARET GER\u00c7EKLE\u015eT\u0130RD\u0130.<\/p>\n","protected":false},"author":1,"featured_media":257251,"comment_status":"closed","ping_status":"open","sticky":false,"template":"","format":"standard","meta":{"jetpack_post_was_ever_published":false,"_jetpack_newsletter_access":"","_jetpack_dont_email_post_to_subs":false,"_jetpack_newsletter_tier_id":0,"_jetpack_memberships_contains_paywalled_content":false,"_jetpack_memberships_contains_paid_content":false,"footnotes":"","jetpack_publicize_message":"","jetpack_publicize_feature_enabled":true,"jetpack_social_post_already_shared":true,"jetpack_social_options":{"image_generator_settings":{"template":"highway","default_image_id":0,"font":"","enabled":false},"version":2}},"categories":[10],"tags":[42854,933,1498,63583,941,150],"class_list":["post-257250","post","type-post","status-publish","format-standard","has-post-thumbnail","hentry","category-dunya","tag-bagdata","tag-bakani","tag-disisleri","tag-el-safadiden","tag-urdun","tag-ziyaret"],"jetpack_publicize_connections":[],"jetpack_featured_media_url":"https:\/\/i0.wp.com\/www.tvturk.com\/wp-content\/uploads\/2020\/01\/urdun-disisleri-bakani-el-safadiden-bagdata-ziyaret_793a140.jpg?fit=650%2C433","jetpack_sharing_enabled":true,"jetpack_shortlink":"https:\/\/wp.me\/paKIfm-14Vc","_links":{"self":[{"href":"http:\/\/www.tvturk.com\/index.php\/wp-json\/wp\/v2\/posts\/257250","targetHints":{"allow":["GET"]}}],"collection":[{"href":"http:\/\/www.tvturk.com\/index.php\/wp-json\/wp\/v2\/posts"}],"about":[{"href":"http:\/\/www.tvturk.com\/index.php\/wp-json\/wp\/v2\/types\/post"}],"author":[{"embeddable":true,"href":"http:\/\/www.tvturk.com\/index.php\/wp-json\/wp\/v2\/users\/1"}],"replies":[{"embeddable":true,"href":"http:\/\/www.tvturk.com\/index.php\/wp-json\/wp\/v2\/comments?post=257250"}],"version-history":[{"count":0,"href":"http:\/\/www.tvturk.com\/index.php\/wp-json\/wp\/v2\/posts\/257250\/revisions"}],"wp:featuredmedia":[{"embeddable":true,"href":"http:\/\/www.tvturk.com\/index.php\/wp-json\/wp\/v2\/media\/257251"}],"wp:attachment":[{"href":"http:\/\/www.tvturk.com\/index.php\/wp-json\/wp\/v2\/media?parent=257250"}],"wp:term":[{"taxonomy":"category","embeddable":true,"href":"http:\/\/www.tvturk.com\/index.php\/wp-json\/wp\/v2\/categories?post=257250"},{"taxonomy":"post_tag","embeddable":true,"href":"http:\/\/www.tvturk.com\/index.php\/wp-json\/wp\/v2\/tags?post=257250"}],"curies":[{"name":"wp","href":"https:\/\/api.w.org\/{rel}","templated":true}]}}