{"id":257302,"date":"2020-01-18T16:32:10","date_gmt":"2020-01-18T13:32:10","guid":{"rendered":"http:\/\/www.tvturk.com\/index.php\/sanliurfali-sehidin-ailesi-hem-duygulandirdi-hem-de-gururlandirdi\/"},"modified":"2020-01-18T16:32:10","modified_gmt":"2020-01-18T13:32:10","slug":"sanliurfali-sehidin-ailesi-hem-duygulandirdi-hem-de-gururlandirdi","status":"publish","type":"post","link":"http:\/\/www.tvturk.com\/index.php\/sanliurfali-sehidin-ailesi-hem-duygulandirdi-hem-de-gururlandirdi\/","title":{"rendered":"\u015eanl\u0131urfal\u0131 \u015fehidin ailesi hem duyguland\u0131rd\u0131 hem de gururland\u0131rd\u0131"},"content":{"rendered":"<p>\u015eanl\u0131urfa\u2019da \u0130\u00e7i\u015fleri Bakan Yard\u0131mc\u0131s\u0131 Muhterem \u0130nce taraf\u0131ndan a\u00e7\u0131l\u0131\u015f\u0131 ger\u00e7ekle\u015ftirilen \u015eehitlik ve \u015eehitlik M\u00fczesinde \u015fehit askerin yak\u0131nlar\u0131 hem duyguland\u0131rd\u0131, hem de gururland\u0131rd\u0131.<\/p>\n<p>Protokol\u00fcn yan\u0131ndan bir an olsun ayr\u0131lmayan \u015fehidin 8 ya\u015f\u0131ndaki ye\u011feni \u015fehitler i\u00e7in haz\u0131rlanan sinevizyon filmini izledi\u011fi s\u0131rada duygulan\u0131rken \u015fehidin k\u0131z karde\u015fi ise karde\u015fiyle gurur duydu\u011funu belirtti. \u015eehidin kanser hastas\u0131 olan annesi de kocas\u0131n\u0131n Cumhurba\u015fkan\u0131 Recep Tayyip Erdo\u011fan\u2019\u0131 g\u00f6rmeyi \u00e7ok istedi\u011fini fakat \u00f6mr\u00fcn\u00fcn yetmeyerek iki ay \u00f6nce hayat\u0131n\u0131 kaybetti\u011fini dile getirdi. \u00d6lmeden \u00f6nce kocas\u0131n\u0131n vasiyetini yerine getirmek istedi\u011fini s\u00f6yleyen \u015fehit annesi, Cumhurba\u015fkan\u0131 Recep Tayyip Erdo\u011fan\u2019\u0131n yan\u0131na giderek son defa g\u00f6rmek istedi\u011fini dile getirdi.<\/p>\n<p>\u015eanl\u0131urfa Valili\u011fi ve Yat\u0131r\u0131m \u0130zleme ve Koordinasyon Ba\u015fkanl\u0131\u011f\u0131 taraf\u0131ndan i\u00e7erisinde \u015fehitlerin mezarlar\u0131n\u0131n bulundu\u011fu \u015eehitlik ile \u015fehitlerin geride b\u0131rakt\u0131klar\u0131 e\u015fyalar\u0131n\u0131n sergilenece\u011fi \u015eehitlik M\u00fczesinin a\u00e7\u0131l\u0131\u015f\u0131 yap\u0131ld\u0131.<\/p>\n<p>Asri Mezarl\u0131kta bulunan \u015fehitlikteki m\u00fczenin a\u00e7\u0131l\u0131\u015f\u0131n\u0131 \u0130\u00e7i\u015fleri Bakan Yard\u0131mc\u0131s\u0131 Muhterem \u0130nce, K\u0131r\u0131kkale Valisi Yunus Sezer, Amasya Valisi Osman Varol ile birlikte \u015eanl\u0131urfa Valisi Abdullah Erin, Diyarbak\u0131r Jandarma B\u00f6lge Komutan\u0131 Tu\u011fgeneral Mustafa Ba\u015fo\u011flu, 20. Z\u0131rhl\u0131 Tugay Komutan\u0131 Tu\u011fgeneral Oktay A\u011fbuga, \u0130l Emniyet M\u00fcd\u00fcr\u00fc Sel\u00e7uk Do\u011fu\u015f, \u0130l Jandarma Komutan\u0131 Albay Ey\u00fcp Sabri Kiri\u015f\u00e7i ve \u015fehit yak\u0131nlar\u0131 yapt\u0131.<\/p>\n<p>A\u00e7\u0131l\u0131\u015f t\u00f6renine kat\u0131lan bir \u015fehidin yak\u0131nlar\u0131, herkesi hem duyguland\u0131rd\u0131 hem de gururland\u0131rd\u0131. 2018 y\u0131l\u0131nda Hakkari\u2019nin \u015eemdinli il\u00e7esinde meydana gelen patlamada \u015fehit olan Top\u00e7u Er Menduh \u00c7elik\u2019in 8 ya\u015f\u0131ndaki k\u00fc\u00e7\u00fck ye\u011feni Yakup Enes \u00dcnl\u00fc, protokolle birlikte \u0130stiklal Mar\u015f\u0131 okuyup a\u00e7\u0131l\u0131\u015f duas\u0131na e\u015flik etti.<\/p>\n<p>Sinevizyon g\u00f6sterisinde g\u00f6zleri doldu<\/p>\n<p>Protokol \u00fcyeleri, a\u00e7\u0131l\u0131\u015f\u0131n ard\u0131ndan ayn\u0131 alanda bulunan sinevizyon salonuna ge\u00e7ip \u015fehitler i\u00e7in haz\u0131rlanan filmi izledi. \u0130l Jandarma Komutan\u0131 Albay Ey\u00fcp Sabri Kiri\u015f\u00e7i ile birlikte salona giren Yakup Enes \u00dcnl\u00fc\u2019n\u00fcn g\u00f6zleri filmi izlerken doldu.<\/p>\n<p>Kelimeler bo\u011faz\u0131na dizildi<\/p>\n<p>\u015eehit day\u0131s\u0131 i\u00e7in a\u00e7\u0131l\u0131\u015f t\u00f6renine kat\u0131ld\u0131\u011f\u0131n\u0131 s\u00f6yleyen Yakup Enes \u00dcnl\u00fc, Menduh \u00c7elik benim day\u0131m oluyor. Burada \u015fehit oldu. Ben Cumhurba\u015fkan\u0131m\u0131zla g\u00f6r\u00fc\u015fmeyi \u00e7ok istiyorum. Ben onu \u00e7ok seviyorum, beni onunla g\u00f6r\u00fc\u015ft\u00fcr\u00fcr m\u00fcs\u00fcn\u00fcz? Day\u0131m\u0131 \u00f6zl\u00fcyorum. Onu \u00e7ok seviyordum. Onu \u00e7ok \u00f6zl\u00fcyorum. \u015eehitlerimiz bu vatan\u0131 kurtarmak i\u00e7in \u015fehit oldular, bizim i\u00e7in. \u015eu anda ben onun i\u00e7in buraday\u0131m, day\u0131m i\u00e7in buraday\u0131m. Day\u0131m\u0131 \u00e7ok \u00f6zl\u00fcyorum\u201d diyerek g\u00f6zya\u015f\u0131 d\u00f6kt\u00fc.<\/p>\n<p>&#8220;Zalimler, kafirler, ter\u00f6ristler bilsin ki bu yolda her zaman \u00f6l\u00fcme haz\u0131r\u0131z&#8221;<\/p>\n<p>Yakup Enes \u00dcnl\u00fc\u2019n\u00fcn annesi olan \u015fehidin k\u0131z karde\u015fi S\u0131d\u0131ka \u00dcnl\u00fc ise hem \u00fczg\u00fcn hem de mutlu oldu\u011funu belirtti. Bu yolda \u015fehit olmaya haz\u0131r olduklar\u0131n\u0131 s\u00f6yleyen S\u0131d\u0131ka \u00dcnl\u00fc, \u201cBen \u015fehidin ablas\u0131y\u0131m. \u015eehit Menduh, bir y\u0131l iki ay oldu. Hi\u00e7 g\u00f6rmedik. Onu \u00e7ok \u00f6zl\u00fcyorum ama bir taraftan da mutluyum. Vatan\u0131m\u0131z i\u00e7in, milletimiz i\u00e7in, onurlu bir yolda \u015fehit oldu\u011fu i\u00e7in \u00e7ok mutluyum, \u0130nan \u00e7ok \u015feref duyuyorum, gurur duyuyorum. Karde\u015fimi \u015fehit verdi\u011fimiz i\u00e7in \u00e7ok mutluyum. Allah bir daha bu ac\u0131lar\u0131 bize g\u00f6stermesin ama g\u00f6sterirse de her \u015feyimizle haz\u0131r\u0131z. Zalimler, kafirler, ter\u00f6ristler bunu bilsin \u00e7\u00fcnk\u00fc bu yolda her zaman \u00f6l\u00fcme haz\u0131r\u0131z, bunu herkes bilsin\u201d diye konu\u015ftu.<\/p>\n<p>\u015eehidin kanser annesinin son iste\u011fi Cumhurba\u015fkan\u0131n\u0131 g\u00f6rmek<\/p>\n<p>\u015eehidin kanser hastas\u0131 annesi Nafia \u00c7elik ise Cumhurba\u015fkan\u0131 Recep Tayyip Erdo\u011fan\u2019\u0131 g\u00f6rmek istedi\u011fini s\u00f6yledi. Kocas\u0131n\u0131n da Cumhurba\u015fkan\u0131 Recep Tayyip Erdo\u011fan\u2019\u0131 g\u00f6rmeyi \u00e7ok istedi\u011fini fakat \u00f6mr\u00fcn\u00fcn yetmeyerek iki ay \u00f6nce hayat\u0131n\u0131 kaybetti\u011fini s\u00f6yleyen \u00c7elik, \u201c\u015eehit Menduh\u2019un anas\u0131y\u0131m. Dedim Tayyip\u2019i g\u00f6rece\u011fim, \u00e7ok istiyorum. Kanser hastas\u0131y\u0131m. E\u015fim de g\u00f6rmek istiyordu ama vefat etti. \u00c7ok istiyordu ama iki ay \u00f6nce vefat etti. Onu \u00e7ok seviyoruz. Kurban olay\u0131m ona s\u00f6yleyin, selam da s\u00f6yleyin\u201d diye konu\u015ftu.<\/p>\n","protected":false},"excerpt":{"rendered":"<p>\u015eEH\u0130D\u0130N KANSER HASTASI OLAN ANNES\u0130 DE KOCASININ CUMHURBA\u015eKANI RECEP TAYY\u0130P ERDO\u011eAN\u2019I G\u00d6RMEY\u0130 \u00c7OK \u0130STED\u0130\u011e\u0130N\u0130 FAKAT \u00d6MR\u00dcN\u00dcN YETMEYEREK \u0130K\u0130 AY \u00d6NCE HAYATINI KAYBETT\u0130\u011e\u0130N\u0130 D\u0130LE GET\u0130RD\u0130. \u00d6LMEDEN \u00d6NCE KOCASININ VAS\u0130YET\u0130N\u0130 YER\u0130NE GET\u0130RMEK \u0130STED\u0130\u011e\u0130N\u0130 S\u00d6YLEYEN \u015eEH\u0130T ANNES\u0130, CUMHURBA\u015eKANI RECEP TAYY\u0130P ERDO\u011eAN\u2019IN YANINA G\u0130DEREK SON DEFA G\u00d6RMEK \u0130STED\u0130\u011e\u0130N\u0130 D\u0130LE GET\u0130RD\u0130.<\/p>\n","protected":false},"author":1,"featured_media":257303,"comment_status":"closed","ping_status":"open","sticky":false,"template":"","format":"standard","meta":{"jetpack_post_was_ever_published":false,"_jetpack_newsletter_access":"","_jetpack_dont_email_post_to_subs":false,"_jetpack_newsletter_tier_id":0,"_jetpack_memberships_contains_paywalled_content":false,"_jetpack_memberships_contains_paid_content":false,"footnotes":"","jetpack_publicize_message":"","jetpack_publicize_feature_enabled":true,"jetpack_social_post_already_shared":true,"jetpack_social_options":{"image_generator_settings":{"template":"highway","default_image_id":0,"font":"","enabled":false},"version":2}},"categories":[1],"tags":[7558,24828,35425,5149,2860,632],"class_list":["post-257302","post","type-post","status-publish","format-standard","has-post-thumbnail","hentry","category-genel","tag-ailesi","tag-duygulandirdi","tag-gururlandirdi","tag-hem","tag-sanliurfali","tag-sehidin"],"jetpack_publicize_connections":[],"jetpack_featured_media_url":"https:\/\/i0.wp.com\/www.tvturk.com\/wp-content\/uploads\/2020\/01\/sanliurfali-sehidin-ailesi-hem-duygulandirdi-hem-de-gururlandirdi_3bb002a.jpg?fit=1000%2C666","jetpack_sharing_enabled":true,"jetpack_shortlink":"https:\/\/wp.me\/paKIfm-14W2","_links":{"self":[{"href":"http:\/\/www.tvturk.com\/index.php\/wp-json\/wp\/v2\/posts\/257302","targetHints":{"allow":["GET"]}}],"collection":[{"href":"http:\/\/www.tvturk.com\/index.php\/wp-json\/wp\/v2\/posts"}],"about":[{"href":"http:\/\/www.tvturk.com\/index.php\/wp-json\/wp\/v2\/types\/post"}],"author":[{"embeddable":true,"href":"http:\/\/www.tvturk.com\/index.php\/wp-json\/wp\/v2\/users\/1"}],"replies":[{"embeddable":true,"href":"http:\/\/www.tvturk.com\/index.php\/wp-json\/wp\/v2\/comments?post=257302"}],"version-history":[{"count":0,"href":"http:\/\/www.tvturk.com\/index.php\/wp-json\/wp\/v2\/posts\/257302\/revisions"}],"wp:featuredmedia":[{"embeddable":true,"href":"http:\/\/www.tvturk.com\/index.php\/wp-json\/wp\/v2\/media\/257303"}],"wp:attachment":[{"href":"http:\/\/www.tvturk.com\/index.php\/wp-json\/wp\/v2\/media?parent=257302"}],"wp:term":[{"taxonomy":"category","embeddable":true,"href":"http:\/\/www.tvturk.com\/index.php\/wp-json\/wp\/v2\/categories?post=257302"},{"taxonomy":"post_tag","embeddable":true,"href":"http:\/\/www.tvturk.com\/index.php\/wp-json\/wp\/v2\/tags?post=257302"}],"curies":[{"name":"wp","href":"https:\/\/api.w.org\/{rel}","templated":true}]}}