{"id":257316,"date":"2020-01-18T17:17:22","date_gmt":"2020-01-18T14:17:22","guid":{"rendered":"http:\/\/www.tvturk.com\/index.php\/trabzonda-45-yil-sonra-bir-araya-geldiler\/"},"modified":"2020-01-18T17:17:22","modified_gmt":"2020-01-18T14:17:22","slug":"trabzonda-45-yil-sonra-bir-araya-geldiler","status":"publish","type":"post","link":"http:\/\/www.tvturk.com\/index.php\/trabzonda-45-yil-sonra-bir-araya-geldiler\/","title":{"rendered":"Trabzon\u2019da 45 y\u0131l sonra bir araya geldiler"},"content":{"rendered":"<p>K\u0131br\u0131s Bar\u0131\u015f Turnuvas\u0131\u2019n\u0131n 45. y\u0131l\u0131nda K\u0131br\u0131sl\u0131 ve Trabzonsporlu eski futbolcular Trabzon\u2019da bulu\u015ftu.<\/p>\n<p>1975 y\u0131l\u0131n\u0131n Ocak ay\u0131nda K\u0131br\u0131s\u2019ta d\u00fczenlenen turnuvada forma giyen Trabzonsporlu futbolcular ayn\u0131 turnuvada yer alan K\u0131br\u0131s Karmas\u0131\u2019n\u0131n oyuncular\u0131 ile 45 y\u0131l sonra bir araya geldi. K\u0131br\u0131sl\u0131 misafirler i\u00e7in Mehmet Ali Y\u0131lmaz Tesisleri\u2019nde \u00f6\u011fle yeme\u011fi d\u00fczenlendi.<\/p>\n<p>Yeme\u011fe Trabzonspor Kul\u00fcp Ba\u015fkan\u0131 Ahmet A\u011fao\u011flu ve Genel Sekreter \u00d6mer Sa\u011f\u0131ro\u011flu ile y\u00f6netim kurulu \u00fcyelerinden Dursun Ali Sakarya, Divan Ba\u015fkan\u0131 Ali S\u00fcrmen\u2019in yan\u0131 s\u0131ra, Bar\u0131\u015f Turnuvas\u0131\u2019nda forma giyen futbolculardan Faruk \u00d6zak, Necati \u00d6z\u00e7a\u011flayan, Ali Kemal Denizci, H\u00fcseyin Tok, H\u00fcsn\u00fc \u00d6zkara, Mehmet Cemil Altun, \u0130lyas Ak\u00e7ay, Ali Yavuz, Aziz \u00d6\u011f\u00fct\u00e7en ve Bekir Bar\u00e7\u0131n ile K\u0131br\u0131s Karmas\u0131 oyuncular\u0131ndan Y\u00fccel Hatay, Hasan Tan\u0131\u015f\u0131k, \u0130lker Ertemel, Enver Sedat Simavi, Ertu\u011ful Gardiyano\u011flu, Mustafa Oralo\u011flu Mustafa Metin Odaba\u015f\u0131, Ahmet Erbay G\u00f6nenli, Ali \u00c7etin Amcao\u011flu, K\u0131br\u0131s Karmas\u0131\u2019n\u0131n antren\u00f6rl\u00fc\u011f\u00fcn\u00fc yapan G\u00fcnay Caymaz ve turnuvan\u0131n hakemlerinden Ahmet \u00d6zcan \u00d6zcanhan ile K\u0131br\u0131s T\u00fcrk Futbol Federasyonu Ba\u015fkan\u0131 Hasan Serto\u011flu, KTFF \u0130dari \u0130\u015fler Sorumlusu Eren Mehmet \u015ei\u015fik, KKTC Trabzon Ba\u015fkonsolosu Zeliha Erden, KKTC Spor Dairesi \u00dcyesi Tayfun Kurtar\u0131c\u0131o\u011flular\u0131 ve K\u0131br\u0131sl\u0131 gazeteci H\u00fcseyin Ekmek\u00e7i kat\u0131ld\u0131.<\/p>\n<p>&#8220;En b\u00fcy\u00fck onurdur bize&#8221;<\/p>\n<p>Y\u0131llar sonra \u00e7ok g\u00fczel bir bulu\u015fman\u0131n ger\u00e7ekle\u015fti\u011fini vurgulayan Ba\u015fkan Ahmet A\u011fao\u011flu, \u201c1975 senesinde K\u0131br\u0131s\u2019ta ger\u00e7ekle\u015fen Bar\u0131\u015f Kupas\u0131\u2019n\u0131n oyuncular\u0131n\u0131 burada bir arada g\u00f6rmekten b\u00fcy\u00fck mutluluk duyuyorum. Onur duydu\u011fumuz, gurur duydu\u011fumuz bir kupam\u0131z. Hepinize geldi\u011finiz i\u00e7in minnetlerimi ve te\u015fekk\u00fcrlerimi sunuyorum\u201d dedi.<\/p>\n<p>Trabzonspor eski Ba\u015fkan\u0131 Faruk \u00d6zak ise yapt\u0131\u011f\u0131 konu\u015fmada \u015fu ifadeleri kulland\u0131:<\/p>\n<p>&#8220;Bu vesileyle bir kez daha K\u0131br\u0131s\u2019ta \u015fehit d\u00fc\u015fen askerlerimize, karde\u015flerimize Allah\u2019tan rahmet diliyorum. Defalarca ziyaret ettik, g\u00f6zlerimiz ya\u015fard\u0131. Allah hepsine rahmet eylesin. O g\u00fcn oynad\u0131\u011f\u0131m\u0131z m\u00fcsabakada olup aram\u0131zdan ayr\u0131lan arkada\u015flar\u0131m\u0131z var, sizlerin de vard\u0131r. Bizler, tak\u0131m arkada\u015flar\u0131m\u0131zdan Kadir \u00d6zcan, Cemil Usta, Tuncay Mes\u00e7i, B\u00fclent \u015eahinkaya, \u0130lhan \u0130kican ve \u015eener \u00c7\u0131nar\u2019\u0131 kaybettik. Allah hepsine rahmet eylesin. Bar\u0131\u015f harekat\u0131 sonras\u0131 buradan C47 tipi bir u\u00e7akla gitmi\u015ftik, oran\u0131n havas\u0131n\u0131 teneff\u00fcs ettik. Sonras\u0131nda kupay\u0131 ald\u0131k. O g\u00fcnlerden bug\u00fcne kul\u00fcb\u00fcm\u00fcz zaman zaman \u00e7ok zor \u015fartlarda m\u00fccadele etti\u201d dedi.<\/p>\n<p>\u00d6zak: \u201cGidi\u015fat gayet iyi, in\u015fallah daha da iyi olacak!\u201d<\/p>\n<p>\u201c\u00d6zellikle \u015fimdiki y\u00f6netim kurulumuz \u00e7ok k\u00f6t\u00fc \u015fartlarda kul\u00fcb\u00fc devrald\u0131\u201d diyen \u00d6zak, \u201cBu d\u00f6nemden evvelki be\u015f sene felaket d\u00f6nemiydi. Bu d\u00f6nemde arkada\u015flar geldiler, \u00e7ok yoruldular. Fiziksel, ruhsal \u00e7ok s\u0131k\u0131nt\u0131lar \u00e7ektiler. Biz de burada y\u00f6neticilik yapm\u0131\u015ft\u0131k. Hepimiz Trabzonspor\u2019un y\u00fccelmesi i\u00e7in \u00e7ok emek verdik. Ama bu d\u00f6nem ger\u00e7ekten son derece \u00f6nemli bir d\u00f6nemdi. T\u00fcrk futbolunun ya\u015fad\u0131\u011f\u0131 teknik, idari ve mali sorunlar\u0131 maalesef Trabzonspor da ya\u015fad\u0131. Bug\u00fcn Finansal Fair Play kurallar\u0131 10 y\u0131l \u00f6nce uygulanmaya ba\u015flansayd\u0131 Trabzonspor \u015fampiyonlu\u011fun aday\u0131 ama daha da iyi bir aday olurdu. Gelinen noktada tekrar in\u015fallah z\u0131plama d\u00f6nemindeyiz. Trabzonspor\u2019u y\u00f6netenleri biz de ele\u015ftiriyoruz ama buray\u0131 y\u00f6netmek \u00e7ok zordur. \u00c7ok ba\u015far\u0131l\u0131 gidiyorlar. Benim i\u00e7in Trabzonspor \u00f6zellikle ilk geldikleri d\u00f6nemde m\u00fccadele ediyorsa, sahaya \u00e7\u0131k\u0131yorsa ba\u015far\u0131yd\u0131. \u015eampiyonluk beklemek, ikincilik beklemek daha sonrayd\u0131. \u00d6nemli olan eski Trabzonspor\u2019u sahaya yans\u0131tmakt\u0131, bunu yapt\u0131lar. \u0130n\u015fallah devam edecekler. Bizler trib\u00fcndeki arkada\u015flar gibi olam\u0131yoruz. Biz \u2019Trabzonspor ya\u015fas\u0131n yeter\u2019 diyoruz. \u0130lk 5\u2019in, ilk 4\u2019\u00fcn i\u00e7inde olsun, tabii ki \u015fampiyon olursa ba\u015f\u0131m\u0131z\u0131n tac\u0131 ama o i\u015f yava\u015f yava\u015f olur. Birden bire olmuyor. O bak\u0131mdan gidi\u015fat gayet iyi, in\u015fallah daha da iyi olacak. Sizler de K\u0131br\u0131s\u2019tan mutlu olacaks\u0131n\u0131z\u201d diye konu\u015ftu.<\/p>\n<p>K\u0131br\u0131s T\u00fcrk Futbol Federasyonu Ba\u015fkan\u0131 Hasan Serto\u011flu ise davetten dolay\u0131 \u00e7ok memnun ve mutlu olduklar\u0131n\u0131 belirterek turnuvan\u0131n \u015fampiyonu Trabzonspor\u2019un K\u0131br\u0131sl\u0131lar\u0131n kalbinde bamba\u015fka bir yeri oldu\u011funu vurgulad\u0131 ve ilerleyen g\u00fcnlerde ayn\u0131 heyeti kendilerinin de K\u0131br\u0131s\u2019ta a\u011f\u0131rlamak istediklerini dile getirdi.<\/p>\n","protected":false},"excerpt":{"rendered":"<p>KIBRIS BARI\u015e TURNUVASI&#8217;NIN 45. YILINDA KIBRISLI VE TRABZONSPORLU ESK\u0130 FUTBOLCULAR TRABZON&#8217;DA BULU\u015eTU.<\/p>\n","protected":false},"author":1,"featured_media":257317,"comment_status":"closed","ping_status":"open","sticky":false,"template":"","format":"standard","meta":{"jetpack_post_was_ever_published":false,"_jetpack_newsletter_access":"","_jetpack_dont_email_post_to_subs":false,"_jetpack_newsletter_tier_id":0,"_jetpack_memberships_contains_paywalled_content":false,"_jetpack_memberships_contains_paid_content":false,"footnotes":"","jetpack_publicize_message":"","jetpack_publicize_feature_enabled":true,"jetpack_social_post_already_shared":true,"jetpack_social_options":{"image_generator_settings":{"template":"highway","default_image_id":0,"font":"","enabled":false},"version":2}},"categories":[657],"tags":[126,125,14063,2022,248,231],"class_list":["post-257316","post","type-post","status-publish","format-standard","has-post-thumbnail","hentry","category-spor","tag-araya","tag-bir","tag-geldiler","tag-sonra","tag-trabzonda","tag-yil"],"jetpack_publicize_connections":[],"jetpack_featured_media_url":"https:\/\/i0.wp.com\/www.tvturk.com\/wp-content\/uploads\/2020\/01\/trabzonda-45-yil-sonra-bir-araya-geldiler_ead94f5.jpg?fit=1000%2C700","jetpack_sharing_enabled":true,"jetpack_shortlink":"https:\/\/wp.me\/paKIfm-14Wg","_links":{"self":[{"href":"http:\/\/www.tvturk.com\/index.php\/wp-json\/wp\/v2\/posts\/257316","targetHints":{"allow":["GET"]}}],"collection":[{"href":"http:\/\/www.tvturk.com\/index.php\/wp-json\/wp\/v2\/posts"}],"about":[{"href":"http:\/\/www.tvturk.com\/index.php\/wp-json\/wp\/v2\/types\/post"}],"author":[{"embeddable":true,"href":"http:\/\/www.tvturk.com\/index.php\/wp-json\/wp\/v2\/users\/1"}],"replies":[{"embeddable":true,"href":"http:\/\/www.tvturk.com\/index.php\/wp-json\/wp\/v2\/comments?post=257316"}],"version-history":[{"count":0,"href":"http:\/\/www.tvturk.com\/index.php\/wp-json\/wp\/v2\/posts\/257316\/revisions"}],"wp:featuredmedia":[{"embeddable":true,"href":"http:\/\/www.tvturk.com\/index.php\/wp-json\/wp\/v2\/media\/257317"}],"wp:attachment":[{"href":"http:\/\/www.tvturk.com\/index.php\/wp-json\/wp\/v2\/media?parent=257316"}],"wp:term":[{"taxonomy":"category","embeddable":true,"href":"http:\/\/www.tvturk.com\/index.php\/wp-json\/wp\/v2\/categories?post=257316"},{"taxonomy":"post_tag","embeddable":true,"href":"http:\/\/www.tvturk.com\/index.php\/wp-json\/wp\/v2\/tags?post=257316"}],"curies":[{"name":"wp","href":"https:\/\/api.w.org\/{rel}","templated":true}]}}