{"id":257328,"date":"2020-01-18T17:46:09","date_gmt":"2020-01-18T14:46:09","guid":{"rendered":"http:\/\/www.tvturk.com\/index.php\/almanyada-annesinden-koparilan-minik-miray-davasinda-mutlu-son\/"},"modified":"2020-01-18T17:46:09","modified_gmt":"2020-01-18T14:46:09","slug":"almanyada-annesinden-koparilan-minik-miray-davasinda-mutlu-son","status":"publish","type":"post","link":"http:\/\/www.tvturk.com\/index.php\/almanyada-annesinden-koparilan-minik-miray-davasinda-mutlu-son\/","title":{"rendered":"Almanya\u2019da annesinden kopar\u0131lan minik Miray davas\u0131nda mutlu son"},"content":{"rendered":"<p>Almanya\u2019n\u0131n Wiesbaden kentinde A\u011fustos ay\u0131nda Alman Gen\u00e7lik Dairesi memurlar\u0131 taraf\u0131ndan anaokulundan al\u0131n\u0131p el konulan minik Miray, mahkeme karar\u0131 ile annesi \u015e\u00fckran \u00c7elik\u2019e teslim edildi.<\/p>\n<p>Almanya\u2019n\u0131n Wiesbaden kentinde 3 ya\u015f\u0131ndaki Miray \u00c7elik, A\u011fustos ay\u0131nda Alman Gen\u00e7lik Dairesi memurlar\u0131 taraf\u0131ndan anaokulundan al\u0131n\u0131p gen\u00e7lik dairesine g\u00f6t\u00fcr\u00fclm\u00fc\u015ft\u00fc. Anne \u015e\u00fckran \u00c7elik\u2019in avukat\u0131 G\u00fcnter Kovalski\u2019nin 4 bu\u00e7uk ay s\u00fcren hukuk m\u00fccadelesi mahkemenin minik Miray\u2019\u0131n annesine teslim edilmesine karar vermesiyle son buldu. Anne \u015e\u00fckran \u00c7elik bu s\u00fcre\u00e7te kendisine destek veren herkese te\u015fekk\u00fcr ederek, &#8220;Adalet yerini buldu. \u00c7ocu\u011fuma kavu\u015ftu\u011fum i\u00e7in \u00e7ok mutluyum. Allah kimseyi evlad\u0131ndan ay\u0131rmas\u0131n ve kimseye evlat ac\u0131s\u0131 \u00e7ektirmesin&#8221; dedi.<\/p>\n<p>&#8220;M\u00fccadelem devam edecek&#8221;<\/p>\n<p>Avukat G\u00fcnter Kovalski ise 3 ya\u015f\u0131ndaki Miray\u2019\u0131 geri almak i\u00e7in devam eden hukuk m\u00fccadelesinin mutlu sonla bitti\u011fini ifade etti. Kovalski, &#8220;Alman Gen\u00e7lik Dairelerinin sa\u00e7ma yard\u0131m planlar\u0131n\u0131 uygulamak i\u00e7in \u00e7ocuklar\u0131 rehin al\u0131yorlar. M\u00fccadelem burada son bulmayacak, gen\u00e7lik dairelerinin \u00e7ocuklar\u0131 kafalar\u0131na g\u00f6re anaokullar\u0131ndan veya okullardan ka\u00e7\u0131r\u0131rcas\u0131na el koymalar\u0131n\u0131 engellemek i\u00e7in hukuk m\u00fccadelem devam edecek&#8221; dedi.<\/p>\n","protected":false},"excerpt":{"rendered":"<p>ALMANYA&#8217;NIN W\u0130ESBADEN KENT\u0130NDE A\u011eUSTOS AYINDA ALMAN GEN\u00c7L\u0130K DA\u0130RES\u0130 MEMURLARI TARAFINDAN ANAOKULUNDAN ALINIP EL KONULAN M\u0130N\u0130K M\u0130RAY,  MAHKEME KARARI \u0130LE ANNES\u0130 \u015e\u00dcKRAN \u00c7EL\u0130K&#8217;E TESL\u0130M ED\u0130LD\u0130.<\/p>\n","protected":false},"author":1,"featured_media":257329,"comment_status":"closed","ping_status":"open","sticky":false,"template":"","format":"standard","meta":{"jetpack_post_was_ever_published":false,"_jetpack_newsletter_access":"","_jetpack_dont_email_post_to_subs":false,"_jetpack_newsletter_tier_id":0,"_jetpack_memberships_contains_paywalled_content":false,"_jetpack_memberships_contains_paid_content":false,"footnotes":"","jetpack_publicize_message":"","jetpack_publicize_feature_enabled":true,"jetpack_social_post_already_shared":true,"jetpack_social_options":{"image_generator_settings":{"template":"highway","default_image_id":0,"font":"","enabled":false},"version":2}},"categories":[10],"tags":[6637,31931,1980,62554,1636,6104,4828,1240],"class_list":["post-257328","post","type-post","status-publish","format-standard","has-post-thumbnail","hentry","category-dunya","tag-almanyada","tag-annesinden","tag-davasinda","tag-koparilan","tag-minik","tag-miray","tag-mutlu","tag-son"],"jetpack_publicize_connections":[],"jetpack_featured_media_url":"https:\/\/i0.wp.com\/www.tvturk.com\/wp-content\/uploads\/2020\/01\/almanyada-annesinden-koparilan-minik-miray-davasinda-mutlu-son_b001c13.jpg?fit=750%2C1000","jetpack_sharing_enabled":true,"jetpack_shortlink":"https:\/\/wp.me\/paKIfm-14Ws","_links":{"self":[{"href":"http:\/\/www.tvturk.com\/index.php\/wp-json\/wp\/v2\/posts\/257328","targetHints":{"allow":["GET"]}}],"collection":[{"href":"http:\/\/www.tvturk.com\/index.php\/wp-json\/wp\/v2\/posts"}],"about":[{"href":"http:\/\/www.tvturk.com\/index.php\/wp-json\/wp\/v2\/types\/post"}],"author":[{"embeddable":true,"href":"http:\/\/www.tvturk.com\/index.php\/wp-json\/wp\/v2\/users\/1"}],"replies":[{"embeddable":true,"href":"http:\/\/www.tvturk.com\/index.php\/wp-json\/wp\/v2\/comments?post=257328"}],"version-history":[{"count":0,"href":"http:\/\/www.tvturk.com\/index.php\/wp-json\/wp\/v2\/posts\/257328\/revisions"}],"wp:featuredmedia":[{"embeddable":true,"href":"http:\/\/www.tvturk.com\/index.php\/wp-json\/wp\/v2\/media\/257329"}],"wp:attachment":[{"href":"http:\/\/www.tvturk.com\/index.php\/wp-json\/wp\/v2\/media?parent=257328"}],"wp:term":[{"taxonomy":"category","embeddable":true,"href":"http:\/\/www.tvturk.com\/index.php\/wp-json\/wp\/v2\/categories?post=257328"},{"taxonomy":"post_tag","embeddable":true,"href":"http:\/\/www.tvturk.com\/index.php\/wp-json\/wp\/v2\/tags?post=257328"}],"curies":[{"name":"wp","href":"https:\/\/api.w.org\/{rel}","templated":true}]}}