{"id":257498,"date":"2020-01-19T12:16:16","date_gmt":"2020-01-19T09:16:16","guid":{"rendered":"http:\/\/www.tvturk.com\/index.php\/bakan-cavusoglu-italyan-mevkidasiyla-gorustu\/"},"modified":"2020-01-19T12:16:16","modified_gmt":"2020-01-19T09:16:16","slug":"bakan-cavusoglu-italyan-mevkidasiyla-gorustu","status":"publish","type":"post","link":"http:\/\/www.tvturk.com\/index.php\/bakan-cavusoglu-italyan-mevkidasiyla-gorustu\/","title":{"rendered":"Bakan \u00c7avu\u015fo\u011flu, \u0130talyan mevkida\u015f\u0131yla g\u00f6r\u00fc\u015ft\u00fc"},"content":{"rendered":"<p>D\u0131\u015fi\u015fleri Bakan\u0131 Mevl\u00fct \u00c7avu\u015fo\u011flu, Almanya\u2019n\u0131n ba\u015fkenti Berlin\u2019de \u0130talya D\u0131\u015fi\u015fleri Bakan\u0131 Luigi Di Maio ile bir araya geldi.<\/p>\n<p>D\u0131\u015fi\u015fleri Bakan\u0131 Mevl\u00fct \u00c7avu\u015fo\u011flu, Libya konulu Berlin Konferans\u0131\u2019na kat\u0131lmak \u00fczere Almanya\u2019n\u0131n ba\u015fkenti Berlin\u2019e geldi. \u00c7avu\u015fo\u011flu, Berlin ziyareti kapsam\u0131nda \u0130talya D\u0131\u015fi\u015fleri Bakan\u0131 Luigi Di Maio ile g\u00f6r\u00fc\u015ft\u00fc.<\/p>\n","protected":false},"excerpt":{"rendered":"<p>DI\u015e\u0130\u015eLER\u0130 BAKANI MEVL\u00dcT \u00c7AVU\u015eO\u011eLU, ALMANYA\u2019NIN BA\u015eKENT\u0130 BERL\u0130N\u2019DE \u0130TALYA DI\u015e\u0130\u015eLER\u0130 BAKANI LU\u0130G\u0130 D\u0130 MA\u0130O \u0130LE B\u0130R ARAYA GELD\u0130.<\/p>\n","protected":false},"author":1,"featured_media":257499,"comment_status":"closed","ping_status":"open","sticky":false,"template":"","format":"standard","meta":{"jetpack_post_was_ever_published":false,"_jetpack_newsletter_access":"","_jetpack_dont_email_post_to_subs":false,"_jetpack_newsletter_tier_id":0,"_jetpack_memberships_contains_paywalled_content":false,"_jetpack_memberships_contains_paid_content":false,"footnotes":"","jetpack_publicize_message":"","jetpack_publicize_feature_enabled":true,"jetpack_social_post_already_shared":true,"jetpack_social_options":{"image_generator_settings":{"template":"highway","default_image_id":0,"font":"","enabled":false},"version":2}},"categories":[10],"tags":[742,1499,316,23880,14378],"class_list":["post-257498","post","type-post","status-publish","format-standard","has-post-thumbnail","hentry","category-dunya","tag-bakan","tag-cavusoglu","tag-gorustu","tag-italyan","tag-mevkidasiyla"],"jetpack_publicize_connections":[],"jetpack_featured_media_url":"https:\/\/i0.wp.com\/www.tvturk.com\/wp-content\/uploads\/2020\/01\/bakan-cavusoglu-italyan-mevkidasiyla-gorustu_b89d3d5.jpg?fit=1000%2C733","jetpack_sharing_enabled":true,"jetpack_shortlink":"https:\/\/wp.me\/paKIfm-14Zc","_links":{"self":[{"href":"http:\/\/www.tvturk.com\/index.php\/wp-json\/wp\/v2\/posts\/257498","targetHints":{"allow":["GET"]}}],"collection":[{"href":"http:\/\/www.tvturk.com\/index.php\/wp-json\/wp\/v2\/posts"}],"about":[{"href":"http:\/\/www.tvturk.com\/index.php\/wp-json\/wp\/v2\/types\/post"}],"author":[{"embeddable":true,"href":"http:\/\/www.tvturk.com\/index.php\/wp-json\/wp\/v2\/users\/1"}],"replies":[{"embeddable":true,"href":"http:\/\/www.tvturk.com\/index.php\/wp-json\/wp\/v2\/comments?post=257498"}],"version-history":[{"count":0,"href":"http:\/\/www.tvturk.com\/index.php\/wp-json\/wp\/v2\/posts\/257498\/revisions"}],"wp:featuredmedia":[{"embeddable":true,"href":"http:\/\/www.tvturk.com\/index.php\/wp-json\/wp\/v2\/media\/257499"}],"wp:attachment":[{"href":"http:\/\/www.tvturk.com\/index.php\/wp-json\/wp\/v2\/media?parent=257498"}],"wp:term":[{"taxonomy":"category","embeddable":true,"href":"http:\/\/www.tvturk.com\/index.php\/wp-json\/wp\/v2\/categories?post=257498"},{"taxonomy":"post_tag","embeddable":true,"href":"http:\/\/www.tvturk.com\/index.php\/wp-json\/wp\/v2\/tags?post=257498"}],"curies":[{"name":"wp","href":"https:\/\/api.w.org\/{rel}","templated":true}]}}