{"id":257514,"date":"2020-01-19T13:17:16","date_gmt":"2020-01-19T10:17:16","guid":{"rendered":"http:\/\/www.tvturk.com\/index.php\/baba-parasi-filmine-izmirde-ozel-gala\/"},"modified":"2020-01-19T13:17:16","modified_gmt":"2020-01-19T10:17:16","slug":"baba-parasi-filmine-izmirde-ozel-gala","status":"publish","type":"post","link":"http:\/\/www.tvturk.com\/index.php\/baba-parasi-filmine-izmirde-ozel-gala\/","title":{"rendered":"\u201cBaba Paras\u0131\u201d filmine \u0130zmir\u2019de \u00f6zel gala"},"content":{"rendered":"<p>Bu y\u0131l\u0131n iddial\u0131 komedi filmlerinden \u201cBaba Paras\u0131\u201d i\u00e7in \u0130zmir\u2019de \u00f6zel bir gala d\u00fczenlendi. Filmin oyuncular\u0131 Ahmet Kural, Murat Cemcir ve Ya\u011fmur Tanr\u0131sevsin\u2019e seyirciler yo\u011fun ilgi g\u00f6sterdi.<\/p>\n<p>\u201cBaba Paras\u0131\u201d filmine \u0130zmir Optimum Al\u0131\u015fveri\u015f Merkezi\u2019nde \u00f6zel bir gala program\u0131 d\u00fczenlendi. Galaya filmin oyuncular\u0131 Ahmet Kural, Murat Cemcir ve Ya\u011fmur Tanr\u0131sevsin de kat\u0131ld\u0131. Galada seyirciler yakla\u015f\u0131k 1 saat \u00f6ncesinden alan\u0131 doldurmaya ba\u015flad\u0131. Oyuncular\u0131n sahneye \u00e7\u0131kt\u0131\u011f\u0131 anda ise b\u00fcy\u00fck bir co\u015fku ya\u015fand\u0131. Seyircilerle e\u011flenceli bir s\u00f6yle\u015fi yapan oyuncular, daha sonra seyircilerle tek tek foto\u011fraf \u00e7ekildi.<\/p>\n<p>\u201c\u0130zmir\u2019i \u00e7ok seviyoruz, g\u00f6rd\u00fc\u011f\u00fcm\u00fcz kalabal\u0131k bizi \u00e7ok mutlu etti\u201d<\/p>\n<p>Filmin ba\u015frol oyuncusu Ahmet Kural, \u201cYeni y\u0131la g\u00fczel bir komedi filmiyle ba\u015flamak ve seyircimizin de buna g\u00fczel bir tepki vermesi bizim i\u00e7in de \u00e7ok g\u00fczel bir durum oldu. \u00c7ok mutluyuz, buraya her geldi\u011fimizde b\u00f6yle yo\u011fun bir ilgiyle kar\u015f\u0131la\u015f\u0131yoruz. \u0130zmir\u2019i \u00e7ok seviyoruz, g\u00f6rd\u00fc\u011f\u00fcm\u00fcz kalabal\u0131k bizi \u00e7ok mutlu etti. \u0130n\u015fallah fazla fazla g\u00fclerler. Filmde K\u0131br\u0131sl\u0131 Selim karakterinin yan\u0131 s\u0131ra annesini de oynuyorum. O karakteri k\u0131sa bir s\u00fcre filmde g\u00f6r\u00fcyoruz. Onu da ben canland\u0131rmak istedim ve \u00e7ok da g\u00fczel oldu, \u00e7ok tatl\u0131 bir kad\u0131n oldum\u201d dedi.<\/p>\n<p>\u201cHerkesi \u015fubat tatilinde sinemalara bekliyoruz\u201d<\/p>\n<p>Filmin bir di\u011fer ba\u015frol oyuncusu Murat Cemcir ise, \u201dFilmde oynad\u0131\u011f\u0131m Niyazi karakteri \u015fu ana kadarki oynad\u0131\u011f\u0131m en \u00e7ok sevdi\u011fim karakterlerden biri oldu. Filmde ayr\u0131ca hem Niyazi\u2019nin babas\u0131n\u0131 hem de Karun\u2019un o\u011flunu oynad\u0131m. Benim i\u00e7in \u00e7ok de\u011fi\u015fik bir tecr\u00fcbe oldu. 80 ya\u015f\u0131nda bir adam\u0131 oynamak ve a\u011f\u0131r bir plastik makyajla \u00e7al\u0131\u015fmak \u00e7ok zor oldu. B\u00fct\u00fcn \u0130zmirlileri ve herkesi \u015fubat tatilinde sinemalara bekliyoruz. Sizi \u00e7ok seviyoruz ve sizin bizi ne kadar \u00e7ok sevdi\u011finizi iyi bildi\u011fimiz i\u00e7in \u00f6zellikle bu defa \u0130zmir\u2019e iki g\u00fcn ay\u0131rd\u0131k. \u0130n\u015fallah bir dahaki filmde \u00fc\u00e7 g\u00fcn ay\u0131raca\u011f\u0131z, iyi seyirler\u201d diye konu\u015ftu.<\/p>\n<p>\u201cBu ekiple \u00e7al\u0131\u015ft\u0131\u011f\u0131m i\u00e7in kendimi \u00e7ok \u015fansl\u0131 hissediyorum\u201d<\/p>\n<p>Filmde T\u00fclin karakterini canland\u0131ran oyuncu Ya\u011fmur Tanr\u0131sevsin ise duygular\u0131n\u0131 \u015f\u00f6yle anlatt\u0131:<\/p>\n<p>\u201cT\u00fclin ailenin iyi taraf\u0131n\u0131 temsil eden bir karakter. Ahmet Kural filmde hem a\u011fabeyimi hem \u00fcvey annemi oynad\u0131. Murat Cemcir de hem babam\u0131 hem a\u011fabeyimi oynuyor. \u00c7ok g\u00fczel bir kadroyla, \u00e7ok g\u00fczel ekiple \u00e7al\u0131\u015ft\u0131k. \u00c7ekim s\u00fcreci inan\u0131lmaz g\u00fczel ge\u00e7ti. Hala heyecanl\u0131y\u0131z, bu ekiple \u00e7al\u0131\u015ft\u0131\u011f\u0131m i\u00e7in kendimi \u00e7ok \u015fansl\u0131 hissediyorum.\u201d<\/p>\n<p>S\u00f6yle\u015finin ard\u0131ndan oyuncular filmin g\u00f6sterimi i\u00e7in sinema salonuna giderek seyirciyle birlikte filmi seyretti.<\/p>\n","protected":false},"excerpt":{"rendered":"<p>2020\u2019N\u0130N \u0130DD\u0130ALI KOMED\u0130 F\u0130LMLER\u0130NDEN B\u0130R\u0130 OLAN \u201cBABA PARASI\u201d \u0130\u00c7\u0130N \u0130ZM\u0130R OPT\u0130MUM\u2019DA \u00d6ZEL B\u0130R GALA D\u00dcZENLEND\u0130. F\u0130LM\u0130N OYUNCULARI AHMET KURAL, MURAT CEMC\u0130R VE YA\u011eMUR TANRISEVS\u0130N\u2019E SEY\u0130RC\u0130LER YO\u011eUN \u0130LG\u0130 G\u00d6STERD\u0130.<\/p>\n","protected":false},"author":1,"featured_media":257515,"comment_status":"closed","ping_status":"open","sticky":false,"template":"","format":"standard","meta":{"jetpack_post_was_ever_published":false,"_jetpack_newsletter_access":"","_jetpack_dont_email_post_to_subs":false,"_jetpack_newsletter_tier_id":0,"_jetpack_memberships_contains_paywalled_content":false,"_jetpack_memberships_contains_paid_content":false,"footnotes":"","jetpack_publicize_message":"","jetpack_publicize_feature_enabled":true,"jetpack_social_post_already_shared":true,"jetpack_social_options":{"image_generator_settings":{"template":"highway","default_image_id":0,"font":"","enabled":false},"version":2}},"categories":[656],"tags":[1073,1360,29594,9429,1554,8558],"class_list":["post-257514","post","type-post","status-publish","format-standard","has-post-thumbnail","hentry","category-kultur-sanat","tag-ozel","tag-baba","tag-filmine","tag-gala","tag-izmirde","tag-parasi"],"jetpack_publicize_connections":[],"jetpack_featured_media_url":"https:\/\/i0.wp.com\/www.tvturk.com\/wp-content\/uploads\/2020\/01\/baba-parasi-filmine-izmirde-ozel-gala_836712c.jpg?fit=1000%2C666","jetpack_sharing_enabled":true,"jetpack_shortlink":"https:\/\/wp.me\/paKIfm-14Zs","_links":{"self":[{"href":"http:\/\/www.tvturk.com\/index.php\/wp-json\/wp\/v2\/posts\/257514","targetHints":{"allow":["GET"]}}],"collection":[{"href":"http:\/\/www.tvturk.com\/index.php\/wp-json\/wp\/v2\/posts"}],"about":[{"href":"http:\/\/www.tvturk.com\/index.php\/wp-json\/wp\/v2\/types\/post"}],"author":[{"embeddable":true,"href":"http:\/\/www.tvturk.com\/index.php\/wp-json\/wp\/v2\/users\/1"}],"replies":[{"embeddable":true,"href":"http:\/\/www.tvturk.com\/index.php\/wp-json\/wp\/v2\/comments?post=257514"}],"version-history":[{"count":0,"href":"http:\/\/www.tvturk.com\/index.php\/wp-json\/wp\/v2\/posts\/257514\/revisions"}],"wp:featuredmedia":[{"embeddable":true,"href":"http:\/\/www.tvturk.com\/index.php\/wp-json\/wp\/v2\/media\/257515"}],"wp:attachment":[{"href":"http:\/\/www.tvturk.com\/index.php\/wp-json\/wp\/v2\/media?parent=257514"}],"wp:term":[{"taxonomy":"category","embeddable":true,"href":"http:\/\/www.tvturk.com\/index.php\/wp-json\/wp\/v2\/categories?post=257514"},{"taxonomy":"post_tag","embeddable":true,"href":"http:\/\/www.tvturk.com\/index.php\/wp-json\/wp\/v2\/tags?post=257514"}],"curies":[{"name":"wp","href":"https:\/\/api.w.org\/{rel}","templated":true}]}}