{"id":257516,"date":"2020-01-19T13:31:34","date_gmt":"2020-01-19T10:31:34","guid":{"rendered":"http:\/\/www.tvturk.com\/index.php\/cezayirde-yolcu-otobusleri-carpisti-12-olu-46-yarali\/"},"modified":"2020-01-19T13:31:34","modified_gmt":"2020-01-19T10:31:34","slug":"cezayirde-yolcu-otobusleri-carpisti-12-olu-46-yarali","status":"publish","type":"post","link":"http:\/\/www.tvturk.com\/index.php\/cezayirde-yolcu-otobusleri-carpisti-12-olu-46-yarali\/","title":{"rendered":"Cezayir\u2019de yolcu otob\u00fcsleri \u00e7arp\u0131\u015ft\u0131: 12 \u00f6l\u00fc, 46 yaral\u0131"},"content":{"rendered":"<p>Cezayir\u2019de iki yolcu otob\u00fcs\u00fcn\u00fcn \u00e7arp\u0131\u015fmas\u0131 sonucu meydana gelen kazada 12 ki\u015fi hayat\u0131n\u0131 kaybetti, 46 ki\u015fi yaraland\u0131.<\/p>\n<p>El Oued eyaletinde gece saatlerinde iki yolcu otob\u00fcs\u00fc \u00e7arp\u0131\u015ft\u0131. Kazada 12 ki\u015finin hayat\u0131n\u0131 kaybetti\u011fi, 5\u2019inin durumu a\u011f\u0131r olmak \u00fczere 46 ki\u015finin de yaraland\u0131\u011f\u0131 belirtildi. Olay yerine sevk edilen ekipler, yaral\u0131lar\u0131 \u00e7evredeki hastanelere kald\u0131rd\u0131.<\/p>\n<p>Kazayla ilgili soru\u015fturma ba\u015flat\u0131ld\u0131.<\/p>\n","protected":false},"excerpt":{"rendered":"<p>CEZAY\u0130R&#8217;DE \u0130K\u0130 YOLCU OTOB\u00dcS\u00dcN\u00dcN \u00c7ARPI\u015eMASI SONUCU MEYDANA GELEN KAZADA 12 K\u0130\u015e\u0130 HAYATINI KAYBEDERKEN 46 K\u0130\u015e\u0130 DE YARALANDI.<\/p>\n","protected":false},"author":1,"featured_media":257517,"comment_status":"closed","ping_status":"open","sticky":false,"template":"","format":"standard","meta":{"jetpack_post_was_ever_published":false,"_jetpack_newsletter_access":"","_jetpack_dont_email_post_to_subs":false,"_jetpack_newsletter_tier_id":0,"_jetpack_memberships_contains_paywalled_content":false,"_jetpack_memberships_contains_paid_content":false,"footnotes":"","jetpack_publicize_message":"","jetpack_publicize_feature_enabled":true,"jetpack_social_post_already_shared":true,"jetpack_social_options":{"image_generator_settings":{"template":"highway","default_image_id":0,"font":"","enabled":false},"version":2}},"categories":[10],"tags":[3359,18443,1664,27744,774,6459],"class_list":["post-257516","post","type-post","status-publish","format-standard","has-post-thumbnail","hentry","category-dunya","tag-carpisti","tag-cezayirde","tag-olu","tag-otobusleri","tag-yarali","tag-yolcu"],"jetpack_publicize_connections":[],"jetpack_featured_media_url":"https:\/\/i0.wp.com\/www.tvturk.com\/wp-content\/uploads\/2020\/01\/cezayirde-yolcu-otobusleri-carpisti-12-olu-46-yarali_9b49b58.jpg?fit=1000%2C500","jetpack_sharing_enabled":true,"jetpack_shortlink":"https:\/\/wp.me\/paKIfm-14Zu","_links":{"self":[{"href":"http:\/\/www.tvturk.com\/index.php\/wp-json\/wp\/v2\/posts\/257516","targetHints":{"allow":["GET"]}}],"collection":[{"href":"http:\/\/www.tvturk.com\/index.php\/wp-json\/wp\/v2\/posts"}],"about":[{"href":"http:\/\/www.tvturk.com\/index.php\/wp-json\/wp\/v2\/types\/post"}],"author":[{"embeddable":true,"href":"http:\/\/www.tvturk.com\/index.php\/wp-json\/wp\/v2\/users\/1"}],"replies":[{"embeddable":true,"href":"http:\/\/www.tvturk.com\/index.php\/wp-json\/wp\/v2\/comments?post=257516"}],"version-history":[{"count":0,"href":"http:\/\/www.tvturk.com\/index.php\/wp-json\/wp\/v2\/posts\/257516\/revisions"}],"wp:featuredmedia":[{"embeddable":true,"href":"http:\/\/www.tvturk.com\/index.php\/wp-json\/wp\/v2\/media\/257517"}],"wp:attachment":[{"href":"http:\/\/www.tvturk.com\/index.php\/wp-json\/wp\/v2\/media?parent=257516"}],"wp:term":[{"taxonomy":"category","embeddable":true,"href":"http:\/\/www.tvturk.com\/index.php\/wp-json\/wp\/v2\/categories?post=257516"},{"taxonomy":"post_tag","embeddable":true,"href":"http:\/\/www.tvturk.com\/index.php\/wp-json\/wp\/v2\/tags?post=257516"}],"curies":[{"name":"wp","href":"https:\/\/api.w.org\/{rel}","templated":true}]}}