{"id":257524,"date":"2020-01-19T13:47:12","date_gmt":"2020-01-19T10:47:12","guid":{"rendered":"http:\/\/www.tvturk.com\/index.php\/dort-turk-boksor-goppingende-tarih-yazmaya-hazirlaniyor\/"},"modified":"2020-01-19T13:47:12","modified_gmt":"2020-01-19T10:47:12","slug":"dort-turk-boksor-goppingende-tarih-yazmaya-hazirlaniyor","status":"publish","type":"post","link":"http:\/\/www.tvturk.com\/index.php\/dort-turk-boksor-goppingende-tarih-yazmaya-hazirlaniyor\/","title":{"rendered":"D\u00f6rt T\u00fcrk boks\u00f6r G\u00f6ppingen\u2019de tarih yazmaya haz\u0131rlan\u0131yor"},"content":{"rendered":"<p>D\u00fcnya \u015fampiyonu F\u0131rat Arslan\u2019\u0131n d\u00fcnya \u015fampiyonluk ve d\u00fcnya rekoru k\u0131rma ma\u00e7\u0131nda \u00fc\u00e7 T\u00fcrk boks\u00f6r daha ringde olacak.<\/p>\n<p>F\u0131rat Arslan\u2019\u0131n d\u00fcnya \u015fampiyonluk ve d\u00fcnya rekoru k\u0131rma ma\u00e7\u0131na \u00e7\u0131kaca\u011f\u0131 G\u00f6ppingen\u2019de 3 T\u00fcrk boks\u00f6r de ringe \u00e7\u0131kacak. Bunlar aras\u0131nda Avrupa \u015fampiyonu ve olimipiyat sporcusu Fatih Kele\u015f, yine Avrupa \u015fampiyonu Emre \u00c7ukur ve s\u00fcper yetenek olarak ringlerde f\u0131rt\u0131nalar estiren Volkan G\u00f6k\u00e7ek\u2019in yer alaca\u011f\u0131 a\u00e7\u0131kland\u0131. Ayr\u0131ca d\u00f6rt y\u0131l \u00fcst \u00fcste Almanya\u2019n\u0131n ve ge\u00e7ti\u011fimiz g\u00fcnlerde de d\u00fcnyan\u0131n en ba\u015far\u0131l\u0131 promot\u00f6r\u00fc se\u00e7ilen EC BOX\u0130NG Y\u00f6netim Kurulu Ba\u015fkan\u0131 Erol Ceylan ve kul\u00fcb\u00fcn ba\u015fantren\u00f6r\u00fc B\u00fclent Ba\u015fer\u2019in de ayn\u0131 gece galadaki \u00f6nemli isimler aras\u0131nda bulunaca\u011f\u0131 a\u00e7\u0131kland\u0131.<\/p>\n<p>Dilek Arslan: &#8220;Kar\u015f\u0131la\u015fmalar nefes kesecek&#8221;<\/p>\n<p>Galan\u0131n organizat\u00f6rlerinden F\u0131rat Arslan\u2019\u0131n e\u015fi Dilek Arslan, \u00f6n\u00fcm\u00fczdeki g\u00fcnlerde bu isimlere yenilerinin de eklenebilece\u011fini belirterek, &#8220;\u015eimdilik bu d\u00f6rt ba\u015far\u0131l\u0131 boks\u00f6r\u00fcm\u00fcz ringde olaca\u011f\u0131 kesinle\u015fti ve di\u011fer sporcularla g\u00f6r\u00fc\u015fmelerimiz devam ediyor. T\u00fcrk boks\u00f6rlerin d\u00fcnya \u00fczerinde tarih yazmalar\u0131 i\u00e7in elimizden gelen her t\u00fcrl\u00fc \u00e7abay\u0131 sarf ediyoruz. Bu ama\u00e7la tarihi \u00f6neme sahip boks galam\u0131zda onlara yer verdik. Bunlar\u0131n yan\u0131 s\u0131ra birbirinden \u00e7eki\u015fmeli boks kar\u015f\u0131la\u015fmalar\u0131 da gecede yer alacak. G\u00f6ppingen\u2019deki gurbet\u00e7ilerimizin de 8 \u015eubat\u2019taki galam\u0131za gelerek sporcular\u0131m\u0131za destek vermeleri, onlar\u0131n ringde daha g\u00fc\u00e7l\u00fc m\u00fcsabaka \u00e7\u0131karmalar\u0131na vesile olacakt\u0131r. Moral ve motivasyon a\u00e7\u0131s\u0131ndan izleyici \u00e7ok \u00f6nemlidir bu y\u00fczden t\u00fcm gurbet\u00e7ilerimizi, ellerinde T\u00fcrk bayraklar\u0131yla kar\u015f\u0131la\u015fmalar\u0131m\u0131za bekliyoruz&#8221; dedi.<\/p>\n<p>Erol Ceylan: &#8220;Muhte\u015fem ma\u00e7lar bizi bekliyor&#8221;<\/p>\n<p>EC BOX\u0130NG Y\u00f6netim Kurulu Ba\u015fkan\u0131 Erol Ceylan da muhte\u015fem kar\u015f\u0131la\u015fmalara imza atacaklar\u0131n\u0131 belirterek, &#8220;Gen\u00e7 yeteneklerimizden Emre \u00c7ukur o gece Avrupa \u015fampiyonluk ma\u00e7\u0131na \u00e7\u0131kacak. Ayr\u0131ca Almanlar\u0131n ringlerde f\u0131rt\u0131nalar estiren kad\u0131n boks\u00f6r\u00fc Christina Hammer de ayn\u0131 gece rakibiyle kozlar\u0131n\u0131 payla\u015facak. Bunlar\u0131n yan\u0131 s\u0131ra \u00e7ok say\u0131da ba\u015far\u0131l\u0131 boks\u00f6r\u00fc de ringe \u00e7\u0131kararak izleyenlere boks ziyafeti \u00e7ekece\u011fiz&#8221; ifadelerini kulland\u0131.<\/p>\n<p>Kul\u00fcb\u00fcn bas\u0131n dan\u0131\u015fman\u0131 Vedat Alyaz, d\u00fcnya boks otoritelerinin g\u00f6z\u00fcn\u00fcn kula\u011f\u0131n\u0131n bu kar\u015f\u0131la\u015fmalarda olaca\u011f\u0131n\u0131 belirterek, &#8220;\u015eayet F\u0131rat Arslan, bu kar\u015f\u0131la\u015fmay\u0131 kazan\u0131rsa (Gelmi\u015f ge\u00e7mi\u015f en ya\u015fl\u0131 d\u00fcnya \u015fampiyonu) olarak k\u0131r\u0131lmas\u0131 zor bir rekora imza atacakt\u0131r. T\u00fcm vatanda\u015flar\u0131m\u0131z\u0131 bu tarihi gecede sporcumuzu desteklemek i\u00e7in salona davet ediyorum&#8221; \u015feklinde konu\u015ftu.<\/p>\n","protected":false},"excerpt":{"rendered":"<p>D\u00dcNYA \u015eAMP\u0130YONU FIRAT ARSLAN\u2019IN D\u00dcNYA \u015eAMP\u0130YONLUK VE D\u00dcNYA REKORU KIRMA MA\u00c7INDA \u00dc\u00c7 T\u00dcRK BOKS\u00d6R DAHA R\u0130NGDE OLACAK.<\/p>\n","protected":false},"author":1,"featured_media":257525,"comment_status":"closed","ping_status":"open","sticky":false,"template":"","format":"standard","meta":{"jetpack_post_was_ever_published":false,"_jetpack_newsletter_access":"","_jetpack_dont_email_post_to_subs":false,"_jetpack_newsletter_tier_id":0,"_jetpack_memberships_contains_paywalled_content":false,"_jetpack_memberships_contains_paid_content":false,"footnotes":"","jetpack_publicize_message":"","jetpack_publicize_feature_enabled":true,"jetpack_social_post_already_shared":true,"jetpack_social_options":{"image_generator_settings":{"template":"highway","default_image_id":0,"font":"","enabled":false},"version":2}},"categories":[657],"tags":[3482,19900,63630,297,1330,957,4207],"class_list":["post-257524","post","type-post","status-publish","format-standard","has-post-thumbnail","hentry","category-spor","tag-dort","tag-boksor","tag-goppingende","tag-hazirlaniyor","tag-tarih","tag-turk","tag-yazmaya"],"jetpack_publicize_connections":[],"jetpack_featured_media_url":"https:\/\/i0.wp.com\/www.tvturk.com\/wp-content\/uploads\/2020\/01\/dort-turk-boksor-goppingende-tarih-yazmaya-hazirlaniyor_3a3fe3b.jpg?fit=1000%2C613","jetpack_sharing_enabled":true,"jetpack_shortlink":"https:\/\/wp.me\/paKIfm-14ZC","_links":{"self":[{"href":"http:\/\/www.tvturk.com\/index.php\/wp-json\/wp\/v2\/posts\/257524","targetHints":{"allow":["GET"]}}],"collection":[{"href":"http:\/\/www.tvturk.com\/index.php\/wp-json\/wp\/v2\/posts"}],"about":[{"href":"http:\/\/www.tvturk.com\/index.php\/wp-json\/wp\/v2\/types\/post"}],"author":[{"embeddable":true,"href":"http:\/\/www.tvturk.com\/index.php\/wp-json\/wp\/v2\/users\/1"}],"replies":[{"embeddable":true,"href":"http:\/\/www.tvturk.com\/index.php\/wp-json\/wp\/v2\/comments?post=257524"}],"version-history":[{"count":0,"href":"http:\/\/www.tvturk.com\/index.php\/wp-json\/wp\/v2\/posts\/257524\/revisions"}],"wp:featuredmedia":[{"embeddable":true,"href":"http:\/\/www.tvturk.com\/index.php\/wp-json\/wp\/v2\/media\/257525"}],"wp:attachment":[{"href":"http:\/\/www.tvturk.com\/index.php\/wp-json\/wp\/v2\/media?parent=257524"}],"wp:term":[{"taxonomy":"category","embeddable":true,"href":"http:\/\/www.tvturk.com\/index.php\/wp-json\/wp\/v2\/categories?post=257524"},{"taxonomy":"post_tag","embeddable":true,"href":"http:\/\/www.tvturk.com\/index.php\/wp-json\/wp\/v2\/tags?post=257524"}],"curies":[{"name":"wp","href":"https:\/\/api.w.org\/{rel}","templated":true}]}}