{"id":257534,"date":"2020-01-19T14:16:42","date_gmt":"2020-01-19T11:16:42","guid":{"rendered":"http:\/\/www.tvturk.com\/index.php\/ozel-bu-utu-mangal-komuruyle-calisiyor\/"},"modified":"2020-01-19T14:16:42","modified_gmt":"2020-01-19T11:16:42","slug":"ozel-bu-utu-mangal-komuruyle-calisiyor","status":"publish","type":"post","link":"http:\/\/www.tvturk.com\/index.php\/ozel-bu-utu-mangal-komuruyle-calisiyor\/","title":{"rendered":"(\u00d6zel) Bu \u00fct\u00fc mangal k\u00f6m\u00fcr\u00fcyle \u00e7al\u0131\u015f\u0131yor"},"content":{"rendered":"<p>\u015eanl\u0131urfa\u2019da babadan kalma terzilik mesle\u011fini yapan \u0130smail Al\u0131n, a\u011f\u0131rl\u0131\u011f\u0131 6 kiloyu bulan k\u00f6m\u00fcrle \u00e7al\u0131\u015fan \u00fct\u00fcyle elbise \u00fct\u00fclemeye devam ediyor.<\/p>\n<p>Merkez Eyy\u00fcbiye il\u00e7esindeki tarihi \u00e7ar\u015f\u0131lar b\u00f6lgesinde terzilik yapan \u0130smail Al\u0131n, ustas\u0131 olan babas\u0131ndan miras kalan d\u00f6kme \u00fct\u00fc ile \u00e7al\u0131\u015fmaya devam ediyor. A\u011f\u0131rl\u0131\u011f\u0131 yakla\u015f\u0131k 6 kilogram\u0131 bulan ve k\u00f6m\u00fcrle \u00e7al\u0131\u015fan \u00fct\u00fcyle elbiseleri \u00fct\u00fclemeye devam eden Al\u0131n, \u00fct\u00fcn\u00fcn 70 y\u0131ll\u0131k ge\u00e7mi\u015fi oldu\u011funu ve hem dedesinin hem de babas\u0131n\u0131n bu \u00fct\u00fcy\u00fc kulland\u0131\u011f\u0131n\u0131 belirtti. Daha \u00f6nce b\u00fct\u00fcn terzilerin bu t\u00fcr \u00fct\u00fcler kulland\u0131\u011f\u0131n\u0131 s\u00f6yleyen Al\u0131n, teknolojiyle birlikte k\u00f6m\u00fcrle \u00e7al\u0131\u015fan \u00fct\u00fc kullanan kimsenin kalmad\u0131\u011f\u0131n\u0131 belirtti. \u015eanl\u0131urfa\u2019da \u015fu anda bu \u00fct\u00fcy\u00fc sadece kendilerinin kulland\u0131\u011f\u0131n\u0131 ifade eden Al\u0131n, \u201c60, 70 y\u0131l \u00f6ncesinden kalma \u00fct\u00fcd\u00fcr. Daha \u00f6nce b\u00fct\u00fcn terziler kullan\u0131yordu, \u015fimdi sadece biz kullan\u0131yoruz. \u00dct\u00fcn\u00fcn i\u00e7erisinde mangal k\u00f6m\u00fcr\u00fc yak\u0131yoruz. Is\u0131t\u0131yoruz, sonra \u00fct\u00fc i\u015fleri yap\u0131yoruz. Bu \u00fct\u00fc sadece bizde mevcut, ba\u015fka kimsede yok. Bu \u00fct\u00fc babadan, dededen kalma. Bu \u00fct\u00fc 6 kilodur, elektrikliden iyidir. Tabii biraz zorlan\u0131yoruz. Elektrikli \u00fct\u00fc bunun kalitesini vermez. Bu \u00fct\u00fc hem a\u011f\u0131rl\u0131\u011f\u0131yla \u00fct\u00fcl\u00fcyor hem de s\u0131cakl\u0131\u011f\u0131yla \u00fct\u00fcl\u00fcyor\u201d \u015feklinde konu\u015ftu.<\/p>\n<p>\u00dct\u00fcn\u00fcn nas\u0131l \u00e7al\u0131\u015ft\u0131\u011f\u0131n\u0131 anlatan Al\u0131n, k\u00f6m\u00fcrl\u00fc \u00fct\u00fc ile \u00fct\u00fclenen elbiselerin daha \u015f\u0131k durdu\u011funu da s\u00f6zlerine ekledi.<\/p>\n","protected":false},"excerpt":{"rendered":"<p>\u015eANLIURFA\u2019DA BABADAN KALMA TERZ\u0130L\u0130K MESLE\u011e\u0130N\u0130 YAPAN \u0130SMA\u0130L ALIN, A\u011eIRLI\u011eI 6 K\u0130LOYU BULAN K\u00d6M\u00dcRLE \u00c7ALI\u015eAN \u00dcT\u00dcYLE ELB\u0130SE \u00dcT\u00dcLEMEYE DEVAM ED\u0130YOR.<\/p>\n","protected":false},"author":1,"featured_media":257535,"comment_status":"closed","ping_status":"open","sticky":false,"template":"","format":"standard","meta":{"jetpack_post_was_ever_published":false,"_jetpack_newsletter_access":"","_jetpack_dont_email_post_to_subs":false,"_jetpack_newsletter_tier_id":0,"_jetpack_memberships_contains_paywalled_content":false,"_jetpack_memberships_contains_paid_content":false,"footnotes":"","jetpack_publicize_message":"","jetpack_publicize_feature_enabled":true,"jetpack_social_post_already_shared":true,"jetpack_social_options":{"image_generator_settings":{"template":"highway","default_image_id":0,"font":"","enabled":false},"version":2}},"categories":[1],"tags":[1073,1422,63633,9187,20042],"class_list":["post-257534","post","type-post","status-publish","format-standard","has-post-thumbnail","hentry","category-genel","tag-ozel","tag-calisiyor","tag-komuruyle","tag-mangal","tag-utu"],"jetpack_publicize_connections":[],"jetpack_featured_media_url":"https:\/\/i0.wp.com\/www.tvturk.com\/wp-content\/uploads\/2020\/01\/ozel-bu-utu-mangal-komuruyle-calisiyor_085a27a.jpg?fit=1000%2C666","jetpack_sharing_enabled":true,"jetpack_shortlink":"https:\/\/wp.me\/paKIfm-14ZM","_links":{"self":[{"href":"http:\/\/www.tvturk.com\/index.php\/wp-json\/wp\/v2\/posts\/257534","targetHints":{"allow":["GET"]}}],"collection":[{"href":"http:\/\/www.tvturk.com\/index.php\/wp-json\/wp\/v2\/posts"}],"about":[{"href":"http:\/\/www.tvturk.com\/index.php\/wp-json\/wp\/v2\/types\/post"}],"author":[{"embeddable":true,"href":"http:\/\/www.tvturk.com\/index.php\/wp-json\/wp\/v2\/users\/1"}],"replies":[{"embeddable":true,"href":"http:\/\/www.tvturk.com\/index.php\/wp-json\/wp\/v2\/comments?post=257534"}],"version-history":[{"count":0,"href":"http:\/\/www.tvturk.com\/index.php\/wp-json\/wp\/v2\/posts\/257534\/revisions"}],"wp:featuredmedia":[{"embeddable":true,"href":"http:\/\/www.tvturk.com\/index.php\/wp-json\/wp\/v2\/media\/257535"}],"wp:attachment":[{"href":"http:\/\/www.tvturk.com\/index.php\/wp-json\/wp\/v2\/media?parent=257534"}],"wp:term":[{"taxonomy":"category","embeddable":true,"href":"http:\/\/www.tvturk.com\/index.php\/wp-json\/wp\/v2\/categories?post=257534"},{"taxonomy":"post_tag","embeddable":true,"href":"http:\/\/www.tvturk.com\/index.php\/wp-json\/wp\/v2\/tags?post=257534"}],"curies":[{"name":"wp","href":"https:\/\/api.w.org\/{rel}","templated":true}]}}