{"id":257544,"date":"2020-01-19T14:32:05","date_gmt":"2020-01-19T11:32:05","guid":{"rendered":"http:\/\/www.tvturk.com\/index.php\/kanal-istanbula-destek-icin-vatandaslar-birikimlerini-hazineye-bagislayacaklar\/"},"modified":"2020-01-19T14:32:05","modified_gmt":"2020-01-19T11:32:05","slug":"kanal-istanbula-destek-icin-vatandaslar-birikimlerini-hazineye-bagislayacaklar","status":"publish","type":"post","link":"http:\/\/www.tvturk.com\/index.php\/kanal-istanbula-destek-icin-vatandaslar-birikimlerini-hazineye-bagislayacaklar\/","title":{"rendered":"Kanal \u0130stanbul\u2019a destek i\u00e7in vatanda\u015flar birikimlerini hazineye ba\u011f\u0131\u015flayacaklar"},"content":{"rendered":"<p>Kanal \u0130stanbul projesine destek vermek i\u00e7in \u201c81 ilden 81 ki\u015fiyle Anadolu\u2019dan \u0130stanbul\u2019a kanal a\u00e7maya geldik\u201d slogan\u0131yla y\u00fcr\u00fcyen vatanda\u015flar, projeye destek vermek i\u00e7in birikimlerini devlet hazinesine ba\u011f\u0131\u015flayacaklar\u0131n\u0131 dile getirdiler.<\/p>\n<p>Kanal \u0130stanbul projesine destek vermek i\u00e7in \u201c81 ilden 81 ki\u015fiyle Anadolu\u2019dan \u0130stanbul\u2019a kanal a\u00e7maya geldik\u201d slogan\u0131yla bir grup vatanda\u015f y\u00fcr\u00fcy\u00fc\u015f d\u00fczenledi. Arnavutk\u00f6y Hara\u00e7\u00e7\u0131 Mahallesi\u2019nde toplanan grup, ellerinde T\u00fcrk bayraklar\u0131yla Kanal \u0130stanbul projesi alan\u0131na y\u00fcr\u00fcd\u00fc. Y\u00fcr\u00fcy\u00fc\u015fe kat\u0131lan 15 Temmuz Birli\u011fini Ya\u015fatma Derne\u011fi Ba\u015fkan\u0131 Fatih Kaya, proje i\u00e7in \u201cimkan yok\u201d diyenlere &#8220;Millet varsa imkan vard\u0131r\u201d cevab\u0131n\u0131 vererek, birikimlerini devlet hazinesine ba\u011f\u0131\u015flayacaklar\u0131n\u0131 ifade etti. Dernek olarak projeye destek ama\u00e7l\u0131 birikimlerini devlet hazinesine ba\u011f\u0131\u015flayacaklar\u0131n\u0131 belirten Kaya, \u201cAmac\u0131m\u0131z her zaman oldu\u011fu gibi t\u00fcz\u00fc\u011f\u00fcm\u00fcz\u00fcn 2. maddesi uyar\u0131nca milli ve yerli olan t\u00fcm projelere sahip \u00e7\u0131kmak, desteklemek ve takip etmek. Son g\u00fcnlerde tart\u0131\u015f\u0131lan Kanal \u0130stanbul projesiyle ilgili millet devlettir, devlet \u0130stanbul\u2019dur, \u0130stanbul T\u00fcrkiye\u2019dir. Biz de bununla ilgili buraya destek olmaya geldik. Slogan\u0131m\u0131z \u201981 ilden 81 ki\u015fiyle Anadolu\u2019dan \u0130stanbul\u2019a g\u00f6n\u00fcl k\u00f6pr\u00fcleri kurarak Anadolu\u2019dan \u0130stanbul\u2019a kanal a\u00e7maya geldik.\u2019 Kanal \u0130stanbul projesine destek ama\u00e7l\u0131 y\u00fcr\u00fcyoruz. \u00c7\u00fcnk\u00fc bizden sonraki gelecek nesillere, bizden sonraki Evlad-\u0131 Fatihan\u2019lara g\u00fczel ses getirecek, belki daha etkili olacak, belki ileriki y\u0131llarda T\u00fcrkiye\u2019nin elini g\u00fc\u00e7lendirecek olan bu projeye herkesin destek vermesini beklerim. Herkesten de destek bekleriz ayr\u0131ca. \u015e\u00f6yle bir s\u00f6z var diyorlar ki; \u2018Para yetmez, imkan yok.\u2019 Millet varsa imkan vard\u0131r. Biz buradan \u00e7\u0131kt\u0131ktan sonra kendi imkanlar\u0131m\u0131zla biriktirdi\u011fimiz t\u00fcm birikimlerimizi belirlenen devletin hazine hesab\u0131na yat\u0131raca\u011f\u0131z\u201d dedi.<\/p>\n","protected":false},"excerpt":{"rendered":"<p>KANAL \u0130STANBUL PROJES\u0130NE DESTEK VERMEK \u0130\u00c7\u0130N \u201c81 \u0130LDEN 81 K\u0130\u015e\u0130YLE ANADOLU\u2019DAN \u0130STANBUL\u2019A KANAL A\u00c7MAYA GELD\u0130K\u201d SLOGANIYLA B\u0130R GRUP VATANDA\u015e Y\u00dcR\u00dcY\u00dc\u015e D\u00dcZENLED\u0130.<\/p>\n","protected":false},"author":1,"featured_media":257545,"comment_status":"closed","ping_status":"open","sticky":false,"template":"","format":"standard","meta":{"jetpack_post_was_ever_published":false,"_jetpack_newsletter_access":"","_jetpack_dont_email_post_to_subs":false,"_jetpack_newsletter_tier_id":0,"_jetpack_memberships_contains_paywalled_content":false,"_jetpack_memberships_contains_paid_content":false,"footnotes":"","jetpack_publicize_message":"","jetpack_publicize_feature_enabled":true,"jetpack_social_post_already_shared":true,"jetpack_social_options":{"image_generator_settings":{"template":"highway","default_image_id":0,"font":"","enabled":false},"version":2}},"categories":[1],"tags":[63637,63635,61,63636,44,2174,8418,2344],"class_list":["post-257544","post","type-post","status-publish","format-standard","has-post-thumbnail","hentry","category-genel","tag-bagislayacaklar","tag-birikimlerini","tag-destek","tag-hazineye","tag-icin","tag-istanbula","tag-kanal","tag-vatandaslar"],"jetpack_publicize_connections":[],"jetpack_featured_media_url":"https:\/\/i0.wp.com\/www.tvturk.com\/wp-content\/uploads\/2020\/01\/kanal-istanbula-destek-icin-vatandaslar-birikimlerini-hazineye-bagislayacaklar_65e080a.jpg?fit=1000%2C666","jetpack_sharing_enabled":true,"jetpack_shortlink":"https:\/\/wp.me\/paKIfm-14ZW","_links":{"self":[{"href":"http:\/\/www.tvturk.com\/index.php\/wp-json\/wp\/v2\/posts\/257544","targetHints":{"allow":["GET"]}}],"collection":[{"href":"http:\/\/www.tvturk.com\/index.php\/wp-json\/wp\/v2\/posts"}],"about":[{"href":"http:\/\/www.tvturk.com\/index.php\/wp-json\/wp\/v2\/types\/post"}],"author":[{"embeddable":true,"href":"http:\/\/www.tvturk.com\/index.php\/wp-json\/wp\/v2\/users\/1"}],"replies":[{"embeddable":true,"href":"http:\/\/www.tvturk.com\/index.php\/wp-json\/wp\/v2\/comments?post=257544"}],"version-history":[{"count":0,"href":"http:\/\/www.tvturk.com\/index.php\/wp-json\/wp\/v2\/posts\/257544\/revisions"}],"wp:featuredmedia":[{"embeddable":true,"href":"http:\/\/www.tvturk.com\/index.php\/wp-json\/wp\/v2\/media\/257545"}],"wp:attachment":[{"href":"http:\/\/www.tvturk.com\/index.php\/wp-json\/wp\/v2\/media?parent=257544"}],"wp:term":[{"taxonomy":"category","embeddable":true,"href":"http:\/\/www.tvturk.com\/index.php\/wp-json\/wp\/v2\/categories?post=257544"},{"taxonomy":"post_tag","embeddable":true,"href":"http:\/\/www.tvturk.com\/index.php\/wp-json\/wp\/v2\/tags?post=257544"}],"curies":[{"name":"wp","href":"https:\/\/api.w.org\/{rel}","templated":true}]}}