{"id":257548,"date":"2020-01-19T14:46:10","date_gmt":"2020-01-19T11:46:10","guid":{"rendered":"http:\/\/www.tvturk.com\/index.php\/yemende-askeri-kampa-duzenlenen-saldirida-olu-sayisi-79a-yukseldi\/"},"modified":"2020-01-19T14:46:10","modified_gmt":"2020-01-19T11:46:10","slug":"yemende-askeri-kampa-duzenlenen-saldirida-olu-sayisi-79a-yukseldi","status":"publish","type":"post","link":"http:\/\/www.tvturk.com\/index.php\/yemende-askeri-kampa-duzenlenen-saldirida-olu-sayisi-79a-yukseldi\/","title":{"rendered":"Yemen\u2019de askeri kampa d\u00fczenlenen sald\u0131r\u0131da \u00f6l\u00fc say\u0131s\u0131 79\u2019a y\u00fckseldi"},"content":{"rendered":"<p>Yemen\u2019de \u0130ran destekli Husilerin Marib kentinde h\u00fck\u00fcmete ait askeri bir kampa d\u00fczenledi\u011fi sald\u0131r\u0131da \u00f6l\u00fc say\u0131s\u0131 79\u2019a y\u00fckseldi.<\/p>\n<p>\u0130ran destekli Husiler, d\u00fcn Silahl\u0131 \u0130nsans\u0131z Hava Arac\u0131 (S\u0130HA) ve f\u00fcze ile Marib kentinin kuzeybat\u0131s\u0131nda h\u00fck\u00fcmet g\u00fc\u00e7lerine ait askeri kampa hava sald\u0131r\u0131s\u0131 d\u00fczenledi. Sald\u0131r\u0131da \u00f6l\u00fc say\u0131s\u0131n\u0131n 70\u2019ten 79\u2019a y\u00fckseldi\u011fi, yaral\u0131 say\u0131s\u0131n\u0131n ise 80 oldu\u011fu belirtildi. Yerel kaynaklar, sald\u0131r\u0131n\u0131n askerlerin ak\u015fam namaz\u0131 k\u0131ld\u0131klar\u0131 s\u0131rada askeri kamp\u0131n mescidine d\u00fczenledi\u011fini ifade ettiler.<\/p>\n<p>Mart 2015\u2019te Suudi Arabistan ve di\u011fer \u00fclkeler, Yemen h\u00fck\u00fcmetine destek vermek i\u00e7in Husiler\u2019e kar\u015f\u0131 &#8220;Kararl\u0131 F\u0131rt\u0131na&#8221; ad\u0131 verilen askeri operasyon ba\u015flatm\u0131\u015ft\u0131.<\/p>\n","protected":false},"excerpt":{"rendered":"<p>YEMEN&#8217;DE \u0130RAN DESTEKL\u0130 HUS\u0130LER\u0130N MAR\u0130B KENT\u0130NDE H\u00dcK\u00dcMETE A\u0130T ASKER\u0130 B\u0130R KAMPA D\u00dcZENLED\u0130\u011e\u0130 SALDIRIDA \u00d6L\u00dc SAYISI 79&#8217;A Y\u00dcKSELD\u0130.<\/p>\n","protected":false},"author":1,"featured_media":257549,"comment_status":"closed","ping_status":"open","sticky":false,"template":"","format":"standard","meta":{"jetpack_post_was_ever_published":false,"_jetpack_newsletter_access":"","_jetpack_dont_email_post_to_subs":false,"_jetpack_newsletter_tier_id":0,"_jetpack_memberships_contains_paywalled_content":false,"_jetpack_memberships_contains_paid_content":false,"footnotes":"","jetpack_publicize_message":"","jetpack_publicize_feature_enabled":true,"jetpack_social_post_already_shared":true,"jetpack_social_options":{"image_generator_settings":{"template":"highway","default_image_id":0,"font":"","enabled":false},"version":2}},"categories":[10],"tags":[1170,19080,58091,4219,4616,1664,1011,611,1681],"class_list":["post-257548","post","type-post","status-publish","format-standard","has-post-thumbnail","hentry","category-dunya","tag-askeri","tag-yemende","tag-79a","tag-duzenlenen","tag-kampa","tag-olu","tag-saldirida","tag-sayisi","tag-yukseldi"],"jetpack_publicize_connections":[],"jetpack_featured_media_url":"https:\/\/i0.wp.com\/www.tvturk.com\/wp-content\/uploads\/2020\/01\/yemende-askeri-kampa-duzenlenen-saldirida-olu-sayisi-79a-yukseldi_916108f.jpg?fit=1000%2C976","jetpack_sharing_enabled":true,"jetpack_shortlink":"https:\/\/wp.me\/paKIfm-1500","_links":{"self":[{"href":"http:\/\/www.tvturk.com\/index.php\/wp-json\/wp\/v2\/posts\/257548","targetHints":{"allow":["GET"]}}],"collection":[{"href":"http:\/\/www.tvturk.com\/index.php\/wp-json\/wp\/v2\/posts"}],"about":[{"href":"http:\/\/www.tvturk.com\/index.php\/wp-json\/wp\/v2\/types\/post"}],"author":[{"embeddable":true,"href":"http:\/\/www.tvturk.com\/index.php\/wp-json\/wp\/v2\/users\/1"}],"replies":[{"embeddable":true,"href":"http:\/\/www.tvturk.com\/index.php\/wp-json\/wp\/v2\/comments?post=257548"}],"version-history":[{"count":0,"href":"http:\/\/www.tvturk.com\/index.php\/wp-json\/wp\/v2\/posts\/257548\/revisions"}],"wp:featuredmedia":[{"embeddable":true,"href":"http:\/\/www.tvturk.com\/index.php\/wp-json\/wp\/v2\/media\/257549"}],"wp:attachment":[{"href":"http:\/\/www.tvturk.com\/index.php\/wp-json\/wp\/v2\/media?parent=257548"}],"wp:term":[{"taxonomy":"category","embeddable":true,"href":"http:\/\/www.tvturk.com\/index.php\/wp-json\/wp\/v2\/categories?post=257548"},{"taxonomy":"post_tag","embeddable":true,"href":"http:\/\/www.tvturk.com\/index.php\/wp-json\/wp\/v2\/tags?post=257548"}],"curies":[{"name":"wp","href":"https:\/\/api.w.org\/{rel}","templated":true}]}}