{"id":257572,"date":"2020-01-19T15:31:32","date_gmt":"2020-01-19T12:31:32","guid":{"rendered":"http:\/\/www.tvturk.com\/index.php\/cumhurbaskani-erdogan-libya-basbakani-sarraci-kabul-etti\/"},"modified":"2020-01-19T15:31:32","modified_gmt":"2020-01-19T12:31:32","slug":"cumhurbaskani-erdogan-libya-basbakani-sarraci-kabul-etti","status":"publish","type":"post","link":"http:\/\/www.tvturk.com\/index.php\/cumhurbaskani-erdogan-libya-basbakani-sarraci-kabul-etti\/","title":{"rendered":"Cumhurba\u015fkan\u0131 Erdo\u011fan, Libya Ba\u015fbakan\u0131 Sarrac\u2019\u0131 kabul etti"},"content":{"rendered":"<p>Cumhurba\u015fkan\u0131 Recep Tayyip Erdo\u011fan, Almanya\u2019n\u0131n ba\u015fkenti Berlin\u2019de Libya Ulusal Mutabakat H\u00fck\u00fcmeti Ba\u015fbakan\u0131 Fayiz es Sarrac\u2019\u0131 kabul etti.<\/p>\n<p>Cumhurba\u015fkan\u0131 Erdo\u011fan, Libya konusunda ger\u00e7ekle\u015ftirilecek zirveye kat\u0131lmak i\u00e7in bulundu\u011fu Almanya\u2019n\u0131n ba\u015fkenti Berlin\u2019de ikili g\u00f6r\u00fc\u015fmeler ger\u00e7ekle\u015ftiriyor. Cezayir Cumhurba\u015fkan\u0131 Abdulmecid Tebbun ile bir araya gelen Erdo\u011fan, daha sonra Libya Ulusal Mutabakat H\u00fck\u00fcmeti (UMH) Ba\u015fbakan\u0131 Fayiz es Sarrac\u2019\u0131 kabul etti.<\/p>\n","protected":false},"excerpt":{"rendered":"<p>CUMHURBA\u015eKANI RECEP TAYY\u0130P ERDO\u011eAN, ALMANYA\u2019NIN BA\u015eKENT\u0130 BERL\u0130N\u2019DE L\u0130BYA ULUSAL MUTABAKAT H\u00dcK\u00dcMET\u0130 BA\u015eBAKANI FAY\u0130Z ES SARRAC&#8217;I KABUL ETT\u0130.<\/p>\n","protected":false},"author":1,"featured_media":257573,"comment_status":"closed","ping_status":"open","sticky":false,"template":"","format":"standard","meta":{"jetpack_post_was_ever_published":false,"_jetpack_newsletter_access":"","_jetpack_dont_email_post_to_subs":false,"_jetpack_newsletter_tier_id":0,"_jetpack_memberships_contains_paywalled_content":false,"_jetpack_memberships_contains_paid_content":false,"footnotes":"","jetpack_publicize_message":"","jetpack_publicize_feature_enabled":true,"jetpack_social_post_already_shared":true,"jetpack_social_options":{"image_generator_settings":{"template":"highway","default_image_id":0,"font":"","enabled":false},"version":2}},"categories":[10],"tags":[651,503,649,207,654,8757,63643],"class_list":["post-257572","post","type-post","status-publish","format-standard","has-post-thumbnail","hentry","category-dunya","tag-basbakani","tag-cumhurbaskani","tag-erdogan","tag-etti","tag-kabul","tag-libya","tag-sarraci"],"jetpack_publicize_connections":[],"jetpack_featured_media_url":"https:\/\/i0.wp.com\/www.tvturk.com\/wp-content\/uploads\/2020\/01\/cumhurbaskani-erdogan-libya-basbakani-sarraci-kabul-etti_60ea004.jpg?fit=1000%2C678","jetpack_sharing_enabled":true,"jetpack_shortlink":"https:\/\/wp.me\/paKIfm-150o","_links":{"self":[{"href":"http:\/\/www.tvturk.com\/index.php\/wp-json\/wp\/v2\/posts\/257572","targetHints":{"allow":["GET"]}}],"collection":[{"href":"http:\/\/www.tvturk.com\/index.php\/wp-json\/wp\/v2\/posts"}],"about":[{"href":"http:\/\/www.tvturk.com\/index.php\/wp-json\/wp\/v2\/types\/post"}],"author":[{"embeddable":true,"href":"http:\/\/www.tvturk.com\/index.php\/wp-json\/wp\/v2\/users\/1"}],"replies":[{"embeddable":true,"href":"http:\/\/www.tvturk.com\/index.php\/wp-json\/wp\/v2\/comments?post=257572"}],"version-history":[{"count":0,"href":"http:\/\/www.tvturk.com\/index.php\/wp-json\/wp\/v2\/posts\/257572\/revisions"}],"wp:featuredmedia":[{"embeddable":true,"href":"http:\/\/www.tvturk.com\/index.php\/wp-json\/wp\/v2\/media\/257573"}],"wp:attachment":[{"href":"http:\/\/www.tvturk.com\/index.php\/wp-json\/wp\/v2\/media?parent=257572"}],"wp:term":[{"taxonomy":"category","embeddable":true,"href":"http:\/\/www.tvturk.com\/index.php\/wp-json\/wp\/v2\/categories?post=257572"},{"taxonomy":"post_tag","embeddable":true,"href":"http:\/\/www.tvturk.com\/index.php\/wp-json\/wp\/v2\/tags?post=257572"}],"curies":[{"name":"wp","href":"https:\/\/api.w.org\/{rel}","templated":true}]}}