{"id":257622,"date":"2020-01-19T17:47:15","date_gmt":"2020-01-19T14:47:15","guid":{"rendered":"http:\/\/www.tvturk.com\/index.php\/mustafa-ozer-arkadaslarimiz-inanilmaz-bir-mucadele-verdi\/"},"modified":"2020-01-19T17:47:15","modified_gmt":"2020-01-19T14:47:15","slug":"mustafa-ozer-arkadaslarimiz-inanilmaz-bir-mucadele-verdi","status":"publish","type":"post","link":"http:\/\/www.tvturk.com\/index.php\/mustafa-ozer-arkadaslarimiz-inanilmaz-bir-mucadele-verdi\/","title":{"rendered":"Mustafa \u00d6zer: &#8220;Arkada\u015flar\u0131m\u0131z inan\u0131lmaz bir m\u00fccadele verdi&#8221;"},"content":{"rendered":"<p>Eski\u015fehir Teknik Direkt\u00f6r\u00fc Mustafa \u00d6zer, &#8220;Futbolcu karde\u015flerimi kutluyorum. \u0130nan\u0131lmaz bir m\u00fccadele verdiler&#8221; dedi.<\/p>\n<p>TFF 1. Lig\u2019in 18. haftas\u0131nda Ke\u00e7i\u00f6reng\u00fcc\u00fc sahas\u0131nda Eski\u015fehirspor\u2019a 1-0 ma\u011flup oldu. Eski\u015fehirspor Teknik Direkt\u00f6r\u00fc Mustafa \u00d6zer, ma\u00e7 sonunda d\u00fczenledi\u011fi bas\u0131n toplant\u0131s\u0131nda, &#8220;Futbolcu karde\u015flerimi kutluyorum. \u0130nan\u0131lmaz bir m\u00fccadele verdiler. Ger\u00e7ekten biz zor g\u00fcnler ya\u015f\u0131yoruz, oyuncular\u0131m\u0131z bizi b\u0131rak\u0131p gitti. Ama aslan gibi 23 tane gen\u00e7 karde\u015fimizi haz\u0131rlad\u0131k ve lige ba\u015flad\u0131k&#8221; diye konu\u015ftu.<\/p>\n<p>\u00d6zer, &#8220;Ma\u00e7a bakt\u0131\u011f\u0131m\u0131z zaman kaleci Ekrem iki g\u00fcnd\u00fcr hastayd\u0131 devre aras\u0131 oyundan \u00e7\u0131kmak istedi onu da fedakarl\u0131\u011f\u0131ndan dolay\u0131 kutluyorum. Halil \u0130brahim santraforumuz kafas\u0131na bir darbe ald\u0131 onu da oyundan almak zorunda kald\u0131k. Furkan Polat\u2019\u0131 da sakatl\u0131\u011f\u0131ndan dolay\u0131 oyundan ald\u0131k. Sizlerle taktik sistem konu\u015fmak isterdim ama \u015fuanda bulundu\u011fumuz durum \u00e7ok farkl\u0131 \u015fuan biz \u015fehir olarak kurtulu\u015f sava\u015f\u0131 veriyoruz. Eski\u015fehir\u2019de, e\u011fer T\u00fcrk futbolunda devrim olacaksa bu Eski\u015fehir\u2019den ve Eski\u015fehirspor\u2019dan ba\u015flamal\u0131d\u0131r. M\u00fccadelemiz ayn\u0131 zamanda Anadolu tak\u0131mlar\u0131 i\u00e7in \u00f6rnek olacakt\u0131r&#8221; \u015feklinde konu\u015ftu.<\/p>\n<p>&#8220;Bu galibiyeti ba\u015fkan\u0131m\u0131za, y\u00f6netim kurulumuza ve bizi her zaman destekleyen Eski\u015fehirspor taraftarlar\u0131na arma\u011fan ediyorum&#8221; diyen \u00d6zer, \u015funlar\u0131 kaydetti:<\/p>\n<p>&#8220;Eski\u015fehir, futbol gelenekleri olan ge\u00e7mi\u015fte T\u00fcrk futboluna b\u00fcy\u00fck renk katm\u0131\u015f bir \u015fehrimiz, ger\u00e7ekten inan\u0131lmaz bir deste\u011fimiz var. Ke\u00e7i\u00f6reng\u00fcc\u00fc\u2019n\u00fc de tebrik ediyorum \u00e7ok iyi m\u00fccadele ettiler. Bu galibiyet ileriye d\u00f6n\u00fck bizi ligde tutmak i\u00e7in \u00e7ok \u00f6nemli bir galibiyetti. Oyuncular\u0131m\u0131n \u00f6zg\u00fcven kazanmas\u0131n\u0131 sa\u011flad\u0131 ama i\u015fimiz daha bitmedi. \u00d6n\u00fcm\u00fczde \u00e7ok \u00f6nemli ma\u00e7lar var.&#8221;<\/p>\n","protected":false},"excerpt":{"rendered":"<p>ESK\u0130\u015eEH\u0130R TEKN\u0130K D\u0130REKT\u00d6R\u00dc MUSTAFA \u00d6ZER, &#8220;FUTBOLCU KARDE\u015eLER\u0130M\u0130 KUTLUYORUM. \u0130NANILMAZ B\u0130R M\u00dcCADELE VERD\u0130LER&#8221; DED\u0130.<\/p>\n","protected":false},"author":1,"featured_media":257623,"comment_status":"closed","ping_status":"open","sticky":false,"template":"","format":"standard","meta":{"jetpack_post_was_ever_published":false,"_jetpack_newsletter_access":"","_jetpack_dont_email_post_to_subs":false,"_jetpack_newsletter_tier_id":0,"_jetpack_memberships_contains_paywalled_content":false,"_jetpack_memberships_contains_paid_content":false,"footnotes":"","jetpack_publicize_message":"","jetpack_publicize_feature_enabled":true,"jetpack_social_post_already_shared":true,"jetpack_social_options":{"image_generator_settings":{"template":"highway","default_image_id":0,"font":"","enabled":false},"version":2}},"categories":[657],"tags":[21750,125,18082,888,159,12928,386],"class_list":["post-257622","post","type-post","status-publish","format-standard","has-post-thumbnail","hentry","category-spor","tag-arkadaslarimiz","tag-bir","tag-inanilmaz","tag-mucadele","tag-mustafa","tag-ozer","tag-verdi"],"jetpack_publicize_connections":[],"jetpack_featured_media_url":"https:\/\/i0.wp.com\/www.tvturk.com\/wp-content\/uploads\/2020\/01\/mustafa-ozer-arkadaslarimiz-inanilmaz-bir-mucadele-verdi_c33c726.jpg?fit=1000%2C596","jetpack_sharing_enabled":true,"jetpack_shortlink":"https:\/\/wp.me\/paKIfm-151c","_links":{"self":[{"href":"http:\/\/www.tvturk.com\/index.php\/wp-json\/wp\/v2\/posts\/257622","targetHints":{"allow":["GET"]}}],"collection":[{"href":"http:\/\/www.tvturk.com\/index.php\/wp-json\/wp\/v2\/posts"}],"about":[{"href":"http:\/\/www.tvturk.com\/index.php\/wp-json\/wp\/v2\/types\/post"}],"author":[{"embeddable":true,"href":"http:\/\/www.tvturk.com\/index.php\/wp-json\/wp\/v2\/users\/1"}],"replies":[{"embeddable":true,"href":"http:\/\/www.tvturk.com\/index.php\/wp-json\/wp\/v2\/comments?post=257622"}],"version-history":[{"count":0,"href":"http:\/\/www.tvturk.com\/index.php\/wp-json\/wp\/v2\/posts\/257622\/revisions"}],"wp:featuredmedia":[{"embeddable":true,"href":"http:\/\/www.tvturk.com\/index.php\/wp-json\/wp\/v2\/media\/257623"}],"wp:attachment":[{"href":"http:\/\/www.tvturk.com\/index.php\/wp-json\/wp\/v2\/media?parent=257622"}],"wp:term":[{"taxonomy":"category","embeddable":true,"href":"http:\/\/www.tvturk.com\/index.php\/wp-json\/wp\/v2\/categories?post=257622"},{"taxonomy":"post_tag","embeddable":true,"href":"http:\/\/www.tvturk.com\/index.php\/wp-json\/wp\/v2\/tags?post=257622"}],"curies":[{"name":"wp","href":"https:\/\/api.w.org\/{rel}","templated":true}]}}