{"id":257626,"date":"2020-01-19T18:16:21","date_gmt":"2020-01-19T15:16:21","guid":{"rendered":"http:\/\/www.tvturk.com\/index.php\/davosa-turk-mali-konforu\/"},"modified":"2020-01-19T18:16:21","modified_gmt":"2020-01-19T15:16:21","slug":"davosa-turk-mali-konforu","status":"publish","type":"post","link":"http:\/\/www.tvturk.com\/index.php\/davosa-turk-mali-konforu\/","title":{"rendered":"Davos\u2019a \u201cT\u00fcrk mal\u0131\u201d konforu"},"content":{"rendered":"<p>\u0130svi\u00e7re\u2019nin Davos kasabas\u0131nda bu y\u0131l 50.\u2019si d\u00fczenlenecek olan D\u00fcnya Ekonomik Forumu toplant\u0131lar\u0131nda T\u00fcrk mal\u0131 mobilya ve duvar dekoru kullan\u0131lacak.<\/p>\n<p>\u0130svi\u00e7re\u2019nin Davos kasabas\u0131nda bu y\u0131l 50.\u2019si d\u00fczenlenecek olan D\u00fcnya Ekonomik Forumu (WEF) toplant\u0131lar\u0131n\u0131n 2011 y\u0131l\u0131ndan bu yana yap\u0131ld\u0131\u011f\u0131 konferans merkezinin t\u00fcm mobilyalar\u0131, T\u00fcrkiye\u2019de \u00fcretilerek Davos kasabas\u0131na getirildi. Kongre merkezinin 40 bin metrekarelik kapal\u0131 alan\u0131nda kullan\u0131lacak mobilyalar\u0131n d\u00f6rt g\u00fcn devam edecek olan kongre i\u00e7in \u00f6zel olarak \u00fcretildi\u011fini belirten Publicislive \u015firketinin Genel M\u00fcd\u00fcr\u00fc Sel\u00e7uk Kiper, \u201cWEF\u2019in d\u00fcnyan\u0131n farkl\u0131 \u00fclkelerinde yap\u0131lan b\u00f6lgesel toplant\u0131lar\u0131n da d\u00fczenlendi\u011fi t\u00fcm kongre salonlar\u0131n\u0131n mobilya ve dekorlar\u0131n\u0131 da T\u00fcrkiye\u2019de \u00fcreterek g\u00f6nderiyoruz\u201d dedi.<\/p>\n<p>Kiper, T\u00fcrkiye Varl\u0131k Fonu taraf\u0131ndan bu y\u0131l Davos\u2019ta olu\u015fturulan T\u00fcrk Evi\u2019nin de mobilya dekorasyonun tamam\u0131n\u0131 ger\u00e7ekle\u015ftirdiklerini belirtti.<\/p>\n<p>Bu y\u0131l 21-25 Ocak tarihleri aras\u0131nda d\u00fczenlenecek 50. D\u00fcnya Ekonomik Forumu toplant\u0131lar\u0131na d\u00fcnyan\u0131n 100\u2019e yak\u0131n \u00fclkesinden 3 bini a\u015fk\u0131n ki\u015fi kat\u0131l\u0131yor. Zirvede T\u00fcrkiye\u2019yi D\u0131\u015fi\u015fleri Bakan\u0131 Mevl\u00fct \u00c7avu\u015fo\u011flu, Hazine ve Maliye Bakan\u0131 Berat Albayrak, Ticaret Bakan\u0131 Ruhsar Pekcan, Merkez Bankas\u0131 Ba\u015fkan\u0131 Murat Uysal ve T\u00fcrkiye Varl\u0131k Fonu Genel M\u00fcd\u00fcr\u00fc Zafer S\u00f6nmez\u2019in temsil etmesi bekleniyor.<\/p>\n","protected":false},"excerpt":{"rendered":"<p>\u0130SV\u0130\u00c7RE\u2019N\u0130N DAVOS KASABASINDA BU YIL 50.&#8217;S\u0130 D\u00dcZENLENECEK OLAN D\u00dcNYA EKONOM\u0130K FORUMU TOPLANTILARINDA T\u00dcRK MALI MOB\u0130LYA VE DUVAR DEKORU KULLANILACAK.<\/p>\n","protected":false},"author":1,"featured_media":257627,"comment_status":"closed","ping_status":"open","sticky":false,"template":"","format":"standard","meta":{"jetpack_post_was_ever_published":false,"_jetpack_newsletter_access":"","_jetpack_dont_email_post_to_subs":false,"_jetpack_newsletter_tier_id":0,"_jetpack_memberships_contains_paywalled_content":false,"_jetpack_memberships_contains_paid_content":false,"footnotes":"","jetpack_publicize_message":"","jetpack_publicize_feature_enabled":true,"jetpack_social_post_already_shared":true,"jetpack_social_options":{"image_generator_settings":{"template":"highway","default_image_id":0,"font":"","enabled":false},"version":2}},"categories":[10],"tags":[63651,9275,12792,957],"class_list":["post-257626","post","type-post","status-publish","format-standard","has-post-thumbnail","hentry","category-dunya","tag-davosa","tag-konforu","tag-mali","tag-turk"],"jetpack_publicize_connections":[],"jetpack_featured_media_url":"https:\/\/i0.wp.com\/www.tvturk.com\/wp-content\/uploads\/2020\/01\/davosa-turk-mali-konforu_4e55c87.jpg?fit=1000%2C750","jetpack_sharing_enabled":true,"jetpack_shortlink":"https:\/\/wp.me\/paKIfm-151g","_links":{"self":[{"href":"http:\/\/www.tvturk.com\/index.php\/wp-json\/wp\/v2\/posts\/257626","targetHints":{"allow":["GET"]}}],"collection":[{"href":"http:\/\/www.tvturk.com\/index.php\/wp-json\/wp\/v2\/posts"}],"about":[{"href":"http:\/\/www.tvturk.com\/index.php\/wp-json\/wp\/v2\/types\/post"}],"author":[{"embeddable":true,"href":"http:\/\/www.tvturk.com\/index.php\/wp-json\/wp\/v2\/users\/1"}],"replies":[{"embeddable":true,"href":"http:\/\/www.tvturk.com\/index.php\/wp-json\/wp\/v2\/comments?post=257626"}],"version-history":[{"count":0,"href":"http:\/\/www.tvturk.com\/index.php\/wp-json\/wp\/v2\/posts\/257626\/revisions"}],"wp:featuredmedia":[{"embeddable":true,"href":"http:\/\/www.tvturk.com\/index.php\/wp-json\/wp\/v2\/media\/257627"}],"wp:attachment":[{"href":"http:\/\/www.tvturk.com\/index.php\/wp-json\/wp\/v2\/media?parent=257626"}],"wp:term":[{"taxonomy":"category","embeddable":true,"href":"http:\/\/www.tvturk.com\/index.php\/wp-json\/wp\/v2\/categories?post=257626"},{"taxonomy":"post_tag","embeddable":true,"href":"http:\/\/www.tvturk.com\/index.php\/wp-json\/wp\/v2\/tags?post=257626"}],"curies":[{"name":"wp","href":"https:\/\/api.w.org\/{rel}","templated":true}]}}