{"id":257654,"date":"2020-01-19T20:01:35","date_gmt":"2020-01-19T17:01:35","guid":{"rendered":"http:\/\/www.tvturk.com\/index.php\/dunya-ekonomik-forum-icin-hazirliklar-tamamlandi\/"},"modified":"2020-01-19T20:01:35","modified_gmt":"2020-01-19T17:01:35","slug":"dunya-ekonomik-forum-icin-hazirliklar-tamamlandi","status":"publish","type":"post","link":"http:\/\/www.tvturk.com\/index.php\/dunya-ekonomik-forum-icin-hazirliklar-tamamlandi\/","title":{"rendered":"D\u00fcnya Ekonomik Forum i\u00e7in haz\u0131rl\u0131klar tamamland\u0131"},"content":{"rendered":"<p>\u0130svi\u00e7re\u2019nin Davos kasabas\u0131nda bu y\u0131l 50.si ger\u00e7ekle\u015ftirilecek olan D\u00fcnya Ekonomik Forum (WEF) toplant\u0131lar\u0131 i\u00e7in t\u00fcm haz\u0131rl\u0131klar tamamland\u0131. D\u00fcnyan\u0131n 100\u2019e yak\u0131n \u00fclkesinden 3 binin \u00fczerinde kat\u0131l\u0131m\u0131n ger\u00e7ekle\u015fece\u011fi zirvenin ana konusunu \u201cS\u00fcrd\u00fcr\u00fclebilirlik Kalk\u0131nma Hedefleri&#8221; olu\u015fturacak.<\/p>\n<p>\u0130svi\u00e7re\u2019nin Davos kasabas\u0131nda bu y\u0131l 50.si d\u00fczenlenecek olan ve 21-25 Ocak tarihlerinde ger\u00e7ekle\u015ftirilecek D\u00fcnya Ekonomik Forum (WEF) toplant\u0131lar\u0131 i\u00e7in t\u00fcm haz\u0131rl\u0131klar tamamland\u0131. D\u00fcnyan\u0131n 100\u2019\u00fcn \u00fczerinde \u00fclkesinden ekonomi, siyaset, i\u015f d\u00fcnyas\u0131, akademisyen ve sivil toplum \u00f6rg\u00fctlerinin 3 binin \u00fczerinde kat\u0131l\u0131m ger\u00e7ekle\u015ftirece\u011fi zirvede yap\u0131lacak 220 toplant\u0131 canl\u0131 olarak yay\u0131nlanacak. Alan\u0131nda d\u00fcnyaca \u00fcnl\u00fc 761 konu\u015fmac\u0131 taraf\u0131ndan, Adil Ekonomi, Daha iyi i\u015f piyasas\u0131, Sa\u011fl\u0131kl\u0131 gelecekler, Gelecek i\u00e7in i\u015f imkanlar\u0131, yararl\u0131 teknoloji, Jeopoliti\u011fin \u00f6tesinde ve D\u00fcnyay\u0131 kurtarmak gibi ba\u015fl\u0131klar alt\u0131nda konferanslar verilecek.<\/p>\n<p>D\u00fcnya Ekonomik Forum toplant\u0131lar\u0131nda T\u00fcrkiye\u2019yi bu y\u0131l D\u0131\u015fi\u015fleri Bakan\u0131 Mevl\u00fct \u00c7avu\u015fo\u011flu, Hazine ve Maliye Bakan\u0131 Berat Albayrak, Ticaret Bakan\u0131 Ruhsar Pekcan, Sanayi ve Teknoloji Bakan\u0131 Mustafa Varank ve Merkez Bankas\u0131 Ba\u015fkan\u0131 Murat Uysal ve T\u00fcrkiye Varl\u0131k Fonu Genel M\u00fcd\u00fcr\u00fc Zafer S\u00f6nmez\u2019in temsil etmesi bekleniyor.<\/p>\n<p>WEF 50 ya\u015f\u0131nda<\/p>\n<p>Toplant\u0131lar\u0131n\u0131 d\u00fczelemeye ba\u015flayan Formun kurucu Ba\u015fkan\u0131 Klaus Schwab, WEF\u2019in 50 y\u0131l\u0131n\u0131 kutlarken, yar\u0131m as\u0131rl\u0131k ge\u00e7mi\u015fe sahip olan WEF toplant\u0131lar\u0131nda ger\u00e7ekle\u015fen \u00f6nemli hadiseler, WEF toplant\u0131lar\u0131n\u0131n yap\u0131laca\u011f\u0131 kongre merkezinin duvarlar\u0131na i\u015flendi. WEF tarihi kronolojisi olu\u015fturulurken, T\u00fcrkiye\u2019de Davos Ruhu olarak bilinen g\u00f6r\u00fc\u015fmelerin resimleri de WEF\u2019in \u00f6nemli olaylar kronolojisinde yerini ald\u0131. Zaman\u0131n Ba\u015fbakan\u0131 merhum Turgut \u00d6zal\u2019\u0131n Yunanistan Ba\u015fbakan\u0131 Andreas Papandreou ile Davos\u2019da b\u0131r araya gelmeleri, Ik\u0131 Almanya\u2019n\u0131n birle\u015fme protokol\u00fc, Filistin-\u0130srail bar\u0131\u015f g\u00f6r\u00fc\u015fmeleri gibi konular da WEF\u2019in yar\u0131m as\u0131rl\u0131k kronolojisinde yer ald\u0131.<\/p>\n<p>Be\u015f bin asker ve polisin 24 saat hizmet verece\u011fi Davos toplant\u0131lar\u0131 boyunca, Davos hava sahas\u0131 u\u00e7u\u015flara kapal\u0131 olacak. Bunun yan\u0131nda, zirvenin yap\u0131laca\u011f\u0131 kongre merkezinin etraf\u0131n\u0131 yaya ve ara\u00e7 trafi\u011fine kapat\u0131ld\u0131.<\/p>\n","protected":false},"excerpt":{"rendered":"<p>\u0130SV\u0130\u00c7RE&#8217;N\u0130N DAVOS KASABASINDA BU YIL 50.S\u0130 GER\u00c7EKLE\u015eT\u0130R\u0130LECEK OLAN D\u00dcNYA EKONOM\u0130K FORUM (WEF) TOPLANTILARI \u0130\u00c7\u0130N T\u00dcM HAZIRLIKLAR TAMAMLANDI.<\/p>\n","protected":false},"author":1,"featured_media":257655,"comment_status":"closed","ping_status":"open","sticky":false,"template":"","format":"standard","meta":{"jetpack_post_was_ever_published":false,"_jetpack_newsletter_access":"","_jetpack_dont_email_post_to_subs":false,"_jetpack_newsletter_tier_id":0,"_jetpack_memberships_contains_paywalled_content":false,"_jetpack_memberships_contains_paid_content":false,"footnotes":"","jetpack_publicize_message":"","jetpack_publicize_feature_enabled":true,"jetpack_social_post_already_shared":true,"jetpack_social_options":{"image_generator_settings":{"template":"highway","default_image_id":0,"font":"","enabled":false},"version":2}},"categories":[10],"tags":[349,4746,10086,3384,44,693],"class_list":["post-257654","post","type-post","status-publish","format-standard","has-post-thumbnail","hentry","category-dunya","tag-dunya","tag-ekonomik","tag-forum","tag-hazirliklar","tag-icin","tag-tamamlandi"],"jetpack_publicize_connections":[],"jetpack_featured_media_url":"https:\/\/i0.wp.com\/www.tvturk.com\/wp-content\/uploads\/2020\/01\/dunya-ekonomik-forum-icin-hazirliklar-tamamlandi_985ec49.jpg?fit=1000%2C750","jetpack_sharing_enabled":true,"jetpack_shortlink":"https:\/\/wp.me\/paKIfm-151I","_links":{"self":[{"href":"http:\/\/www.tvturk.com\/index.php\/wp-json\/wp\/v2\/posts\/257654","targetHints":{"allow":["GET"]}}],"collection":[{"href":"http:\/\/www.tvturk.com\/index.php\/wp-json\/wp\/v2\/posts"}],"about":[{"href":"http:\/\/www.tvturk.com\/index.php\/wp-json\/wp\/v2\/types\/post"}],"author":[{"embeddable":true,"href":"http:\/\/www.tvturk.com\/index.php\/wp-json\/wp\/v2\/users\/1"}],"replies":[{"embeddable":true,"href":"http:\/\/www.tvturk.com\/index.php\/wp-json\/wp\/v2\/comments?post=257654"}],"version-history":[{"count":0,"href":"http:\/\/www.tvturk.com\/index.php\/wp-json\/wp\/v2\/posts\/257654\/revisions"}],"wp:featuredmedia":[{"embeddable":true,"href":"http:\/\/www.tvturk.com\/index.php\/wp-json\/wp\/v2\/media\/257655"}],"wp:attachment":[{"href":"http:\/\/www.tvturk.com\/index.php\/wp-json\/wp\/v2\/media?parent=257654"}],"wp:term":[{"taxonomy":"category","embeddable":true,"href":"http:\/\/www.tvturk.com\/index.php\/wp-json\/wp\/v2\/categories?post=257654"},{"taxonomy":"post_tag","embeddable":true,"href":"http:\/\/www.tvturk.com\/index.php\/wp-json\/wp\/v2\/tags?post=257654"}],"curies":[{"name":"wp","href":"https:\/\/api.w.org\/{rel}","templated":true}]}}