{"id":257700,"date":"2020-01-20T09:17:01","date_gmt":"2020-01-20T06:17:01","guid":{"rendered":"http:\/\/www.tvturk.com\/index.php\/kar-ustunde-horon-havadan-boyle-goruntulendi\/"},"modified":"2020-01-20T09:17:01","modified_gmt":"2020-01-20T06:17:01","slug":"kar-ustunde-horon-havadan-boyle-goruntulendi","status":"publish","type":"post","link":"http:\/\/www.tvturk.com\/index.php\/kar-ustunde-horon-havadan-boyle-goruntulendi\/","title":{"rendered":"Kar \u00fcst\u00fcnde horon havadan b\u00f6yle g\u00f6r\u00fcnt\u00fclendi"},"content":{"rendered":"<p>Artvin\u2019in Ardanu\u00e7 il\u00e7esindeki Ge\u00e7itli K\u00f6y\u00fc\u2019nde bu y\u0131l 5\u2019si d\u00fczenlenen Kar \u015eenli\u011fi 7\u2019den 70\u2019e b\u00fcy\u00fck ilgi g\u00f6rd\u00fc. Tahta k\u0131zak, halat \u00e7ekme yar\u0131\u015flar\u0131 renkli g\u00f6r\u00fcnt\u00fclere sahne olurken kar \u00fcst\u00fcnde oynayan horonun muhte\u015fem uyumu havadan g\u00f6r\u00fcnt\u00fclendi.<\/p>\n<p>Ardanu\u00e7 il\u00e7esinde Ge\u00e7itli K\u00f6y\u00fc Muhtarl\u0131\u011f\u0131 taraf\u0131ndan organize edilen kar \u015fenli\u011fine \u00e7ok say\u0131da vatanda\u015f k\u0131zaklar\u0131yla birlikte kat\u0131ld\u0131. Birbirinden farkl\u0131 ekinliklerin d\u00fczenlendi\u011fi kar \u015fenli\u011finde, 200 y\u0131ll\u0131k gelene\u011fe sahip olan k\u0131zak yar\u0131\u015f\u0131nda renkli g\u00f6r\u00fcnt\u00fcler olu\u015ftu. Bin 700 rak\u0131ml\u0131 Ge\u00e7itli K\u00f6y\u00fcnde yar\u0131m metreye ula\u015fan kar kal\u0131nl\u0131\u011f\u0131n\u0131n \u00fczerinde doyas\u0131ya e\u011flenen vatanda\u015flar, \u00e7uval yar\u0131\u015flar\u0131, i\u011fneye ip ge\u00e7irme, h\u0131zarla odun kesme ve halat \u00e7ekme yar\u0131\u015fmalar\u0131yla kar\u0131n tad\u0131n\u0131 \u00e7\u0131kard\u0131lar.<\/p>\n<p>Ge\u00e7itli K\u00f6y\u00fc Muhtar\u0131 Taner Kaya yapt\u0131\u011f\u0131 a\u00e7\u0131klamada, k\u0131\u015f mevsimi ve kar\u0131n \u00e7ok \u00f6nemli bir k\u00fclt\u00fcr ve zenginlik oldu\u011funu belirterek kar\u0131n olu\u015fturdu\u011fu k\u00fclt\u00fcr, birlik ve beraberli\u011fi ya\u015fatmak i\u00e7in bu \u015fenliklerin ba\u015flat\u0131ld\u0131\u011f\u0131n\u0131 ifade etti. Ayn\u0131 zamanda \u00f6\u011frencilere karne hediyesi olarak bu \u015fenli\u011fi d\u00fczenlediklerini ifade eden Kaya, birlik ve beraberli\u011fin peki\u015fti\u011fi bir ortam olu\u015fturduklar\u0131n\u0131 s\u00f6yledi.<\/p>\n<p>Yar\u0131\u015fmalar\u0131n sonunda dereceye girenlere Ge\u00e7itli K\u00f6y\u00fc muhtarl\u0131\u011f\u0131 taraf\u0131ndan \u00e7e\u015fitli hediyeler verildi. \u015eenli\u011fin sonunda ise yerel sanat\u00e7\u0131lar\u0131n yer ald\u0131\u011f\u0131 konserlerde, kar \u00fcst\u00fcnde olu\u015fturulan horan halkas\u0131 havadan g\u00f6r\u00fcnt\u00fclendi.<\/p>\n","protected":false},"excerpt":{"rendered":"<p>ARTV\u0130N\u2019\u0130N ARDANU\u00c7 \u0130L\u00c7ES\u0130NDEK\u0130 GE\u00c7\u0130TL\u0130 K\u00d6Y\u00dc\u2019NDE BU YIL 5\u2019S\u0130 D\u00dcZENLENEN KAR \u015eENL\u0130\u011e\u0130 7\u2019DEN 70\u2019E B\u00dcY\u00dcK \u0130LG\u0130 G\u00d6RD\u00dc. TAHTA KIZAK, HALAT \u00c7EKME YARI\u015eLARI RENKL\u0130 G\u00d6R\u00dcNT\u00dcLERE SAHNE OLURKEN KAR \u00dcST\u00dcNDE OYNAYAN HORONUN MUHTE\u015eEM UYUMU HAVADAN G\u00d6R\u00dcNT\u00dcLEND\u0130.<\/p>\n","protected":false},"author":1,"featured_media":257701,"comment_status":"closed","ping_status":"open","sticky":false,"template":"","format":"standard","meta":{"jetpack_post_was_ever_published":false,"_jetpack_newsletter_access":"","_jetpack_dont_email_post_to_subs":false,"_jetpack_newsletter_tier_id":0,"_jetpack_memberships_contains_paywalled_content":false,"_jetpack_memberships_contains_paid_content":false,"footnotes":"","jetpack_publicize_message":"","jetpack_publicize_feature_enabled":true,"jetpack_social_post_already_shared":true,"jetpack_social_options":{"image_generator_settings":{"template":"highway","default_image_id":0,"font":"","enabled":false},"version":2}},"categories":[656],"tags":[836,3388,3387,14985,878,8925],"class_list":["post-257700","post","type-post","status-publish","format-standard","has-post-thumbnail","hentry","category-kultur-sanat","tag-boyle","tag-goruntulendi","tag-havadan","tag-horon","tag-kar","tag-ustunde"],"jetpack_publicize_connections":[],"jetpack_featured_media_url":"https:\/\/i0.wp.com\/www.tvturk.com\/wp-content\/uploads\/2020\/01\/kar-ustunde-horon-havadan-boyle-goruntulendi_3727917.jpg?fit=1000%2C562","jetpack_sharing_enabled":true,"jetpack_shortlink":"https:\/\/wp.me\/paKIfm-152s","_links":{"self":[{"href":"http:\/\/www.tvturk.com\/index.php\/wp-json\/wp\/v2\/posts\/257700","targetHints":{"allow":["GET"]}}],"collection":[{"href":"http:\/\/www.tvturk.com\/index.php\/wp-json\/wp\/v2\/posts"}],"about":[{"href":"http:\/\/www.tvturk.com\/index.php\/wp-json\/wp\/v2\/types\/post"}],"author":[{"embeddable":true,"href":"http:\/\/www.tvturk.com\/index.php\/wp-json\/wp\/v2\/users\/1"}],"replies":[{"embeddable":true,"href":"http:\/\/www.tvturk.com\/index.php\/wp-json\/wp\/v2\/comments?post=257700"}],"version-history":[{"count":0,"href":"http:\/\/www.tvturk.com\/index.php\/wp-json\/wp\/v2\/posts\/257700\/revisions"}],"wp:featuredmedia":[{"embeddable":true,"href":"http:\/\/www.tvturk.com\/index.php\/wp-json\/wp\/v2\/media\/257701"}],"wp:attachment":[{"href":"http:\/\/www.tvturk.com\/index.php\/wp-json\/wp\/v2\/media?parent=257700"}],"wp:term":[{"taxonomy":"category","embeddable":true,"href":"http:\/\/www.tvturk.com\/index.php\/wp-json\/wp\/v2\/categories?post=257700"},{"taxonomy":"post_tag","embeddable":true,"href":"http:\/\/www.tvturk.com\/index.php\/wp-json\/wp\/v2\/tags?post=257700"}],"curies":[{"name":"wp","href":"https:\/\/api.w.org\/{rel}","templated":true}]}}