{"id":257702,"date":"2020-01-20T09:31:28","date_gmt":"2020-01-20T06:31:28","guid":{"rendered":"http:\/\/www.tvturk.com\/index.php\/bakan-pakdemirli-turk-is-adamlariyla-bir-araya-geldi\/"},"modified":"2020-01-20T09:31:28","modified_gmt":"2020-01-20T06:31:28","slug":"bakan-pakdemirli-turk-is-adamlariyla-bir-araya-geldi","status":"publish","type":"post","link":"http:\/\/www.tvturk.com\/index.php\/bakan-pakdemirli-turk-is-adamlariyla-bir-araya-geldi\/","title":{"rendered":"Bakan Pakdemirli, T\u00fcrk i\u015f adamlar\u0131yla bir araya geldi"},"content":{"rendered":"<p>Tar\u0131m ve Orman Bakan\u0131 Bekir Pakdemirli, Almanya\u2019n\u0131n D\u00fcsseldorf kentinde T\u00fcrk i\u015f adamlar\u0131yla bir araya geldi.<\/p>\n<p>Tar\u0131m ve Orman Bakan\u0131 Bekir Pakdemirli, Almanya\u2019da T\u00fcrkiye\u2019nin D\u00fcsseldorf Ba\u015fkonsoloslu\u011funda T\u00fcrk i\u015f adamlar\u0131yla bir araya geldi. Pakdemirli burada yapt\u0131\u011f\u0131 konu\u015fmada, \u201cBir \u00e7o\u011funuzun g\u0131da sekt\u00f6r\u00fcnde yer almas\u0131n\u0131 \u00f6nemsiyorum. G\u0131da tohumdan, \u00e7atala kadar olan zincir ve a\u011fz\u0131m\u0131zdan midemize kadar en dikkat etti\u011fimiz alan. Yurt d\u0131\u015f\u0131na olmak zor. Gurbette olmak zor da olsa hep tabii ki g\u00f6nl\u00fcm\u00fcz sizlerle\u201d \u015feklinde konu\u015ftu.<\/p>\n<p>Bakan Pakdemirli Almanya\u2019da ya\u015fayan T\u00fcrklere, \u201cSizin burada temsiliniz, T\u00fcrk insan\u0131n varl\u0131\u011f\u0131 son derece \u00f6nemlidir. Almanya\u2019da ya\u015fayan T\u00fcrkler, T\u00fcrkiye\u2019den zenginlik alan de\u011fil T\u00fcrkiye\u2019ye zenginlik veren katk\u0131 veren insanlar oldunuz. G\u0131da sekt\u00f6r\u00fcndeki yat\u0131r\u0131mlar\u0131n\u0131z \u00f6nemli. Art\u0131k biraz daha kurumsalla\u015fmak laz\u0131m\u201c dedi.<\/p>\n<p>T\u00fcrkiye\u2019nin \u00e7ok b\u00fcy\u00fck bir potansiyelinin oldu\u011funu s\u00f6yleyen Pakdemirli, \u201cSiz de bu konuda k\u00f6pr\u00fc olmaya aday i\u015f adamlar\u0131s\u0131n\u0131z. T\u00fcrkiye\u2019nin 2 bin 500\u2019den fazla co\u011frafi i\u015faretli olmaya aday potansiyel g\u0131da \u00fcr\u00fcn\u00fc var. Bunun anlam\u0131, binlerce \u00fcr\u00fcn\u00fc \u00e7ok daha fazla katma de\u011fer ekleyerek, anlam ve hikaye y\u00fckleyerek satma imkan\u0131m\u0131z olabilir. Kars\u2019\u0131n ka\u015far\u0131ndan tutun T\u00fcrkiye co\u011frafyas\u0131nda belki 500\u2019den fazla peynirimiz var ve bunlar\u0131n hepsini art\u0131k d\u00fcnyaya tan\u0131tmam\u0131z laz\u0131m. Burada yap\u0131labilecek \u00e7ok \u015fey var. Biz devlet olarak her zaman yan\u0131n\u0131zday\u0131z&#8221; \u015feklinde konu\u015ftu.<\/p>\n<p>T\u00fcrkiye\u2019nin Avrupa\u2019da tar\u0131msal has\u0131lada birinci, d\u00fcnyada da yedinci s\u0131rada oldu\u011funu s\u00f6yleyen Pakdemirli, Yani genel itibar\u0131yla bakt\u0131\u011f\u0131n\u0131z zaman T\u00fcrkiye ba\u015far\u0131l\u0131 bir \u00fclke. Halbuki arazilerimiz Avrupa\u2019ya oranla daha ufak. Y\u00fczde y\u00fcz iyi planlama yap\u0131yoruz diyemiyoruz hala. \u00d6rg\u00fctlenme konusunda Avrupa\u2019n\u0131n bir\u00e7ok \u00fclkesinden daha gerideyiz.\u201d<\/p>\n<p>Helal g\u0131da konusunda da \u015fu an da istenilen yerde olunmad\u0131\u011f\u0131n\u0131 s\u00f6yleyen Pakdemirli, \u201cBiraz daha \u00e7al\u0131\u015f\u0131rsak M\u00fcsl\u00fcman d\u00fcnyas\u0131ndaki helal g\u0131day\u0131 domine etme \u015fans\u0131m\u0131z olabilir\u201d dedi.<\/p>\n<p>Daha sonra Bakan Pakdemirli toplant\u0131ya kat\u0131lan i\u015fverenlerle kar\u015f\u0131la\u015ft\u0131klar\u0131 sorunlar\u0131 dinleyerek, sorulan sorular\u0131 yan\u0131tlad\u0131.<\/p>\n","protected":false},"excerpt":{"rendered":"<p>TARIM VE ORMAN BAKANI BEK\u0130R PAKDEM\u0130RL\u0130, ALMANYA&#8217;NIN D\u00dcSSELDORF KENT\u0130NDE T\u00dcRK \u0130\u015e ADAMLARIYLA B\u0130R ARAYA GELD\u0130.<\/p>\n","protected":false},"author":1,"featured_media":257703,"comment_status":"closed","ping_status":"open","sticky":false,"template":"","format":"standard","meta":{"jetpack_post_was_ever_published":false,"_jetpack_newsletter_access":"","_jetpack_dont_email_post_to_subs":false,"_jetpack_newsletter_tier_id":0,"_jetpack_memberships_contains_paywalled_content":false,"_jetpack_memberships_contains_paid_content":false,"footnotes":"","jetpack_publicize_message":"","jetpack_publicize_feature_enabled":true,"jetpack_social_post_already_shared":true,"jetpack_social_options":{"image_generator_settings":{"template":"highway","default_image_id":0,"font":"","enabled":false},"version":2}},"categories":[10],"tags":[7522,126,742,125,127,432,3491,957],"class_list":["post-257702","post","type-post","status-publish","format-standard","has-post-thumbnail","hentry","category-dunya","tag-adamlariyla","tag-araya","tag-bakan","tag-bir","tag-geldi","tag-is","tag-pakdemirli","tag-turk"],"jetpack_publicize_connections":[],"jetpack_featured_media_url":"https:\/\/i0.wp.com\/www.tvturk.com\/wp-content\/uploads\/2020\/01\/bakan-pakdemirli-turk-is-adamlariyla-bir-araya-geldi_9be8974.jpg?fit=1000%2C750","jetpack_sharing_enabled":true,"jetpack_shortlink":"https:\/\/wp.me\/paKIfm-152u","_links":{"self":[{"href":"http:\/\/www.tvturk.com\/index.php\/wp-json\/wp\/v2\/posts\/257702","targetHints":{"allow":["GET"]}}],"collection":[{"href":"http:\/\/www.tvturk.com\/index.php\/wp-json\/wp\/v2\/posts"}],"about":[{"href":"http:\/\/www.tvturk.com\/index.php\/wp-json\/wp\/v2\/types\/post"}],"author":[{"embeddable":true,"href":"http:\/\/www.tvturk.com\/index.php\/wp-json\/wp\/v2\/users\/1"}],"replies":[{"embeddable":true,"href":"http:\/\/www.tvturk.com\/index.php\/wp-json\/wp\/v2\/comments?post=257702"}],"version-history":[{"count":0,"href":"http:\/\/www.tvturk.com\/index.php\/wp-json\/wp\/v2\/posts\/257702\/revisions"}],"wp:featuredmedia":[{"embeddable":true,"href":"http:\/\/www.tvturk.com\/index.php\/wp-json\/wp\/v2\/media\/257703"}],"wp:attachment":[{"href":"http:\/\/www.tvturk.com\/index.php\/wp-json\/wp\/v2\/media?parent=257702"}],"wp:term":[{"taxonomy":"category","embeddable":true,"href":"http:\/\/www.tvturk.com\/index.php\/wp-json\/wp\/v2\/categories?post=257702"},{"taxonomy":"post_tag","embeddable":true,"href":"http:\/\/www.tvturk.com\/index.php\/wp-json\/wp\/v2\/tags?post=257702"}],"curies":[{"name":"wp","href":"https:\/\/api.w.org\/{rel}","templated":true}]}}