{"id":257720,"date":"2020-01-20T09:46:28","date_gmt":"2020-01-20T06:46:28","guid":{"rendered":"http:\/\/www.tvturk.com\/index.php\/ozel-kara-yoluna-cikan-domuz-surusunun-sasirtici-goruntusu\/"},"modified":"2020-01-20T09:46:28","modified_gmt":"2020-01-20T06:46:28","slug":"ozel-kara-yoluna-cikan-domuz-surusunun-sasirtici-goruntusu","status":"publish","type":"post","link":"http:\/\/www.tvturk.com\/index.php\/ozel-kara-yoluna-cikan-domuz-surusunun-sasirtici-goruntusu\/","title":{"rendered":"(\u00d6zel) Kara yoluna \u00e7\u0131kan domuz s\u00fcr\u00fcs\u00fcn\u00fcn \u015fa\u015f\u0131rt\u0131c\u0131 g\u00f6r\u00fcnt\u00fcs\u00fc"},"content":{"rendered":"<p>Denizli\u2019nin Serinhisar il\u00e7esinde onlarca domuzun kara yolunda ara\u00e7lara ald\u0131rmadan ko\u015fmas\u0131 amat\u00f6r kameralar taraf\u0131ndan kay\u0131t alt\u0131na al\u0131nd\u0131. \u0130lgin\u00e7 olayda baz\u0131 vatanda\u015flar\u0131n ise ka\u00e7\u0131\u015fan domuz s\u00fcr\u00fcs\u00fcn\u00fc korku dolu bak\u0131\u015flarla izledi\u011fi \u00f6\u011frenildi.<\/p>\n<p>Olay, Serinhisar-Y\u00fcre\u011fir Mahallesi aras\u0131ndaki Kapanl\u0131k mevkinde ge\u00e7ti\u011fimiz hafta meydana geldi. G\u00f6r\u00fcnt\u00fclerde, bir dolmu\u015f minib\u00fcs\u00fcndeki yolcular s\u00fcr\u00fcc\u00fcy\u00fc g\u00f6r\u00fcnce \u00f6nce \u015fa\u015f\u0131r\u0131yor ard\u0131ndan \u00e7e\u015fitli yorumlar yapmaya ba\u015fl\u0131yor. \u0130\u00e7erisinde yavrular\u0131n da bulundu\u011fu 20\u2019ye yak\u0131n domuzdan olu\u015fan s\u00fcr\u00fc, yolun bir \u015feridini kapatarak ko\u015fuyor. Ard\u0131ndan ise yol kenar\u0131ndaki tepelik alana \u00e7\u0131kmaya \u00e7al\u0131\u015farak yoldan uzakla\u015fmak istiyor. Bu s\u0131rada t\u0131rmanamayan baz\u0131 domuzlar\u0131n ise tepelik alandan kayarak d\u00fc\u015ft\u00fckleri g\u00f6r\u00fcl\u00fcyor.<\/p>\n<p>Olay\u0131 g\u00f6ren Alp Hasan Acar ise ilk ba\u015fta g\u00f6zler inanamad\u0131klar\u0131n\u0131 kaydederek daha sonra dolmu\u015ftakilerle birlikte cep telefonlar\u0131na sar\u0131larak, ka\u00e7\u0131\u015fan domuz s\u00fcr\u00fcs\u00fcn\u00fc \u00e7ekmeye ba\u015flad\u0131klar\u0131n\u0131 ifade etti. Acar, \u201cS\u00fcr\u00fcy\u00fc g\u00f6r\u00fcnce \u00e7ok \u015fa\u015f\u0131rd\u0131k ve korktuk. Allah\u2019a \u015f\u00fck\u00fcr kaza olmad\u0131. Bu manzaraya \u00e7o\u011fu zaman rastlar\u0131z. So\u011fuk havalarda yiyecek bulamad\u0131klar\u0131nda b\u00f6yle yerle\u015fim yerlerine do\u011fru inerler ve b\u00f6yle g\u00f6r\u00fcr\u00fcz zaman zaman\u201d dedi.<\/p>\n","protected":false},"excerpt":{"rendered":"<p>DEN\u0130ZL\u0130\u2019N\u0130N SER\u0130NH\u0130SAR \u0130L\u00c7ES\u0130NDE KARA YOLUNDA ONLARCA DOMUZ G\u00d6R\u00dcLD\u00dc.<\/p>\n","protected":false},"author":1,"featured_media":257721,"comment_status":"closed","ping_status":"open","sticky":false,"template":"","format":"standard","meta":{"jetpack_post_was_ever_published":false,"_jetpack_newsletter_access":"","_jetpack_dont_email_post_to_subs":false,"_jetpack_newsletter_tier_id":0,"_jetpack_memberships_contains_paywalled_content":false,"_jetpack_memberships_contains_paid_content":false,"footnotes":"","jetpack_publicize_message":"","jetpack_publicize_feature_enabled":true,"jetpack_social_post_already_shared":true,"jetpack_social_options":{"image_generator_settings":{"template":"highway","default_image_id":0,"font":"","enabled":false},"version":2}},"categories":[1],"tags":[1073,2114,11006,9905,2053,63662,63661,17653],"class_list":["post-257720","post","type-post","status-publish","format-standard","has-post-thumbnail","hentry","category-genel","tag-ozel","tag-cikan","tag-domuz","tag-goruntusu","tag-kara","tag-sasirtici","tag-surusunun","tag-yoluna"],"jetpack_publicize_connections":[],"jetpack_featured_media_url":"https:\/\/i0.wp.com\/www.tvturk.com\/wp-content\/uploads\/2020\/01\/ozel-kara-yoluna-cikan-domuz-surusunun-sasirtici-goruntusu_6fbb107.jpg?fit=1000%2C566","jetpack_sharing_enabled":true,"jetpack_shortlink":"https:\/\/wp.me\/paKIfm-152M","_links":{"self":[{"href":"http:\/\/www.tvturk.com\/index.php\/wp-json\/wp\/v2\/posts\/257720","targetHints":{"allow":["GET"]}}],"collection":[{"href":"http:\/\/www.tvturk.com\/index.php\/wp-json\/wp\/v2\/posts"}],"about":[{"href":"http:\/\/www.tvturk.com\/index.php\/wp-json\/wp\/v2\/types\/post"}],"author":[{"embeddable":true,"href":"http:\/\/www.tvturk.com\/index.php\/wp-json\/wp\/v2\/users\/1"}],"replies":[{"embeddable":true,"href":"http:\/\/www.tvturk.com\/index.php\/wp-json\/wp\/v2\/comments?post=257720"}],"version-history":[{"count":0,"href":"http:\/\/www.tvturk.com\/index.php\/wp-json\/wp\/v2\/posts\/257720\/revisions"}],"wp:featuredmedia":[{"embeddable":true,"href":"http:\/\/www.tvturk.com\/index.php\/wp-json\/wp\/v2\/media\/257721"}],"wp:attachment":[{"href":"http:\/\/www.tvturk.com\/index.php\/wp-json\/wp\/v2\/media?parent=257720"}],"wp:term":[{"taxonomy":"category","embeddable":true,"href":"http:\/\/www.tvturk.com\/index.php\/wp-json\/wp\/v2\/categories?post=257720"},{"taxonomy":"post_tag","embeddable":true,"href":"http:\/\/www.tvturk.com\/index.php\/wp-json\/wp\/v2\/tags?post=257720"}],"curies":[{"name":"wp","href":"https:\/\/api.w.org\/{rel}","templated":true}]}}