{"id":257728,"date":"2020-01-20T10:01:55","date_gmt":"2020-01-20T07:01:55","guid":{"rendered":"http:\/\/www.tvturk.com\/index.php\/sivas-beyaza-burundu-483-koy-yolu-ulasima-kapali\/"},"modified":"2020-01-20T10:01:55","modified_gmt":"2020-01-20T07:01:55","slug":"sivas-beyaza-burundu-483-koy-yolu-ulasima-kapali","status":"publish","type":"post","link":"http:\/\/www.tvturk.com\/index.php\/sivas-beyaza-burundu-483-koy-yolu-ulasima-kapali\/","title":{"rendered":"Sivas beyaza b\u00fcr\u00fcnd\u00fc, 483 k\u00f6y yolu ula\u015f\u0131ma kapal\u0131"},"content":{"rendered":"<p>Sivas\u2019ta ge\u00e7ti\u011fimiz g\u00fcn ak\u015fam saatlerinden itibaren etkisini hissettiren kar ya\u011f\u0131\u015f\u0131 kent merkezini beyaza b\u00fcr\u00fcrken, 483 k\u00f6y yolunu ara\u00e7 ula\u015f\u0131m\u0131na kapatt\u0131.<\/p>\n<p>Sivas\u2019ta ge\u00e7ti\u011fimiz g\u00fcn ba\u015flayan kar ya\u011f\u0131\u015f\u0131 ak\u015fam saatlerinden itibaren etkisini artt\u0131r\u0131nca Sivasl\u0131lar g\u00fcne beyaz \u00f6rt\u00fc alt\u0131nda ba\u015flad\u0131. \u0130l \u00d6zel \u0130daresi ekipleri g\u00fcn\u00fcn ilk saatlerinden itibaren kapanan yollar\u0131n a\u00e7\u0131lmas\u0131 i\u00e7in \u00e7al\u0131\u015fma ba\u015flatt\u0131. Vatanda\u015flar karla kaplanan ara\u00e7lar\u0131n\u0131 ve i\u015f yerlerinin \u00f6n\u00fcn\u00fc temizledi. Sivas Belediyesi ekiplerinin cadde ve ara sokaklarda kar temizleme \u00e7al\u0131\u015fmalar\u0131 aral\u0131ks\u0131z devam ediyor.<\/p>\n","protected":false},"excerpt":{"rendered":"<p>S\u0130VAS\u2019TA GE\u00c7T\u0130\u011e\u0130M\u0130Z G\u00dcN AK\u015eAM SAATLER\u0130NDEN \u0130T\u0130BAREN ETK\u0130S\u0130N\u0130 H\u0130SSETT\u0130REN KAR YA\u011eI\u015eI KENT MERKEZ\u0130N\u0130 BEYAZA B\u00dcR\u00dcRKEN, 483 K\u00d6Y YOLUNU ARA\u00c7 ULA\u015eIMINA KAPATTI.<\/p>\n","protected":false},"author":1,"featured_media":257729,"comment_status":"closed","ping_status":"open","sticky":false,"template":"","format":"standard","meta":{"jetpack_post_was_ever_published":false,"_jetpack_newsletter_access":"","_jetpack_dont_email_post_to_subs":false,"_jetpack_newsletter_tier_id":0,"_jetpack_memberships_contains_paywalled_content":false,"_jetpack_memberships_contains_paid_content":false,"footnotes":"","jetpack_publicize_message":"","jetpack_publicize_feature_enabled":true,"jetpack_social_post_already_shared":true,"jetpack_social_options":{"image_generator_settings":{"template":"highway","default_image_id":0,"font":"","enabled":false},"version":2}},"categories":[1],"tags":[63664,12128,5132,2004,1703,4247,1263,1262],"class_list":["post-257728","post","type-post","status-publish","format-standard","has-post-thumbnail","hentry","category-genel","tag-63664","tag-beyaza","tag-burundu","tag-kapali","tag-koy","tag-sivas","tag-ulasima","tag-yolu"],"jetpack_publicize_connections":[],"jetpack_featured_media_url":"https:\/\/i0.wp.com\/www.tvturk.com\/wp-content\/uploads\/2020\/01\/sivas-beyaza-burundu-483-koy-yolu-ulasima-kapali_51a19d8.jpg?fit=1000%2C928","jetpack_sharing_enabled":true,"jetpack_shortlink":"https:\/\/wp.me\/paKIfm-152U","_links":{"self":[{"href":"http:\/\/www.tvturk.com\/index.php\/wp-json\/wp\/v2\/posts\/257728","targetHints":{"allow":["GET"]}}],"collection":[{"href":"http:\/\/www.tvturk.com\/index.php\/wp-json\/wp\/v2\/posts"}],"about":[{"href":"http:\/\/www.tvturk.com\/index.php\/wp-json\/wp\/v2\/types\/post"}],"author":[{"embeddable":true,"href":"http:\/\/www.tvturk.com\/index.php\/wp-json\/wp\/v2\/users\/1"}],"replies":[{"embeddable":true,"href":"http:\/\/www.tvturk.com\/index.php\/wp-json\/wp\/v2\/comments?post=257728"}],"version-history":[{"count":0,"href":"http:\/\/www.tvturk.com\/index.php\/wp-json\/wp\/v2\/posts\/257728\/revisions"}],"wp:featuredmedia":[{"embeddable":true,"href":"http:\/\/www.tvturk.com\/index.php\/wp-json\/wp\/v2\/media\/257729"}],"wp:attachment":[{"href":"http:\/\/www.tvturk.com\/index.php\/wp-json\/wp\/v2\/media?parent=257728"}],"wp:term":[{"taxonomy":"category","embeddable":true,"href":"http:\/\/www.tvturk.com\/index.php\/wp-json\/wp\/v2\/categories?post=257728"},{"taxonomy":"post_tag","embeddable":true,"href":"http:\/\/www.tvturk.com\/index.php\/wp-json\/wp\/v2\/tags?post=257728"}],"curies":[{"name":"wp","href":"https:\/\/api.w.org\/{rel}","templated":true}]}}