{"id":257748,"date":"2020-01-20T10:17:05","date_gmt":"2020-01-20T07:17:05","guid":{"rendered":"http:\/\/www.tvturk.com\/index.php\/izmir-ekonomili-profesorun-enerji-projesine-ab-destegi\/"},"modified":"2020-01-20T10:17:05","modified_gmt":"2020-01-20T07:17:05","slug":"izmir-ekonomili-profesorun-enerji-projesine-ab-destegi","status":"publish","type":"post","link":"http:\/\/www.tvturk.com\/index.php\/izmir-ekonomili-profesorun-enerji-projesine-ab-destegi\/","title":{"rendered":"\u0130zmir Ekonomili profes\u00f6r\u00fcn \u2018enerji\u2019 projesine AB deste\u011fi"},"content":{"rendered":"<p>\u0130zmir Ekonomi \u00dcniversitesinden (\u0130E\u00dc) Prof. Dr. Mehmet Efe Biresselio\u011flu\u2019nun enerji \u00fcretiminde yenilenebilir kaynaklar\u0131n ve \u201cd\u00fc\u015f\u00fck karbon\u201d teknolojisinin kullan\u0131lmas\u0131n\u0131 te\u015fvik etmek amac\u0131yla, 5 \u00fclkeden akademisyenler ile birlikte geli\u015ftirdi\u011fi projeye, Avrupa Birli\u011finden (AB) destek geldi.<\/p>\n<p>Avrupa Komisyonu taraf\u0131ndan kabul edilerek \u00f6zel bir fon ayr\u0131lan projede ortak y\u00fcr\u00fct\u00fcc\u00fc g\u00f6revini \u00fcstlenen \u0130zmir Ekonomi \u00dcniversitesinden (\u0130E\u00dc) Prof. Dr. Mehmet Efe Biresselio\u011flu, Avrupa\u2019da enerji alan\u0131nda bug\u00fcne kadar yap\u0131lan t\u00fcm projelere ili\u015fkin verileri bir araya getirecek. Ard\u0131ndan da bilim insanlar\u0131n\u0131n bu bilgilere internet \u00fczerinden rahatl\u0131kla ula\u015fabilece\u011fi bir platform olu\u015fturulacak. Prof. Dr. Biresselio\u011flu, \u00fclkelerin gelecekteki enerji politikalar\u0131n\u0131n nas\u0131l olmas\u0131 gerekti\u011fine de \u0131\u015f\u0131k tutacak. \u0130E\u00dc S\u00fcrd\u00fcr\u00fclebilir Enerji Anabilim Dal\u0131 Ba\u015fkan\u0131 Prof. Dr. Mehmet Efe Biresselio\u011flu, proje kapsam\u0131nda Norve\u00e7, Avusturya, \u0130talya, Bel\u00e7ika ve Polonya\u2019daki meslekta\u015flar\u0131yla birlikte \u00e7al\u0131\u015facak. 6 farkl\u0131 \u00fclkede \u00e7al\u0131\u015ftay d\u00fczenleyecek \u00f6zel ekip, enerji alan\u0131nda Avrupa \u00fclkelerinde bug\u00fcne kadar yap\u0131lan \u00e7al\u0131\u015fmalar\u0131 titizlikle inceleyecek. Bili\u015fim ve ileti\u015fim teknolojilerinden yararlan\u0131lacak projede, yenilenebilir enerji kaynaklar\u0131na y\u00f6nelik detaylar ve sa\u011flad\u0131\u011f\u0131 avantajlara ili\u015fkin bilgiler de yer alacak. Proje, \u00fclkelerin \u00e7evreye duyarl\u0131 bir enerji politikas\u0131 ger\u00e7ekle\u015ftirmesine de zemin haz\u0131rlayacak. Projede, enerji alan\u0131nda ne tarz \u00e7al\u0131\u015fmalar\u0131n yap\u0131ld\u0131\u011f\u0131, teknolojik olarak hangi imkanlar\u0131n kullan\u0131ld\u0131\u011f\u0131 da detayl\u0131 olarak belirlenmi\u015f olacak. Prof. Dr. Biresselio\u011flu\u2019na \u00e7al\u0131\u015fmalar\u0131nda, ara\u015ft\u0131rmac\u0131 olarak \u0130E\u00dc Lojistik Y\u00f6netimi B\u00f6l\u00fcm Ba\u015fkan\u0131 Do\u00e7. Dr. Muhittin Hakan Demir de destek verecek.<\/p>\n<p>&#8220;Proje i\u00e7in \u00f6zel fon kazan\u0131ld\u0131&#8221;<\/p>\n<p>Prof. Dr. Biresselio\u011flu, Avrupa Komisyonunun projeyi \u00e7ok \u00f6nemsedi\u011fini ve \u00e7al\u0131\u015fman\u0131n hayata ge\u00e7mesi i\u00e7in rekabetin olduk\u00e7a y\u00fcksek oldu\u011fu \u201cUfuk 2020\u201d program\u0131 kapsam\u0131nda \u00f6zel bir fon kazan\u0131ld\u0131\u011f\u0131n\u0131 s\u00f6yledi. Enerji alan\u0131ndaki t\u00fcm verileri toplarken, sosyo-ekonomik ve \u00e7evresel \u00f6zellikleri de g\u00f6z \u00f6n\u00fcnde bulunduracaklar\u0131n\u0131 vurgulayan Prof. Dr. Biresselio\u011flu, \u201cAvrupa\u2019da, enerji alan\u0131nda pek \u00e7ok \u00e7al\u0131\u015fma var. Ancak bunlar\u0131n hepsi ayr\u0131 yerlerde ve par\u00e7a par\u00e7a. Ula\u015f\u0131lmak istendi\u011finde zorluk ya\u015fan\u0131yor. Enerji alan\u0131ndaki \u00e7al\u0131\u015fmalar, i\u00e7inde bulundu\u011fumuz \u00e7a\u011fda b\u00fcy\u00fck \u00f6nem ta\u015f\u0131yor. Avrupa Komisyonunun deste\u011fiyle yapaca\u011f\u0131m\u0131z proje kapsam\u0131nda, enerji alan\u0131ndaki \u00e7al\u0131\u015fmalara herkesin d\u00fczenli ve kesintisiz eri\u015fim sa\u011flayaca\u011f\u0131 bir platform kuraca\u011f\u0131z. Say\u0131sal ve s\u00f6zel verilere de yer verece\u011fiz. Bilim insanlar\u0131n\u0131n, enerji alan\u0131nda analitik de\u011ferlendirme yapmas\u0131 i\u00e7in onlara g\u00fc\u00e7l\u00fc bir destek sa\u011flam\u0131\u015f olaca\u011f\u0131z. B\u00f6ylesine \u00f6nemli bir projede g\u00f6rev almak, elbette gurur verici. \u00c7al\u0131\u015fmalar\u0131 en k\u0131sa s\u00fcrede ba\u015flataca\u011f\u0131z\u201d dedi.<\/p>\n","protected":false},"excerpt":{"rendered":"<p>\u0130ZM\u0130R EKONOM\u0130 \u00dcN\u0130VERS\u0130TES\u0130NDEN (\u0130E\u00dc) PROF. DR. MEHMET EFE B\u0130RESSEL\u0130O\u011eLU\u2019NUN ENERJ\u0130 \u00dcRET\u0130M\u0130NDE YEN\u0130LENEB\u0130L\u0130R KAYNAKLARIN VE \u201cD\u00dc\u015e\u00dcK KARBON\u201d TEKNOLOJ\u0130S\u0130N\u0130N KULLANILMASINI TE\u015eV\u0130K ETMEK AMACIYLA, 5 \u00dcLKEDEN AKADEM\u0130SYENLER \u0130LE B\u0130RL\u0130KTE GEL\u0130\u015eT\u0130RD\u0130\u011e\u0130 PROJEYE, AVRUPA B\u0130RL\u0130\u011e\u0130NDEN (AB) DESTEK GELD\u0130.<\/p>\n","protected":false},"author":1,"featured_media":257749,"comment_status":"closed","ping_status":"open","sticky":false,"template":"","format":"standard","meta":{"jetpack_post_was_ever_published":false,"_jetpack_newsletter_access":"","_jetpack_dont_email_post_to_subs":false,"_jetpack_newsletter_tier_id":0,"_jetpack_memberships_contains_paywalled_content":false,"_jetpack_memberships_contains_paid_content":false,"footnotes":"","jetpack_publicize_message":"","jetpack_publicize_feature_enabled":true,"jetpack_social_post_already_shared":true,"jetpack_social_options":{"image_generator_settings":{"template":"highway","default_image_id":0,"font":"","enabled":false},"version":2}},"categories":[24],"tags":[53,11221,1387,2702,19656,706],"class_list":["post-257748","post","type-post","status-publish","format-standard","has-post-thumbnail","hentry","category-teknoloji","tag-destegi","tag-ekonomili","tag-enerji","tag-izmir","tag-profesorun","tag-projesine"],"jetpack_publicize_connections":[],"jetpack_featured_media_url":"https:\/\/i0.wp.com\/www.tvturk.com\/wp-content\/uploads\/2020\/01\/izmir-ekonomili-profesorun-enerji-projesine-ab-destegi_44c9d42.jpg?fit=1000%2C666","jetpack_sharing_enabled":true,"jetpack_shortlink":"https:\/\/wp.me\/paKIfm-153e","_links":{"self":[{"href":"http:\/\/www.tvturk.com\/index.php\/wp-json\/wp\/v2\/posts\/257748","targetHints":{"allow":["GET"]}}],"collection":[{"href":"http:\/\/www.tvturk.com\/index.php\/wp-json\/wp\/v2\/posts"}],"about":[{"href":"http:\/\/www.tvturk.com\/index.php\/wp-json\/wp\/v2\/types\/post"}],"author":[{"embeddable":true,"href":"http:\/\/www.tvturk.com\/index.php\/wp-json\/wp\/v2\/users\/1"}],"replies":[{"embeddable":true,"href":"http:\/\/www.tvturk.com\/index.php\/wp-json\/wp\/v2\/comments?post=257748"}],"version-history":[{"count":0,"href":"http:\/\/www.tvturk.com\/index.php\/wp-json\/wp\/v2\/posts\/257748\/revisions"}],"wp:featuredmedia":[{"embeddable":true,"href":"http:\/\/www.tvturk.com\/index.php\/wp-json\/wp\/v2\/media\/257749"}],"wp:attachment":[{"href":"http:\/\/www.tvturk.com\/index.php\/wp-json\/wp\/v2\/media?parent=257748"}],"wp:term":[{"taxonomy":"category","embeddable":true,"href":"http:\/\/www.tvturk.com\/index.php\/wp-json\/wp\/v2\/categories?post=257748"},{"taxonomy":"post_tag","embeddable":true,"href":"http:\/\/www.tvturk.com\/index.php\/wp-json\/wp\/v2\/tags?post=257748"}],"curies":[{"name":"wp","href":"https:\/\/api.w.org\/{rel}","templated":true}]}}