{"id":257808,"date":"2020-01-20T11:33:00","date_gmt":"2020-01-20T08:33:00","guid":{"rendered":"http:\/\/www.tvturk.com\/index.php\/ozel-ilac-almak-icin-eczaneye-gidince-sok-oldu\/"},"modified":"2020-01-20T11:33:00","modified_gmt":"2020-01-20T08:33:00","slug":"ozel-ilac-almak-icin-eczaneye-gidince-sok-oldu","status":"publish","type":"post","link":"http:\/\/www.tvturk.com\/index.php\/ozel-ilac-almak-icin-eczaneye-gidince-sok-oldu\/","title":{"rendered":"(\u00d6zel) \u0130la\u00e7 almak i\u00e7in eczaneye gidince \u015fok oldu"},"content":{"rendered":"<p>Sultangazi\u2019de hasta olan \u00e7ocu\u011funa ila\u00e7lar\u0131n\u0131 almak i\u00e7in eczaneye giden baba Veysel I\u015f\u0131k hayat\u0131n\u0131n \u015fokunu ya\u015fad\u0131. Kay\u0131tlarda \u00e7ocu\u011fu Cebrail I\u015f\u0131k\u2019\u0131n aylard\u0131r hastaneye yat\u0131yor g\u00f6r\u00fcnd\u00fc\u011f\u00fcn\u00fc \u00f6\u011frenen baba, ila\u00e7lar\u0131 alamadan geri d\u00f6nd\u00fc. \u015eok ya\u015fayan baba, ila\u00e7lar\u0131 alabilmek i\u00e7in hatan\u0131n d\u00fczeltilmesini bekliyor.<\/p>\n<p>\u0130stanbul Sultangazi\u2019de ya\u015fayan Veysel I\u015f\u0131k, hastalanan o\u011flu Cebrail I\u015f\u0131k\u2019\u0131 aile hekimine g\u00f6t\u00fcrerek muayene ettirdi. Aile hekiminin yazd\u0131\u011f\u0131 re\u00e7eteyle eczaneye ila\u00e7 almaya gidince hayat\u0131n\u0131n \u015fokunu ya\u015fad\u0131. Eline verilen ka\u011f\u0131tta \u201cHasta re\u00e7ete tarihinde \u0130stanbul Haseki E\u011fitim ve Ara\u015ft\u0131rma Hastanesi adl\u0131 tesiste yatarak tedavi g\u00f6r\u00fcyor\u201d yazan baba Veysel I\u015f\u0131k, ila\u00e7lar\u0131 alamadan d\u00f6nd\u00fc. Hastaneye giderek konuyu ara\u015ft\u0131ran I\u015f\u0131k, o\u011flunun 18 Haziran 2019 tarihinden beri hastanede yatarak tedavi g\u00f6r\u00fcyor oldu\u011funu \u00f6\u011frendi.<\/p>\n<p>7 ayd\u0131r hastanede yat\u0131yor g\u00f6r\u00fcl\u00fcyor<\/p>\n<p>\u0130la\u00e7lar\u0131n\u0131 alabilmesi i\u00e7in yap\u0131lan hatan\u0131n d\u00fczeltilmesi gerekti\u011fini s\u00f6yleyen baba Veysel I\u015f\u0131k, \u201c\u00c7ocu\u011fum ak\u015fam hastaland\u0131 sabah aile hekimine g\u00f6t\u00fcrd\u00fck. \u0130la\u00e7 yazd\u0131lar. \u0130lac\u0131 almaya gitti\u011fimde eczac\u0131 vermedi. Sebep olarak verdi\u011fi ka\u011f\u0131tta aynen b\u00f6yle yaz\u0131yor. \u2019Hasta re\u00e7ete tarihinde \u0130stanbul Haseki E\u011fitim ve Ara\u015ft\u0131rma Hastanesi adl\u0131 tesiste yatarak tedavi g\u00f6r\u00fcyor.\u2019 Ben de bunu ara\u015ft\u0131rmak i\u00e7in hastaneye gittim. 2019 y\u0131l\u0131 6. ay\u0131n 18\u2019inden bu yana orada tedavi g\u00f6rd\u00fc\u011f\u00fc g\u00f6r\u00fcl\u00fcyor. \u015eu an \u00e7ocu\u011fa ila\u00e7lar\u0131n\u0131 alamad\u0131m. \u00c7\u00fcnk\u00fc bunun kald\u0131r\u0131lmas\u0131 laz\u0131m ondan sonra ilac\u0131 almam gerekiyor\u201d dedi.<\/p>\n<p>Hastalan\u0131p ila\u00e7 almaya gidince \u015fok ya\u015fayan Cebrail I\u015f\u0131k, \u201cBo\u011faz\u0131m \u00e7ok a\u011fr\u0131yordu. Hastaneye gittik. Eczaneden ila\u00e7lar\u0131 alaca\u011f\u0131m\u0131z zaman bize ila\u00e7lar\u0131 veremiyoruz bu \u00e7ocuk 2019 y\u0131l\u0131ndan beri Haseki Hastanesinde yat\u0131yor g\u00f6r\u00fcl\u00fcyor dediler\u201d diye konu\u015ftu.<\/p>\n","protected":false},"excerpt":{"rendered":"<p>SULTANGAZ\u0130\u2019DE HASTA OLAN \u00c7OCU\u011eUNUN \u0130LA\u00c7LARINI ALMAK \u0130\u00c7\u0130N ECZANEYE G\u0130DEN BABA VEYSEL I\u015eIK HAYATININ \u015eOKUNU YA\u015eADI<\/p>\n","protected":false},"author":1,"featured_media":257809,"comment_status":"closed","ping_status":"open","sticky":false,"template":"","format":"standard","meta":{"jetpack_post_was_ever_published":false,"_jetpack_newsletter_access":"","_jetpack_dont_email_post_to_subs":false,"_jetpack_newsletter_tier_id":0,"_jetpack_memberships_contains_paywalled_content":false,"_jetpack_memberships_contains_paid_content":false,"footnotes":"","jetpack_publicize_message":"","jetpack_publicize_feature_enabled":true,"jetpack_social_post_already_shared":true,"jetpack_social_options":{"image_generator_settings":{"template":"highway","default_image_id":0,"font":"","enabled":false},"version":2}},"categories":[1],"tags":[1073,7122,63676,27676,44,3712,77,8402],"class_list":["post-257808","post","type-post","status-publish","format-standard","has-post-thumbnail","hentry","category-genel","tag-ozel","tag-almak","tag-eczaneye","tag-gidince","tag-icin","tag-ilac","tag-oldu","tag-sok"],"jetpack_publicize_connections":[],"jetpack_featured_media_url":"https:\/\/i0.wp.com\/www.tvturk.com\/wp-content\/uploads\/2020\/01\/ozel-ilac-almak-icin-eczaneye-gidince-sok-oldu_baf6850.jpg?fit=1000%2C750","jetpack_sharing_enabled":true,"jetpack_shortlink":"https:\/\/wp.me\/paKIfm-154c","_links":{"self":[{"href":"http:\/\/www.tvturk.com\/index.php\/wp-json\/wp\/v2\/posts\/257808","targetHints":{"allow":["GET"]}}],"collection":[{"href":"http:\/\/www.tvturk.com\/index.php\/wp-json\/wp\/v2\/posts"}],"about":[{"href":"http:\/\/www.tvturk.com\/index.php\/wp-json\/wp\/v2\/types\/post"}],"author":[{"embeddable":true,"href":"http:\/\/www.tvturk.com\/index.php\/wp-json\/wp\/v2\/users\/1"}],"replies":[{"embeddable":true,"href":"http:\/\/www.tvturk.com\/index.php\/wp-json\/wp\/v2\/comments?post=257808"}],"version-history":[{"count":0,"href":"http:\/\/www.tvturk.com\/index.php\/wp-json\/wp\/v2\/posts\/257808\/revisions"}],"wp:featuredmedia":[{"embeddable":true,"href":"http:\/\/www.tvturk.com\/index.php\/wp-json\/wp\/v2\/media\/257809"}],"wp:attachment":[{"href":"http:\/\/www.tvturk.com\/index.php\/wp-json\/wp\/v2\/media?parent=257808"}],"wp:term":[{"taxonomy":"category","embeddable":true,"href":"http:\/\/www.tvturk.com\/index.php\/wp-json\/wp\/v2\/categories?post=257808"},{"taxonomy":"post_tag","embeddable":true,"href":"http:\/\/www.tvturk.com\/index.php\/wp-json\/wp\/v2\/tags?post=257808"}],"curies":[{"name":"wp","href":"https:\/\/api.w.org\/{rel}","templated":true}]}}